{"id":1447,"date":"2020-06-14T09:03:00","date_gmt":"2020-06-14T05:03:00","guid":{"rendered":"https:\/\/restonsunis.com\/?p=1447"},"modified":"2020-06-15T09:07:53","modified_gmt":"2020-06-15T05:07:53","slug":"jour-80-des-100-jours-de-priere","status":"publish","type":"post","link":"https:\/\/restonsunis.com\/index.php\/2020\/06\/14\/jour-80-des-100-jours-de-priere\/","title":{"rendered":"Jour 80 des 100 jours de pri\u00e8re"},"content":{"rendered":"<p><strong>Sujets de Pri\u00e8re du Dimanche 14 juin 2020<\/strong><\/p>\n<p><strong>Gu\u00e9rison Physique<\/strong><\/p>\n<p>\u00ab <em>L&#8217;\u00c9ternel le soutient sur son lit de douleur; Tu le soulages dans toutes ses maladies. <\/em>\u00bb \u2013 Psaume 41:3<\/p>\n<p>\u00ab <em>. . . Christ est encore le m\u00e9decin compatissant comme au cours de son minist\u00e8re terrestre. <\/em><em>En Lui se trouve un baume pour toutes les maladies, une puissance de gu\u00e9rison pour toutes les infirmit\u00e9s. Ses disciples actuels doivent prier pour la gu\u00e9rison des malades comme l&#8217;ont fait ceux d&#8217;autrefois, et leur requ\u00eate sera exauc\u00e9e, car <\/em>\u00ab <em>la pri\u00e8re de la foi sauvera le malade<\/em>\u00bb<em>. La puissance du Saint-Esprit est \u00e0 notre disposition, et la calme assurance de la foi peut se pr\u00e9valoir des promesses divines. Le Seigneur n&#8217;a-t-il pas dit: <\/em>\u00ab <em>Ils imposeront les mains aux malades, et les malades seront gu\u00e9ris <\/em>\u00bb<em>? Marc 16:18. Ces paroles sont aussi dignes de confiance qu&#8217;aux jours des ap\u00f4tres. C&#8217;est un privil\u00e8ge que notre foi devrait s&#8217;approprier. <\/em>\u00bb \u2013 Le Minist\u00e8re de la Gu\u00e9rison, p. 193<\/p>\n<p><strong>QUESTIONS \u00c0 M\u00c9DITER :<\/strong><\/p>\n<p>Dieu a le pouvoir de gu\u00e9rir chaque maladie par une seule parole. Il a promis que tous ceux qui croient en Lui seront gu\u00e9ris. Que cela se produise dans cette vie ou finalement \u00e0 la r\u00e9surrection, d\u00e9pend de Sa discr\u00e9tion et de Sa parfaite sagesse. Nous sommes encourag\u00e9s \u00e0 prier pour les malades avec foi en l&#8217;Omnipotent Gu\u00e9risseur. Souvent, nous ne consultons pas Sa capacit\u00e9 \u00e0 gu\u00e9rir avant d&#8217;avoir d&#8217;abord \u00e9puis\u00e9 toutes les options terrestres. Bien qu&#8217;il soit important de faire tout ce que nous pouvons pour pr\u00e9venir la maladie et la traiter, nous devrions toujours aller d&#8217;abord \u00e0 Dieu et chercher Sa direction lorsque nous traitons la maladie.<\/p>\n<p>Croyez-vous en la puissance de Dieu pour gu\u00e9rir ? Croyez-vous qu&#8217;Il sait mieux quand gu\u00e9rir et quand ne pas gu\u00e9rir ? \u00cates-vous pr\u00eat \u00e0 remettre votre vie entre Ses mains en temps de sant\u00e9 afin de rester fid\u00e8le en temps de maladie ? Accepterez-vous Sa gu\u00e9rison lorsqu&#8217;elle prendra la forme d&#8217;un changement de mode de vie ?<\/p>\n<p><strong>SUJETS DE GRATITUDE :<\/strong><\/p>\n<ul>\n<li>L&#8217;\u00c9glise Adventiste a pu recruter plus de 10 600 missionnaires num\u00e9riques en quelques jours seulement. En cons\u00e9quence, le contenu des \u00e9tudes bibliques Adventistes est tendance et appara\u00eet en t\u00eate de liste dans les r\u00e9sultats de recherche sur Google et YouTube.<\/li>\n<li>Aux Philippines, des centaines de jeunes prient dans des groupes de pri\u00e8re massifs et des cha\u00eenes de pri\u00e8re en ligne. Un r\u00e9veil et des miracles ont lieu !<\/li>\n<\/ul>\n<p><strong>REQU\u00caTES DE PRI\u00c8RES :<\/strong><\/p>\n<ul>\n<li><strong>Prions <\/strong>pour plus de foi dans le pouvoir de gu\u00e9rison de Dieu. Prions pour avoir le pouvoir d&#8217;adopter un mode de vie sain.<\/li>\n<li><strong>Prions <\/strong>pour les \u00e9coles Adventistes du monde entier qui sont confront\u00e9es aux retomb\u00e9es du COVID-19 et qui doivent trouver des moyens cr\u00e9atifs pour pouvoir continuer \u00e0 enseigner et faire fonctionner leurs \u00e9coles apr\u00e8s les vacances d&#8217;\u00e9t\u00e9.<\/li>\n<li><strong>Prions <\/strong>pour la Mission du Gabon qui organise une conf\u00e9rence biblique en direct sur Facebook et YouTube jusqu&#8217;au 26 juin. Prions pour que le Seigneur dirige le programme et touche les coeurs de ceux qui l&#8217;\u00e9coutent.<\/li>\n<li><strong>Prions <\/strong>pour la gu\u00e9rison et la restauration spirituelle de la famille de Soeur D. Son mari est atteint d&#8217;un my\u00e9lome multiple et sa foi est faible. Ses enfants ont quitt\u00e9 l&#8217;\u00e9glise et adopt\u00e9 un mode de vie non biblique. Ses parents sont handicap\u00e9s par la maladie.<\/li>\n<\/ul>\n","protected":false},"excerpt":{"rendered":"<p>Sujets de Pri\u00e8re du Dimanche 14 juin 2020 Gu\u00e9rison Physique \u00ab L&#8217;\u00c9ternel le soutient sur son lit&hellip;<\/p>\n","protected":false},"author":1,"featured_media":1448,"comment_status":"closed","ping_status":"open","sticky":false,"template":"","format":"standard","meta":{"footnotes":""},"categories":[13],"tags":[],"class_list":["post-1447","post","type-post","status-publish","format-standard","has-post-thumbnail","hentry","category-100-jours-de-priere"],"_links":{"self":[{"href":"https:\/\/restonsunis.com\/index.php\/wp-json\/wp\/v2\/posts\/1447","targetHints":{"allow":["GET"]}}],"collection":[{"href":"https:\/\/restonsunis.com\/index.php\/wp-json\/wp\/v2\/posts"}],"about":[{"href":"https:\/\/restonsunis.com\/index.php\/wp-json\/wp\/v2\/types\/post"}],"author":[{"embeddable":true,"href":"https:\/\/restonsunis.com\/index.php\/wp-json\/wp\/v2\/users\/1"}],"replies":[{"embeddable":true,"href":"https:\/\/restonsunis.com\/index.php\/wp-json\/wp\/v2\/comments?post=1447"}],"version-history":[{"count":1,"href":"https:\/\/restonsunis.com\/index.php\/wp-json\/wp\/v2\/posts\/1447\/revisions"}],"predecessor-version":[{"id":1449,"href":"https:\/\/restonsunis.com\/index.php\/wp-json\/wp\/v2\/posts\/1447\/revisions\/1449"}],"wp:featuredmedia":[{"embeddable":true,"href":"https:\/\/restonsunis.com\/index.php\/wp-json\/wp\/v2\/media\/1448"}],"wp:attachment":[{"href":"https:\/\/restonsunis.com\/index.php\/wp-json\/wp\/v2\/media?parent=1447"}],"wp:term":[{"taxonomy":"category","embeddable":true,"href":"https:\/\/restonsunis.com\/index.php\/wp-json\/wp\/v2\/categories?post=1447"},{"taxonomy":"post_tag","embeddable":true,"href":"https:\/\/restonsunis.com\/index.php\/wp-json\/wp\/v2\/tags?post=1447"}],"curies":[{"name":"wp","href":"https:\/\/api.w.org\/{rel}","templated":true}]}}