{"id":1453,"date":"2020-06-16T06:00:00","date_gmt":"2020-06-16T02:00:00","guid":{"rendered":"https:\/\/restonsunis.com\/?p=1453"},"modified":"2020-06-15T09:20:27","modified_gmt":"2020-06-15T05:20:27","slug":"jour-82-des-100-jours-de-priere","status":"publish","type":"post","link":"https:\/\/restonsunis.com\/index.php\/2020\/06\/16\/jour-82-des-100-jours-de-priere\/","title":{"rendered":"Jour 82 des 100 jours de pri\u00e8re"},"content":{"rendered":"<p><strong>Sujets de Pri\u00e8re du Mardi 16 <\/strong><strong>juin <\/strong><strong>2020<\/strong><\/p>\n<p><strong>Temp\u00e9rance<\/strong><\/p>\n<p>\u00ab <em>Je dis donc\u00a0: Marchez selon l&#8217;Esprit, et vous n&#8217;accomplirez pas les d\u00e9sirs de la chair. <\/em>\u00bb \u2013 Galates 5:16<\/p>\n<p>\u00ab <em>Si le pouvoir de l&#8217;app\u00e9tit sur l&#8217;esp\u00e8ce humaine a \u00e9t\u00e9 si consid\u00e9rable qu&#8217;il a contraint le Fils de Dieu \u00e0 je\u00fbner, en sa faveur, pendant pr\u00e8s de six semaines, quelle t\u00e2che le chr\u00e9tien n&#8217;a-t-il pas \u00e0 accomplir\u00a0? Toutefois, quelque s\u00e9v\u00e8re que soit l&#8217;\u00e9preuve, la victoire est certaine pour celui qui se confie en cette puissance divine qui a r\u00e9sist\u00e9 aux plus rudes assauts de Satan. Il recevra finalement la couronne de gloire dans le royaume de Dieu. <\/em>\u00bb \u2013 Conseils sur la Nutrition et les Aliments, 198.<\/p>\n<p><strong>QUESTIONS \u00c0 M\u00c9DITER :<\/strong><\/p>\n<p>Le p\u00e9ch\u00e9 a perturb\u00e9 et perturbe encore nos vies \u00e0 tous les niveaux. Le p\u00e9ch\u00e9 apporte un d\u00e9s\u00e9quilibre dans nos vies et conduit les \u00eatres humains \u00e0 aller vers les extr\u00eames. Dans le domaine de l&#8217;alimentation et du mode de vie, cela se traduit par divers probl\u00e8mes de sant\u00e9 qui ont des effets n\u00e9gatifs non seulement sur nous mais aussi sur les autres.<\/p>\n<p>Ce n&#8217;est que dans la connexion quotidienne avec le Saint-Esprit que nous pouvons trouver la force et la capacit\u00e9 de devenir temp\u00e9rant en toutes choses.<\/p>\n<p>Aujourd&#8217;hui, choisirez-vous de demander \u00e0 Dieu de vous permettre d&#8217;\u00eatre temp\u00e9rant dans votre alimentation, votre utilisation du temps, votre consommation de m\u00e9dias et votre mode de vie en g\u00e9n\u00e9ral ? Allez-vous vous emparer de Sa gr\u00e2ce et avoir confiance en Sa capacit\u00e9 \u00e0 vous donner la victoire, car vous ne comptez que sur Lui ?<\/p>\n<p><strong>SUJETS DE GRATITUDE :<\/strong><\/p>\n<ul>\n<li>Jay W. : \u00ab J&#8217;ai pri\u00e9 sp\u00e9cifiquement pour que Dieu m\u2019ouvre des opportunit\u00e9s de me connecter avec mes voisins pendant cette p\u00e9riode de pand\u00e9mie puisque je ne les connais pas vraiment. Dieu a r\u00e9pondu \u00e0 ma pri\u00e8re et j&#8217;ai pu \u00e9tablir un lien avec eux. Je sais qu&#8217;Il a un plan pour leur salut ! \u00bb<\/li>\n<li>D\u00e9but avril, la Radio Mondiale Adventiste, en collaboration avec l&#8217;Union de Moldavie, a organis\u00e9 des r\u00e9unions d&#8217;\u00e9vang\u00e9lisation sur Facebook, YouTube et Zoom. Vingt-huit pasteurs locaux de Moldavie ont commenc\u00e9 \u00e0 \u00e9mettre sur ces m\u00e9dias. En cons\u00e9quence, nous avons maintenant plus de 25.500 noms de personnes avec lesquelles nous assurons un suivi et plus de 40 personnes se sont inscrites \u00e0 des cours en vue du bapt\u00eame !<\/li>\n<\/ul>\n<p><strong>REQU\u00caTES DE PRI\u00c8RES :<\/strong><\/p>\n<ul>\n<li><strong>Prions <\/strong>pour que le Saint-Esprit d\u00e9veloppe en nous la temp\u00e9rance en toutes choses, surtout en ce qui concerne l&#8217;app\u00e9tit, la consommation de m\u00e9dias et le sommeil.<\/li>\n<li><strong>Prions <\/strong>pour l&#8217;\u00e9glise du Nord de l&#8217;Ouganda. Le message Adventiste est diffus\u00e9 par la radio, ce qui est per\u00e7u par les autres confessions comme une attaque. Prions pour que les esprits s&#8217;apaisent et que beaucoup trouvent la v\u00e9rit\u00e9 !<\/li>\n<li><strong>Prions <\/strong>pour le minist\u00e8re des sans-abris \u00e0 St. Louis, USA. Prions pour que tous ceux qui sont impliqu\u00e9s dans ce minist\u00e8re soient un reflet de J\u00e9sus habit\u00e9 de l&#8217;Esprit alors qu&#8217;ils servent les sans-abris.<\/li>\n<li><strong>Prions <\/strong>pour la fin de la pand\u00e9mie de COVID-19.<\/li>\n<\/ul>\n","protected":false},"excerpt":{"rendered":"<p>Sujets de Pri\u00e8re du Mardi 16 juin 2020 Temp\u00e9rance \u00ab Je dis donc\u00a0: Marchez selon l&#8217;Esprit, et&hellip;<\/p>\n","protected":false},"author":1,"featured_media":1454,"comment_status":"closed","ping_status":"open","sticky":false,"template":"","format":"standard","meta":{"footnotes":""},"categories":[13],"tags":[],"class_list":["post-1453","post","type-post","status-publish","format-standard","has-post-thumbnail","hentry","category-100-jours-de-priere"],"_links":{"self":[{"href":"https:\/\/restonsunis.com\/index.php\/wp-json\/wp\/v2\/posts\/1453","targetHints":{"allow":["GET"]}}],"collection":[{"href":"https:\/\/restonsunis.com\/index.php\/wp-json\/wp\/v2\/posts"}],"about":[{"href":"https:\/\/restonsunis.com\/index.php\/wp-json\/wp\/v2\/types\/post"}],"author":[{"embeddable":true,"href":"https:\/\/restonsunis.com\/index.php\/wp-json\/wp\/v2\/users\/1"}],"replies":[{"embeddable":true,"href":"https:\/\/restonsunis.com\/index.php\/wp-json\/wp\/v2\/comments?post=1453"}],"version-history":[{"count":1,"href":"https:\/\/restonsunis.com\/index.php\/wp-json\/wp\/v2\/posts\/1453\/revisions"}],"predecessor-version":[{"id":1455,"href":"https:\/\/restonsunis.com\/index.php\/wp-json\/wp\/v2\/posts\/1453\/revisions\/1455"}],"wp:featuredmedia":[{"embeddable":true,"href":"https:\/\/restonsunis.com\/index.php\/wp-json\/wp\/v2\/media\/1454"}],"wp:attachment":[{"href":"https:\/\/restonsunis.com\/index.php\/wp-json\/wp\/v2\/media?parent=1453"}],"wp:term":[{"taxonomy":"category","embeddable":true,"href":"https:\/\/restonsunis.com\/index.php\/wp-json\/wp\/v2\/categories?post=1453"},{"taxonomy":"post_tag","embeddable":true,"href":"https:\/\/restonsunis.com\/index.php\/wp-json\/wp\/v2\/tags?post=1453"}],"curies":[{"name":"wp","href":"https:\/\/api.w.org\/{rel}","templated":true}]}}