{"id":2282,"date":"2020-08-22T08:00:00","date_gmt":"2020-08-22T04:00:00","guid":{"rendered":"https:\/\/restonsunis.com\/?p=2282"},"modified":"2020-08-22T10:56:19","modified_gmt":"2020-08-22T06:56:19","slug":"programme-du-sabbat-22-aout-2020","status":"publish","type":"post","link":"https:\/\/restonsunis.com\/index.php\/2020\/08\/22\/programme-du-sabbat-22-aout-2020\/","title":{"rendered":"Programme du sabbat 22 ao\u00fbt 2020"},"content":{"rendered":"\n<h2 class=\"has-text-align-center wp-block-heading\">Journ\u00e9e EndItNow<\/h2>\n\n\n\n<h4 class=\"has-text-align-center wp-block-heading\">Campagne de sensibilisation<\/h4>\n\n\n\n<figure class=\"wp-block-embed-youtube wp-block-embed is-type-video is-provider-youtube wp-embed-aspect-16-9 wp-has-aspect-ratio\"><div class=\"wp-block-embed__wrapper\">\n<iframe loading=\"lazy\" title=\"EndItNow - Un nouveau fl\u00e9au ne doit pas faire oublier les autres\" width=\"770\" height=\"433\" src=\"https:\/\/www.youtube.com\/embed\/u9m5LDyYs7o?feature=oembed\" frameborder=\"0\" allow=\"accelerometer; autoplay; clipboard-write; encrypted-media; gyroscope; picture-in-picture\" allowfullscreen><\/iframe>\n<\/div><\/figure>\n\n\n\n<h2 class=\"has-text-align-center wp-block-heading\">Information<\/h2>\n\n\n\n<h4 class=\"has-text-align-center wp-block-heading\">Report de l&#8217;\u00e9tude biblique &#8220;Apocalypse de J\u00e9sus&#8221;<\/h4>\n\n\n\n<p>L&#8217;Etude Biblique &#8220;L&#8217;Apocalypse de J\u00e9sus-Christ&#8221; de cet apr\u00e8s-midi est exceptionnellement report\u00e9e.<\/p>\n\n\n\n<hr class=\"wp-block-separator\"\/>\n\n\n\n<h3 class=\"has-text-align-center wp-block-heading\">Message Sp\u00e9cial du Pasteur Ted Wilson<\/h3>\n\n\n\n<figure class=\"wp-block-embed-youtube wp-block-embed is-type-video is-provider-youtube wp-embed-aspect-16-9 wp-has-aspect-ratio\"><div class=\"wp-block-embed__wrapper\">\n<iframe loading=\"lazy\" title=\"Atteindre les gens pour Dieu - Message de Ted Wilson\" width=\"770\" height=\"433\" src=\"https:\/\/www.youtube.com\/embed\/_vFNTcCn4J8?feature=oembed\" frameborder=\"0\" allow=\"accelerometer; autoplay; clipboard-write; encrypted-media; gyroscope; picture-in-picture\" allowfullscreen><\/iframe>\n<\/div><\/figure>\n\n\n\n<h2 class=\"has-text-align-center wp-block-heading\">Moment de louange<\/h2>\n\n\n\n<figure class=\"wp-block-embed-youtube wp-block-embed is-type-video is-provider-youtube wp-embed-aspect-16-9 wp-has-aspect-ratio\"><div class=\"wp-block-embed__wrapper\">\n<iframe loading=\"lazy\" title=\"Louange du 22 ao\u00fbt 2020\" width=\"770\" height=\"433\" src=\"https:\/\/www.youtube.com\/embed\/videoseries?list=PLHPlvMtb3LGcnfUu9jp_dmjnwMWCL8IV1\" frameborder=\"0\" allow=\"accelerometer; autoplay; clipboard-write; encrypted-media; gyroscope; picture-in-picture\" allowfullscreen><\/iframe>\n<\/div><\/figure>\n\n\n\n<h2 class=\"has-text-align-center wp-block-heading\">Le\u00e7on EDS<\/h2>\n\n\n\n<h2 class=\"has-text-align-center wp-block-heading\">Emission &#8220;Autrement dit&#8221;<\/h2>\n\n\n\n<figure class=\"wp-block-embed-youtube wp-block-embed is-type-video is-provider-youtube wp-embed-aspect-16-9 wp-has-aspect-ratio\"><div class=\"wp-block-embed__wrapper\">\n<iframe loading=\"lazy\" title=\"AUTREMENT DIT &quot;E\u0301tude de l&#039;e\u0301cole du Sabbat 08&quot;   Un service a\u0300 l\u2019image de Christ 21 08 2020\" width=\"770\" height=\"433\" src=\"https:\/\/www.youtube.com\/embed\/1_leMpzDMlE?feature=oembed\" frameborder=\"0\" allow=\"accelerometer; autoplay; clipboard-write; encrypted-media; gyroscope; picture-in-picture\" allowfullscreen><\/iframe>\n<\/div><\/figure>\n\n\n\n<h3 class=\"has-text-align-center wp-block-heading\">Le\u00e7on EDS<\/h3>\n\n\n\n<p><strong>Les salons de discussion sont des rencontres en visioconf\u00e9rence qui ne peuvent \u00eatre suivies en dehors des cr\u00e9neaux horaires<\/strong>. <\/p>\n\n\n\n<p>Retrouvez ci-dessous les horaires des salons de discussion ainsi que les pages d\u00e9di\u00e9es aux ressources de l&#8217;Ecole du Sabbat<\/p>\n\n\n\n<div class=\"wp-block-columns is-layout-flex wp-container-core-columns-is-layout-9d6595d7 wp-block-columns-is-layout-flex\">\n<div class=\"wp-block-column is-layout-flow wp-block-column-is-layout-flow\">\n<h5 class=\"wp-block-heading\">Salons de discussion<\/h5>\n\n\n\n<p>Les classes EDS <strong>pour toutes les tranches d&#8217;\u00e2ge<\/strong> (ou presque) seront anim\u00e9es par visioconf\u00e9rence.<\/p>\n\n\n\n<div class=\"wp-block-buttons is-layout-flex wp-block-buttons-is-layout-flex\">\n<div class=\"wp-block-button\"><a class=\"wp-block-button__link has-background has-vivid-cyan-blue-background-color\" href=\"https:\/\/restonsunis.com\/index.php\/salons-eds\/\" target=\"_blank\" rel=\"noreferrer noopener\">Salons de discussion<\/a><\/div>\n<\/div>\n<\/div>\n\n\n\n<div class=\"wp-block-column is-layout-flow wp-block-column-is-layout-flow\">\n<h5 class=\"wp-block-heading\">Ressources<\/h5>\n\n\n\n<p>Nous avons de rassembler quelques ressources de l\u2019\u00c9cole du Sabbat notamment pour les enfants.<\/p>\n\n\n\n<div class=\"wp-block-buttons is-layout-flex wp-block-buttons-is-layout-flex\">\n<div class=\"wp-block-button\"><a class=\"wp-block-button__link has-background has-luminous-vivid-amber-background-color\" href=\"https:\/\/restonsunis.com\/index.php\/ecole-du-sabbat-des-enfants\/\" target=\"_blank\" rel=\"noreferrer noopener\">Ressources pour les enfants<\/a><\/div>\n\n\n\n<div class=\"wp-block-button\"><a class=\"wp-block-button__link has-background has-very-dark-gray-background-color\" href=\"https:\/\/restonsunis.com\/index.php\/ecole-du-sabbat-des-adultes\/\" target=\"_blank\" rel=\"noreferrer noopener\">Ressources pour les adultes<\/a><\/div>\n<\/div>\n<\/div>\n<\/div>\n\n\n\n<h2 class=\"has-text-align-center wp-block-heading\">Rapport missionnaire mondial<\/h2>\n\n\n\n<figure class=\"wp-block-embed-youtube wp-block-embed is-type-video is-provider-youtube wp-embed-aspect-16-9 wp-has-aspect-ratio\"><div class=\"wp-block-embed__wrapper\">\n<iframe loading=\"lazy\" title=\"Ao\u00fbt 22 - J\u00e9sus fait cesser la grosse bagarre\" width=\"770\" height=\"433\" src=\"https:\/\/www.youtube.com\/embed\/AAWrl_MBdO4?feature=oembed\" frameborder=\"0\" allow=\"accelerometer; autoplay; clipboard-write; encrypted-media; gyroscope; picture-in-picture\" allowfullscreen><\/iframe>\n<\/div><\/figure>\n\n\n\n<hr class=\"wp-block-separator\"\/>\n\n\n\n<h2 class=\"has-text-align-center wp-block-heading\">Les cultes d&#8217;adoration<\/h2>\n\n\n\n<h3 class=\"has-text-align-center wp-block-heading\">Le culte d&#8217;adoration pour les enfants (6-12 ans)<\/h3>\n\n\n\n<figure class=\"wp-block-embed-youtube wp-block-embed is-type-video is-provider-youtube wp-embed-aspect-16-9 wp-has-aspect-ratio\"><div class=\"wp-block-embed__wrapper\">\n<iframe loading=\"lazy\" title=\"#21 TOUS DIFF\u00c9RENTS, TOUS \u00c9GAUX ! [Culte enfants] Sabbat 22 ao\u00fbt 2020\" width=\"770\" height=\"433\" src=\"https:\/\/www.youtube.com\/embed\/M2Dv-ePEFoM?feature=oembed\" frameborder=\"0\" allow=\"accelerometer; autoplay; clipboard-write; encrypted-media; gyroscope; picture-in-picture\" allowfullscreen><\/iframe>\n<\/div><\/figure>\n\n\n\n<div class=\"wp-block-buttons aligncenter is-layout-flex wp-block-buttons-is-layout-flex\">\n<div class=\"wp-block-button\"><a class=\"wp-block-button__link has-background has-pale-pink-background-color\" href=\"https:\/\/restonsunis.com\/index.php\/programme-pour-les-enfants\/\" target=\"_blank\" rel=\"noreferrer noopener\">Revoir les programmes pour les enfants<\/a><\/div>\n<\/div>\n\n\n\n<h3 class=\"has-text-align-center wp-block-heading\">Le culte d&#8217;adoration des adultes et jeunes adultes<\/h3>\n\n\n\n<figure class=\"wp-block-embed-youtube wp-block-embed is-type-video is-provider-youtube wp-embed-aspect-16-9 wp-has-aspect-ratio\"><div class=\"wp-block-embed__wrapper\">\n<iframe loading=\"lazy\" title=\"Culte d&#039;adoration du 22 Ao\u00fbt 2020\" width=\"770\" height=\"433\" src=\"https:\/\/www.youtube.com\/embed\/-sTq_MYrhRI?feature=oembed\" frameborder=\"0\" allow=\"accelerometer; autoplay; clipboard-write; encrypted-media; gyroscope; picture-in-picture\" allowfullscreen><\/iframe>\n<\/div><\/figure>\n\n\n\n<div class=\"wp-block-buttons aligncenter is-layout-flex wp-block-buttons-is-layout-flex\">\n<div class=\"wp-block-button\"><a class=\"wp-block-button__link\" href=\"https:\/\/restonsunis.com\/index.php\/2020\/08\/22\/programme-du-sabbat-22-aout-2020\/\">Recharger la page<\/a><\/div>\n<\/div>\n\n\n\n<hr class=\"wp-block-separator\"\/>\n\n\n\n<h2 class=\"has-text-align-center wp-block-heading\">Plus que vainqueurs<\/h2>\n\n\n\n<figure class=\"wp-block-embed-youtube wp-block-embed is-type-video is-provider-youtube wp-embed-aspect-16-9 wp-has-aspect-ratio\"><div class=\"wp-block-embed__wrapper\">\n<iframe loading=\"lazy\" title=\"Plus Que VAINQUEURS\" width=\"770\" height=\"433\" src=\"https:\/\/www.youtube.com\/embed\/ZdiUA9C_MV0?list=PLUdFpYlOn3WZG1ffScLWAATWxfDX2k9fN\" frameborder=\"0\" allow=\"accelerometer; autoplay; clipboard-write; encrypted-media; gyroscope; picture-in-picture\" allowfullscreen><\/iframe>\n<\/div><\/figure>\n\n\n\n<h2 class=\"has-text-align-center wp-block-heading\">Podcast Re\u00e7u 7\/7<\/h2>\n\n\n\n<figure class=\"wp-block-embed-soundcloud wp-block-embed is-type-rich is-provider-soundcloud wp-embed-aspect-4-3 wp-has-aspect-ratio\"><div class=\"wp-block-embed__wrapper\">\n<iframe loading=\"lazy\" title=\"Re\u00e7u 7\/7 - Se faire des amis pour Dieu : 08.Un service \u00e0 l\u2019image de Christ by ARC Radio\" width=\"770\" height=\"450\" scrolling=\"no\" frameborder=\"no\" src=\"https:\/\/w.soundcloud.com\/player\/?visual=true&#038;url=https%3A%2F%2Fapi.soundcloud.com%2Fplaylists%2F1113595240&#038;show_artwork=true&#038;maxheight=1000&#038;maxwidth=770\"><\/iframe>\n<\/div><\/figure>\n","protected":false},"excerpt":{"rendered":"<p>Le 22 ao\u00fbt est la journ\u00e9e mondiale EndItNow qui a pour but de favoriser la prise de conscience<\/p>\n","protected":false},"author":1,"featured_media":0,"comment_status":"closed","ping_status":"open","sticky":false,"template":"","format":"standard","meta":{"footnotes":""},"categories":[26],"tags":[],"class_list":["post-2282","post","type-post","status-publish","format-standard","hentry","category-journee-de-sabbat","no-margin"],"_links":{"self":[{"href":"https:\/\/restonsunis.com\/index.php\/wp-json\/wp\/v2\/posts\/2282","targetHints":{"allow":["GET"]}}],"collection":[{"href":"https:\/\/restonsunis.com\/index.php\/wp-json\/wp\/v2\/posts"}],"about":[{"href":"https:\/\/restonsunis.com\/index.php\/wp-json\/wp\/v2\/types\/post"}],"author":[{"embeddable":true,"href":"https:\/\/restonsunis.com\/index.php\/wp-json\/wp\/v2\/users\/1"}],"replies":[{"embeddable":true,"href":"https:\/\/restonsunis.com\/index.php\/wp-json\/wp\/v2\/comments?post=2282"}],"version-history":[{"count":5,"href":"https:\/\/restonsunis.com\/index.php\/wp-json\/wp\/v2\/posts\/2282\/revisions"}],"predecessor-version":[{"id":2305,"href":"https:\/\/restonsunis.com\/index.php\/wp-json\/wp\/v2\/posts\/2282\/revisions\/2305"}],"wp:attachment":[{"href":"https:\/\/restonsunis.com\/index.php\/wp-json\/wp\/v2\/media?parent=2282"}],"wp:term":[{"taxonomy":"category","embeddable":true,"href":"https:\/\/restonsunis.com\/index.php\/wp-json\/wp\/v2\/categories?post=2282"},{"taxonomy":"post_tag","embeddable":true,"href":"https:\/\/restonsunis.com\/index.php\/wp-json\/wp\/v2\/tags?post=2282"}],"curies":[{"name":"wp","href":"https:\/\/api.w.org\/{rel}","templated":true}]}}