{"id":2381,"date":"2020-08-29T07:37:13","date_gmt":"2020-08-29T03:37:13","guid":{"rendered":"https:\/\/restonsunis.com\/?p=2381"},"modified":"2020-08-29T07:37:18","modified_gmt":"2020-08-29T03:37:18","slug":"programme-du-sabbat-29-aout-2020","status":"publish","type":"post","link":"https:\/\/restonsunis.com\/index.php\/2020\/08\/29\/programme-du-sabbat-29-aout-2020\/","title":{"rendered":"Programme du sabbat 29 ao\u00fbt 2020"},"content":{"rendered":"\n<h3 class=\"has-text-align-center wp-block-heading\">Semaine de la famille<\/h3>\n\n\n\n<p class=\"has-text-align-center\">du 5 au 12 septembre 2020 : Semaine de la famille<br>Th\u00e8me : Allons et faisons des foyer des disciples<\/p>\n\n\n\n<h3 class=\"has-text-align-center wp-block-heading\">Les rendez-vous de restonsunis.com<\/h3>\n\n\n\n<figure class=\"wp-block-embed-youtube wp-block-embed is-type-video is-provider-youtube wp-embed-aspect-16-9 wp-has-aspect-ratio\"><div class=\"wp-block-embed__wrapper\">\n<iframe loading=\"lazy\" title=\"Les RDV de RestonsUnis.com\" width=\"770\" height=\"433\" src=\"https:\/\/www.youtube.com\/embed\/WaHMeePLavo?feature=oembed\" frameborder=\"0\" allow=\"accelerometer; autoplay; clipboard-write; encrypted-media; gyroscope; picture-in-picture\" allowfullscreen><\/iframe>\n<\/div><\/figure>\n\n\n\n<h4 class=\"has-text-align-center wp-block-heading\">Restonsunis.com a besoin de vous ! <br>N&#8217;h\u00e9sitez pas \u00e0 apporter votre aide.<\/h4>\n\n\n\n<div class=\"wp-block-buttons aligncenter is-layout-flex wp-block-buttons-is-layout-flex\">\n<div class=\"wp-block-button\"><a class=\"wp-block-button__link\" href=\"https:\/\/restonsunis.com\/index.php\/restonsunis-com-appel-a-soutien\/\" target=\"_blank\" rel=\"noreferrer noopener\">Soutenez RestonsUnis.com<\/a><\/div>\n<\/div>\n\n\n\n<h2 class=\"has-text-align-center wp-block-heading\">Moment de louange<\/h2>\n\n\n\n<figure class=\"wp-block-embed-youtube wp-block-embed is-type-video is-provider-youtube wp-embed-aspect-16-9 wp-has-aspect-ratio\"><div class=\"wp-block-embed__wrapper\">\n<iframe loading=\"lazy\" title=\"Louange du 29 ao\u00fbt 2020\" width=\"770\" height=\"433\" src=\"https:\/\/www.youtube.com\/embed\/videoseries?list=PLHPlvMtb3LGfylchU9fNUkmL8hoSf2mVC\" frameborder=\"0\" allow=\"accelerometer; autoplay; clipboard-write; encrypted-media; gyroscope; picture-in-picture\" allowfullscreen><\/iframe>\n<\/div><\/figure>\n\n\n\n<h2 class=\"has-text-align-center wp-block-heading\">Le\u00e7on EDS<\/h2>\n\n\n\n<h2 class=\"has-text-align-center wp-block-heading\">Emission &#8220;Autrement dit&#8221;<\/h2>\n\n\n\n<figure class=\"wp-block-embed-youtube wp-block-embed is-type-video is-provider-youtube wp-embed-aspect-16-9 wp-has-aspect-ratio\"><div class=\"wp-block-embed__wrapper\">\n<iframe loading=\"lazy\" title=\"AUTREMENT DIT &quot;E\u0301tude de l&#039;e\u0301cole du Sabbat 09&quot;   Cultiver un e\u0301tat d&#039;esprit victorieux 28 08 2020\" width=\"770\" height=\"433\" src=\"https:\/\/www.youtube.com\/embed\/g2CcFq1JdMY?feature=oembed\" frameborder=\"0\" allow=\"accelerometer; autoplay; clipboard-write; encrypted-media; gyroscope; picture-in-picture\" allowfullscreen><\/iframe>\n<\/div><\/figure>\n\n\n\n<h3 class=\"has-text-align-center wp-block-heading\">Le\u00e7on EDS<\/h3>\n\n\n\n<p><strong>Les salons de discussion sont des rencontres en visioconf\u00e9rence qui ne peuvent \u00eatre suivies en dehors des cr\u00e9neaux horaires<\/strong>. <\/p>\n\n\n\n<p>Retrouvez ci-dessous les horaires des salons de discussion ainsi que les pages d\u00e9di\u00e9es aux ressources de l&#8217;Ecole du Sabbat<\/p>\n\n\n\n<div class=\"wp-block-columns is-layout-flex wp-container-core-columns-is-layout-9d6595d7 wp-block-columns-is-layout-flex\">\n<div class=\"wp-block-column is-layout-flow wp-block-column-is-layout-flow\">\n<h5 class=\"wp-block-heading\">Salons de discussion<\/h5>\n\n\n\n<p>Les classes EDS <strong>pour toutes les tranches d&#8217;\u00e2ge<\/strong> (ou presque) seront anim\u00e9es par visioconf\u00e9rence.<\/p>\n\n\n\n<div class=\"wp-block-buttons is-layout-flex wp-block-buttons-is-layout-flex\">\n<div class=\"wp-block-button\"><a class=\"wp-block-button__link has-vivid-cyan-blue-background-color has-background\" href=\"https:\/\/restonsunis.com\/index.php\/salons-eds\/\" target=\"_blank\" rel=\"noreferrer noopener\">Salons de discussion<\/a><\/div>\n<\/div>\n<\/div>\n\n\n\n<div class=\"wp-block-column is-layout-flow wp-block-column-is-layout-flow\">\n<h5 class=\"wp-block-heading\">Ressources<\/h5>\n\n\n\n<p>Nous avons de rassembler quelques ressources de l\u2019\u00c9cole du Sabbat notamment pour les enfants.<\/p>\n\n\n\n<div class=\"wp-block-buttons is-layout-flex wp-block-buttons-is-layout-flex\">\n<div class=\"wp-block-button\"><a class=\"wp-block-button__link has-luminous-vivid-amber-background-color has-background\" href=\"https:\/\/restonsunis.com\/index.php\/ecole-du-sabbat-des-enfants\/\" target=\"_blank\" rel=\"noreferrer noopener\">Ressources pour les enfants<\/a><\/div>\n\n\n\n<div class=\"wp-block-button\"><a class=\"wp-block-button__link has-very-dark-gray-background-color has-background\" href=\"https:\/\/restonsunis.com\/index.php\/ecole-du-sabbat-des-adultes\/\" target=\"_blank\" rel=\"noreferrer noopener\">Ressources pour les adultes<\/a><\/div>\n<\/div>\n<\/div>\n<\/div>\n\n\n\n<h2 class=\"has-text-align-center wp-block-heading\">Rapport missionnaire mondial<\/h2>\n\n\n\n<figure class=\"wp-block-embed-youtube wp-block-embed is-type-video is-provider-youtube wp-embed-aspect-16-9 wp-has-aspect-ratio\"><div class=\"wp-block-embed__wrapper\">\n<iframe loading=\"lazy\" title=\"29 Ao\u00fbt - La Mission nous change\" width=\"770\" height=\"433\" src=\"https:\/\/www.youtube.com\/embed\/CABnYv1QJ0g?feature=oembed\" frameborder=\"0\" allow=\"accelerometer; autoplay; clipboard-write; encrypted-media; gyroscope; picture-in-picture\" allowfullscreen><\/iframe>\n<\/div><\/figure>\n\n\n\n<hr class=\"wp-block-separator\"\/>\n\n\n\n<h2 class=\"has-text-align-center wp-block-heading\">Les cultes d&#8217;adoration<\/h2>\n\n\n\n<h3 class=\"has-text-align-center wp-block-heading\">Le culte d&#8217;adoration pour les enfants (6-12 ans)<\/h3>\n\n\n\n<figure class=\"wp-block-embed-youtube wp-block-embed is-type-video is-provider-youtube wp-embed-aspect-16-9 wp-has-aspect-ratio\"><div class=\"wp-block-embed__wrapper\">\n<iframe loading=\"lazy\" title=\"#22 IL \u00c9TAIT UNE FOI... [Culte enfants] Sabbat 29 ao\u00fbt 2020\" width=\"770\" height=\"433\" src=\"https:\/\/www.youtube.com\/embed\/iEku_Q6FOfE?feature=oembed\" frameborder=\"0\" allow=\"accelerometer; autoplay; clipboard-write; encrypted-media; gyroscope; picture-in-picture\" allowfullscreen><\/iframe>\n<\/div><\/figure>\n\n\n\n<div class=\"wp-block-buttons aligncenter is-layout-flex wp-block-buttons-is-layout-flex\">\n<div class=\"wp-block-button\"><a class=\"wp-block-button__link has-pale-pink-background-color has-background\" href=\"https:\/\/restonsunis.com\/index.php\/programme-pour-les-enfants\/\" target=\"_blank\" rel=\"noreferrer noopener\">Revoir les programmes pour les enfants<\/a><\/div>\n<\/div>\n\n\n\n<h3 class=\"has-text-align-center wp-block-heading\">Le culte d&#8217;adoration des adultes et jeunes adultes<\/h3>\n\n\n\n<figure class=\"wp-block-embed-youtube wp-block-embed is-type-video is-provider-youtube wp-embed-aspect-16-9 wp-has-aspect-ratio\"><div class=\"wp-block-embed__wrapper\">\n<iframe loading=\"lazy\" title=\"Culte d&#039;adoration du 29 ao\u00fbt 2020\" width=\"770\" height=\"433\" src=\"https:\/\/www.youtube.com\/embed\/xXunmJGhp4A?feature=oembed\" frameborder=\"0\" allow=\"accelerometer; autoplay; clipboard-write; encrypted-media; gyroscope; picture-in-picture\" allowfullscreen><\/iframe>\n<\/div><\/figure>\n\n\n\n<div class=\"wp-block-buttons aligncenter is-layout-flex wp-block-buttons-is-layout-flex\">\n<div class=\"wp-block-button\"><a class=\"wp-block-button__link\" href=\"https:\/\/restonsunis.com\/index.php\/2020\/08\/22\/programme-du-sabbat-22-aout-2020\/\">Recharger la page<\/a><\/div>\n<\/div>\n\n\n\n<hr class=\"wp-block-separator\"\/>\n\n\n\n<h2 class=\"has-text-align-center wp-block-heading\">La parole en Replay<\/h2>\n\n\n\n<figure class=\"wp-block-embed-youtube wp-block-embed is-type-video is-provider-youtube wp-embed-aspect-16-9 wp-has-aspect-ratio\"><div class=\"wp-block-embed__wrapper\">\n<iframe loading=\"lazy\" title=\"Comment trouver la paix ? avec John Bradshaw - La parole en Replay - 29.08.20\" width=\"770\" height=\"433\" src=\"https:\/\/www.youtube.com\/embed\/2CJF4d5g3tY?feature=oembed\" frameborder=\"0\" allow=\"accelerometer; autoplay; clipboard-write; encrypted-media; gyroscope; picture-in-picture\" allowfullscreen><\/iframe>\n<\/div><\/figure>\n\n\n\n<h2 class=\"has-text-align-center wp-block-heading\">Podcast Re\u00e7u 7\/7<\/h2>\n\n\n\n<figure class=\"wp-block-embed-soundcloud wp-block-embed is-type-rich is-provider-soundcloud wp-embed-aspect-4-3 wp-has-aspect-ratio\"><div class=\"wp-block-embed__wrapper\">\n<iframe loading=\"lazy\" title=\"Re\u00e7u 7\/7 - Se faire des amis pour Dieu : 09.Cultiver un \u00e9tat d&#039;esprit victorieux by ARC Radio\" width=\"770\" height=\"450\" scrolling=\"no\" frameborder=\"no\" src=\"https:\/\/w.soundcloud.com\/player\/?visual=true&#038;url=https%3A%2F%2Fapi.soundcloud.com%2Fplaylists%2F1115192620&#038;show_artwork=true&#038;maxheight=1000&#038;maxwidth=770\"><\/iframe>\n<\/div><\/figure>\n\n\n\n<p><\/p>\n","protected":false},"excerpt":{"rendered":"<p>Si le d\u00e9couragement et le doute peuvent paralyser n&#8217;importe qui, la pr\u00e9sence de Dieu le fortifie. Ce matin, recherchons la pr\u00e9sence fortifiante de Dieu.<\/p>\n","protected":false},"author":1,"featured_media":0,"comment_status":"closed","ping_status":"open","sticky":false,"template":"","format":"standard","meta":{"footnotes":""},"categories":[26],"tags":[],"class_list":["post-2381","post","type-post","status-publish","format-standard","hentry","category-journee-de-sabbat","no-margin"],"_links":{"self":[{"href":"https:\/\/restonsunis.com\/index.php\/wp-json\/wp\/v2\/posts\/2381","targetHints":{"allow":["GET"]}}],"collection":[{"href":"https:\/\/restonsunis.com\/index.php\/wp-json\/wp\/v2\/posts"}],"about":[{"href":"https:\/\/restonsunis.com\/index.php\/wp-json\/wp\/v2\/types\/post"}],"author":[{"embeddable":true,"href":"https:\/\/restonsunis.com\/index.php\/wp-json\/wp\/v2\/users\/1"}],"replies":[{"embeddable":true,"href":"https:\/\/restonsunis.com\/index.php\/wp-json\/wp\/v2\/comments?post=2381"}],"version-history":[{"count":6,"href":"https:\/\/restonsunis.com\/index.php\/wp-json\/wp\/v2\/posts\/2381\/revisions"}],"predecessor-version":[{"id":2649,"href":"https:\/\/restonsunis.com\/index.php\/wp-json\/wp\/v2\/posts\/2381\/revisions\/2649"}],"wp:attachment":[{"href":"https:\/\/restonsunis.com\/index.php\/wp-json\/wp\/v2\/media?parent=2381"}],"wp:term":[{"taxonomy":"category","embeddable":true,"href":"https:\/\/restonsunis.com\/index.php\/wp-json\/wp\/v2\/categories?post=2381"},{"taxonomy":"post_tag","embeddable":true,"href":"https:\/\/restonsunis.com\/index.php\/wp-json\/wp\/v2\/tags?post=2381"}],"curies":[{"name":"wp","href":"https:\/\/api.w.org\/{rel}","templated":true}]}}