{"id":3335,"date":"2020-10-26T17:00:05","date_gmt":"2020-10-26T13:00:05","guid":{"rendered":"https:\/\/restonsunis.com\/?p=3335"},"modified":"2020-10-30T13:57:52","modified_gmt":"2020-10-30T09:57:52","slug":"26-octobre-2020-reveler-le-pere-suite","status":"publish","type":"post","link":"https:\/\/restonsunis.com\/index.php\/2020\/10\/26\/26-octobre-2020-reveler-le-pere-suite\/","title":{"rendered":"26 octobre 2020 &#8211; R\u00e9v\u00e9ler le P\u00e8re (suite)"},"content":{"rendered":"\n<figure class=\"wp-block-embed-soundcloud wp-block-embed is-type-rich is-provider-soundcloud wp-embed-aspect-4-3 wp-has-aspect-ratio\"><div class=\"wp-block-embed__wrapper\">\nhttps:\/\/soundcloud.com\/adventistereunion\/recu-77-du-26-octobre-2021\n<\/div><\/figure>\n\n\n\n<p>Dans l\u2019\u00e9mouvant prologue de son \u00e9vangile (Jean 1:1-18), Jean parle de J\u00e9sus comme la \u00ab Parole \u00bb \u00e9ternelle. Les affirmations de Jean sur J\u00e9sus ne sont pas timides ou limit\u00e9es; elles sont audacieuses et de port\u00e9e cosmique. J\u00e9sus existait avant la naissance du monde, depuis l\u2019\u00e9ternit\u00e9. En fait, J\u00e9sus est l\u2019agent de la cr\u00e9ation (Jean 1:2, 3). Il est \u00ab la lumi\u00e8re des hommes \u00bb (Jean 1:4, LSG), et, en tant que Parole venue dans le monde, Il \u00ab \u00e9claire tout homme \u00bb (Jean 1:9, LSG). <\/p>\n\n\n\n<p><strong>Selon Jean, quel est le r\u00e9sultat du fait que Christ est devenu un \u00eatre humain? En tant que Parole, quelle lumi\u00e8re a-t-Il apport\u00e9e? Quelles qualifications poss\u00e8de-t-Il pour le faire? Jean 1:14, 18<\/strong><\/p>\n\n\n\n<p>\u00ab Lorsque la lumi\u00e8re parut, les t\u00e9n\u00e8bres pesaient lourdement sur le monde&#8230; Il n\u2019y avait qu\u2019un espoir pour la race humaine&#8230; que la connaissance de Dieu f\u00fbt r\u00e9tablie dans le monde. Christ vint restaurer cette connaissance. Il vint d\u00e9noncer les enseignements trompeurs par lesquels ceux qui pr\u00e9tendaient bien haut connaitre Dieu L\u2019avaient d\u00e9natur\u00e9. Il vint r\u00e9v\u00e9ler la nature de Sa loi, ainsi que la saintet\u00e9 et la beaut\u00e9 de Son propre caract\u00e8re. \u00bb \u2013 Ellen G. White, \u00c9ducation, pp. 58-60. Tout ce que J\u00e9sus a fait dans Sa vie sur terre avait un seul but: \u00ab r\u00e9v\u00e9ler Dieu pour ennoblir l\u2019humanit\u00e9. \u00bb \u00c9ducation, p. 65.<\/p>\n\n\n\n<p><strong>J\u00e9sus Lui-m\u00eame dit: \u00ab Celui qui M\u2019a vu a vu le P\u00e8re \u00bb (Jean 14:9, LSG). Quel \u00e9tait le contexte de la d\u00e9claration de J\u00e9sus? Pourquoi l\u2019a-t-Il faite? Jean 14:1-14<\/strong><\/p>\n\n\n\n<p>Il est tentant de critiquer la d\u00e9claration maladroite de Philippe (Jean 14:8). Apr\u00e8s des ann\u00e9es de communion \u00e9troite avec J\u00e9sus, il lui manque encore le point essentiel de l\u2019incarnation, \u00e0 savoir que J\u00e9sus est venu pour montrer le caract\u00e8re du P\u00e8re. Peut-\u00eatre les enseignants d\u2019aujourd\u2019hui peuvent-ils se consoler du fait que l\u2019un des \u00e9l\u00e8ves du Maitre enseignant a si mal travaill\u00e9! La d\u00e9claration de Philippe est probablement consign\u00e9e, cependant, non pas pour nous donner des raisons de le critiquer, mais pour nous donner l\u2019occasion de nous examiner. Combien de temps avons-nous march\u00e9 avec J\u00e9sus? Et avons-nous mieux compris J\u00e9sus que Philippe? \u00ab Celui qui M\u2019a vu a vu le P\u00e8re. \u00bb<\/p>\n","protected":false},"excerpt":{"rendered":"<p>Dans l\u2019\u00e9mouvant prologue de son \u00e9vangile (Jean 1:1-18), Jean parle de J\u00e9sus comme la \u00ab Parole \u00bb&hellip;<\/p>\n","protected":false},"author":1,"featured_media":0,"comment_status":"closed","ping_status":"open","sticky":false,"template":"","format":"standard","meta":{"footnotes":""},"categories":[23],"tags":[],"class_list":["post-3335","post","type-post","status-publish","format-standard","hentry","category-recu-7-7","no-margin"],"_links":{"self":[{"href":"https:\/\/restonsunis.com\/index.php\/wp-json\/wp\/v2\/posts\/3335","targetHints":{"allow":["GET"]}}],"collection":[{"href":"https:\/\/restonsunis.com\/index.php\/wp-json\/wp\/v2\/posts"}],"about":[{"href":"https:\/\/restonsunis.com\/index.php\/wp-json\/wp\/v2\/types\/post"}],"author":[{"embeddable":true,"href":"https:\/\/restonsunis.com\/index.php\/wp-json\/wp\/v2\/users\/1"}],"replies":[{"embeddable":true,"href":"https:\/\/restonsunis.com\/index.php\/wp-json\/wp\/v2\/comments?post=3335"}],"version-history":[{"count":1,"href":"https:\/\/restonsunis.com\/index.php\/wp-json\/wp\/v2\/posts\/3335\/revisions"}],"predecessor-version":[{"id":3336,"href":"https:\/\/restonsunis.com\/index.php\/wp-json\/wp\/v2\/posts\/3335\/revisions\/3336"}],"wp:attachment":[{"href":"https:\/\/restonsunis.com\/index.php\/wp-json\/wp\/v2\/media?parent=3335"}],"wp:term":[{"taxonomy":"category","embeddable":true,"href":"https:\/\/restonsunis.com\/index.php\/wp-json\/wp\/v2\/categories?post=3335"},{"taxonomy":"post_tag","embeddable":true,"href":"https:\/\/restonsunis.com\/index.php\/wp-json\/wp\/v2\/tags?post=3335"}],"curies":[{"name":"wp","href":"https:\/\/api.w.org\/{rel}","templated":true}]}}