{"id":3459,"date":"2020-11-07T08:00:46","date_gmt":"2020-11-07T04:00:46","guid":{"rendered":"https:\/\/restonsunis.com\/?p=3459"},"modified":"2020-11-07T07:26:45","modified_gmt":"2020-11-07T03:26:45","slug":"programme-du-sabbat-7-novembre-2020","status":"publish","type":"post","link":"https:\/\/restonsunis.com\/index.php\/2020\/11\/07\/programme-du-sabbat-7-novembre-2020\/","title":{"rendered":"Programme du sabbat 7 novembre 2020"},"content":{"rendered":"\n<h3 class=\"has-text-align-center wp-block-heading\"><img decoding=\"async\" alt=\"\ud83c\udfa7\" src=\"https:\/\/s.w.org\/images\/core\/emoji\/13.0.0\/svg\/1f3a7.svg\" style=\"width: 25px;\"> Semaine de pri\u00e8re <br>Introduction et m\u00e9diation du jour<\/h3>\n\n\n\n<figure class=\"wp-block-embed-soundcloud wp-block-embed is-type-rich is-provider-soundcloud wp-embed-aspect-4-3 wp-has-aspect-ratio\"><div class=\"wp-block-embed__wrapper\">\n<iframe loading=\"lazy\" title=\"Semaine de pri\u00e8re mondiale 2020 &quot;Le chemin du retour&quot; by ARC Radio\" width=\"770\" height=\"450\" scrolling=\"no\" frameborder=\"no\" src=\"https:\/\/w.soundcloud.com\/player\/?visual=true&#038;url=https%3A%2F%2Fapi.soundcloud.com%2Fplaylists%2F1158082447&#038;show_artwork=true&#038;maxheight=1000&#038;maxwidth=770\"><\/iframe>\n<\/div><\/figure>\n\n\n\n<h2 class=\"has-text-align-center wp-block-heading\">\ud83d\uddd3 Agenda des salons de discussion<\/h2>\n\n\n\n<p class=\"has-text-align-center\">Retrouvez le planning des salons de discussion du sabbat 17 octobre 2020 et de la semaine prochaine en cliquant sur les boutons ci-dessous.<\/p>\n\n\n\n<div class=\"wp-block-buttons aligncenter is-layout-flex wp-block-buttons-is-layout-flex\">\n<div class=\"wp-block-button\"><a class=\"wp-block-button__link has-vivid-cyan-blue-background-color has-background\" href=\"https:\/\/restonsunis.com\/index.php\/agenda-du-sabbat\/\">Agenda du Sabbat<\/a><\/div>\n\n\n\n<div class=\"wp-block-button\"><a class=\"wp-block-button__link has-white-color has-vivid-green-cyan-background-color has-text-color has-background\" href=\"https:\/\/restonsunis.com\/index.php\/agenda-de-la-semaine\/\">Agenda de la Semaine<\/a><\/div>\n<\/div>\n\n\n\n<h2 class=\"has-text-align-center wp-block-heading\">Moment de louange<\/h2>\n\n\n\n<figure class=\"wp-block-embed-youtube wp-block-embed is-type-video is-provider-youtube wp-embed-aspect-16-9 wp-has-aspect-ratio\"><div class=\"wp-block-embed__wrapper\">\n<iframe loading=\"lazy\" title=\"Louange du 7 novembre 2020\" width=\"770\" height=\"433\" src=\"https:\/\/www.youtube.com\/embed\/videoseries?list=PLHPlvMtb3LGfkDMpC8CybiYFpS7GL0iwj\" frameborder=\"0\" allow=\"accelerometer; autoplay; clipboard-write; encrypted-media; gyroscope; picture-in-picture\" allowfullscreen><\/iframe>\n<\/div><\/figure>\n\n\n\n<h2 class=\"has-text-align-center wp-block-heading\">Le\u00e7on EDS<\/h2>\n\n\n\n<h2 class=\"has-text-align-center wp-block-heading\">Emission &#8220;Le trio de l&#8217;\u00e9cole du sabbat&#8221;<\/h2>\n\n\n\n<figure class=\"wp-block-embed-youtube wp-block-embed is-type-video is-provider-youtube wp-embed-aspect-16-9 wp-has-aspect-ratio\"><div class=\"wp-block-embed__wrapper\">\n<iframe loading=\"lazy\" title=\"Autres le\u00e7ons du Ma\u00eetre enseignant - EDS pour le 7 novembre - Le trio EDS - 4\u00e8me Trimestre 2020\" width=\"770\" height=\"433\" src=\"https:\/\/www.youtube.com\/embed\/71GH7j3MMfc?feature=oembed\" frameborder=\"0\" allow=\"accelerometer; autoplay; clipboard-write; encrypted-media; gyroscope; picture-in-picture\" allowfullscreen><\/iframe>\n<\/div><\/figure>\n\n\n\n<h2 class=\"has-text-align-center wp-block-heading\">Rapport missionnaire mondial<\/h2>\n\n\n\n<figure class=\"wp-block-embed-youtube wp-block-embed is-type-video is-provider-youtube wp-embed-aspect-16-9 wp-has-aspect-ratio\"><div class=\"wp-block-embed__wrapper\">\n<iframe loading=\"lazy\" title=\"Novembre 7 - La source de la gr\u00e2ce\" width=\"770\" height=\"433\" src=\"https:\/\/www.youtube.com\/embed\/kx_aaxM7hi8?feature=oembed\" frameborder=\"0\" allow=\"accelerometer; autoplay; clipboard-write; encrypted-media; gyroscope; picture-in-picture\" allowfullscreen><\/iframe>\n<\/div><\/figure>\n\n\n\n<h2 class=\"has-text-align-center wp-block-heading\">Les cultes d&#8217;adoration<\/h2>\n\n\n\n<h3 class=\"has-text-align-center wp-block-heading\">Le culte d&#8217;adoration pour les enfants (6-12 ans)<\/h3>\n\n\n\n<div class=\"wp-block-group\"><div class=\"wp-block-group__inner-container is-layout-flow wp-block-group-is-layout-flow\">\n<figure class=\"wp-block-embed-youtube wp-block-embed is-type-video is-provider-youtube wp-embed-aspect-16-9 wp-has-aspect-ratio\"><div class=\"wp-block-embed__wrapper\">\n<iframe loading=\"lazy\" title=\"#32 UNE JOURN\u00c9E AVEC J\u00c9SUS ! [Culte enfants] Sabbat 07 novembre 2020\" width=\"770\" height=\"433\" src=\"https:\/\/www.youtube.com\/embed\/9vyAvaK9FGw?feature=oembed\" frameborder=\"0\" allow=\"accelerometer; autoplay; clipboard-write; encrypted-media; gyroscope; picture-in-picture\" allowfullscreen><\/iframe>\n<\/div><\/figure>\n<\/div><\/div>\n\n\n\n<div class=\"wp-block-buttons aligncenter is-layout-flex wp-block-buttons-is-layout-flex\">\n<div class=\"wp-block-button\"><a class=\"wp-block-button__link has-pale-pink-background-color has-background\" href=\"https:\/\/restonsunis.com\/index.php\/programme-pour-les-enfants\/\" target=\"_blank\" rel=\"noreferrer noopener\">Revoir les programmes pour les enfants<\/a><\/div>\n<\/div>\n\n\n\n<h3 class=\"has-text-align-center wp-block-heading\">10h00 : Semaine de la semaine de pri\u00e8re <br>[Ps Ted Wilson]<\/h3>\n\n\n\n<figure class=\"wp-block-embed-youtube wp-block-embed is-type-video is-provider-youtube wp-embed-aspect-16-9 wp-has-aspect-ratio\"><div class=\"wp-block-embed__wrapper\">\n<iframe loading=\"lazy\" title=\"La bible - Semaine de Pri\u00e8re 2020 - Un message du pasteur Ted Wilson\" width=\"770\" height=\"433\" src=\"https:\/\/www.youtube.com\/embed\/VHlTpQgonOc?feature=oembed\" frameborder=\"0\" allow=\"accelerometer; autoplay; clipboard-write; encrypted-media; gyroscope; picture-in-picture\" allowfullscreen><\/iframe>\n<\/div><\/figure>\n\n\n\n<h3 class=\"has-text-align-center wp-block-heading\" id=\"NatureSermon\">12h30 : Programme du sabbat de l&#8217;\u00e9glise du campus de Collonges-sous-Sal\u00e8ve<\/h3>\n\n\n\n<figure class=\"wp-block-embed-youtube wp-block-embed is-type-video is-provider-youtube wp-embed-aspect-16-9 wp-has-aspect-ratio\"><div class=\"wp-block-embed__wrapper\">\n<iframe loading=\"lazy\" title=\"Samedi 7 novembre 2020 : Etude de la bible et culte - WeekEnd Sant\u00e9\" width=\"770\" height=\"433\" src=\"https:\/\/www.youtube.com\/embed\/zkK_C3hl1KI?feature=oembed\" frameborder=\"0\" allow=\"accelerometer; autoplay; clipboard-write; encrypted-media; gyroscope; picture-in-picture\" allowfullscreen><\/iframe>\n<\/div><\/figure>\n\n\n\n<h3 class=\"has-text-align-center wp-block-heading\">15h30 : Culte de l&#8217;\u00e9glise de Philadelphie<\/h3>\n\n\n\n<figure class=\"wp-block-embed-youtube wp-block-embed is-type-video is-provider-youtube wp-embed-aspect-16-9 wp-has-aspect-ratio\"><div class=\"wp-block-embed__wrapper\">\n<iframe loading=\"lazy\" title=\"Culte d&#039;adoration du 07 novembre\" width=\"770\" height=\"433\" src=\"https:\/\/www.youtube.com\/embed\/K_TWzmjogqI?feature=oembed\" frameborder=\"0\" allow=\"accelerometer; autoplay; clipboard-write; encrypted-media; gyroscope; picture-in-picture\" allowfullscreen><\/iframe>\n<\/div><\/figure>\n\n\n\n<hr class=\"wp-block-separator\"\/>\n\n\n\n<h1 class=\"has-text-align-center wp-block-heading\">Bonus<\/h1>\n\n\n\n<h2 class=\"has-text-align-center wp-block-heading\">Emission Re\u00e7u 7\/7 de la semaine<\/h2>\n\n\n\n<figure class=\"wp-block-embed-soundcloud wp-block-embed is-type-rich is-provider-soundcloud wp-embed-aspect-4-3 wp-has-aspect-ratio\"><div class=\"wp-block-embed__wrapper\">\n<iframe loading=\"lazy\" title=\"Re\u00e7u 7\/7 - L&#039;\u00c9ducation : 06.Autres le\u00e7ons du Ma\u00eetre enseignant. by ARC Radio\" width=\"770\" height=\"450\" scrolling=\"no\" frameborder=\"no\" src=\"https:\/\/w.soundcloud.com\/player\/?visual=true&#038;url=https%3A%2F%2Fapi.soundcloud.com%2Fplaylists%2F1155954115&#038;show_artwork=true&#038;maxheight=1000&#038;maxwidth=770\"><\/iframe>\n<\/div><\/figure>\n\n\n\n<h3 class=\"has-text-align-center wp-block-heading\">Le d\u00e9fi d&#8217;une Pand\u00e9mie durable<\/h3>\n\n\n\n<figure class=\"wp-block-embed-youtube wp-block-embed is-type-video is-provider-youtube wp-embed-aspect-16-9 wp-has-aspect-ratio\"><div class=\"wp-block-embed__wrapper\">\n<iframe loading=\"lazy\" title=\"Le d\u00e9fi d&#039;une Pand\u00e9mie durable - Week-end AMALF\" width=\"770\" height=\"433\" src=\"https:\/\/www.youtube.com\/embed\/KR3PkxIVruY?feature=oembed\" frameborder=\"0\" allow=\"accelerometer; autoplay; clipboard-write; encrypted-media; gyroscope; picture-in-picture\" allowfullscreen><\/iframe>\n<\/div><\/figure>\n","protected":false},"excerpt":{"rendered":"<p>Au mois de novembre se tient la semaine de pri\u00e8re mondiale. Cette ann\u00e9e n&#8217;\u00e9chappe pas \u00e0 la r\u00e8gle. Il sera question de la fid\u00e9lit\u00e9 au mode de vie chr\u00e9tien &#8220;Le Chemin du Retour&#8221;. <\/p>\n","protected":false},"author":3,"featured_media":0,"comment_status":"closed","ping_status":"open","sticky":false,"template":"","format":"standard","meta":{"footnotes":""},"categories":[26],"tags":[],"class_list":["post-3459","post","type-post","status-publish","format-standard","hentry","category-journee-de-sabbat","no-margin"],"_links":{"self":[{"href":"https:\/\/restonsunis.com\/index.php\/wp-json\/wp\/v2\/posts\/3459","targetHints":{"allow":["GET"]}}],"collection":[{"href":"https:\/\/restonsunis.com\/index.php\/wp-json\/wp\/v2\/posts"}],"about":[{"href":"https:\/\/restonsunis.com\/index.php\/wp-json\/wp\/v2\/types\/post"}],"author":[{"embeddable":true,"href":"https:\/\/restonsunis.com\/index.php\/wp-json\/wp\/v2\/users\/3"}],"replies":[{"embeddable":true,"href":"https:\/\/restonsunis.com\/index.php\/wp-json\/wp\/v2\/comments?post=3459"}],"version-history":[{"count":10,"href":"https:\/\/restonsunis.com\/index.php\/wp-json\/wp\/v2\/posts\/3459\/revisions"}],"predecessor-version":[{"id":3508,"href":"https:\/\/restonsunis.com\/index.php\/wp-json\/wp\/v2\/posts\/3459\/revisions\/3508"}],"wp:attachment":[{"href":"https:\/\/restonsunis.com\/index.php\/wp-json\/wp\/v2\/media?parent=3459"}],"wp:term":[{"taxonomy":"category","embeddable":true,"href":"https:\/\/restonsunis.com\/index.php\/wp-json\/wp\/v2\/categories?post=3459"},{"taxonomy":"post_tag","embeddable":true,"href":"https:\/\/restonsunis.com\/index.php\/wp-json\/wp\/v2\/tags?post=3459"}],"curies":[{"name":"wp","href":"https:\/\/api.w.org\/{rel}","templated":true}]}}