{"id":3832,"date":"2020-11-26T18:00:36","date_gmt":"2020-11-26T14:00:36","guid":{"rendered":"https:\/\/restonsunis.com\/?p=3832"},"modified":"2020-11-25T09:57:54","modified_gmt":"2020-11-25T05:57:54","slug":"apres-la-crise-le-jubile-jour-5","status":"publish","type":"post","link":"https:\/\/restonsunis.com\/index.php\/2020\/11\/26\/apres-la-crise-le-jubile-jour-5\/","title":{"rendered":"Apr\u00e8s la crise, le jubil\u00e9 &#8211; Jour 6"},"content":{"rendered":"\n<p><strong><em>Le Jubil\u00e9, une \u00e9glise-t\u00e9moin<\/em><\/strong><\/p>\n\n\n\n<p>Saviez-vous que le Jubil\u00e9 est aussi pr\u00e9sent dans le Nouveau Testament ? L&#8217;\u00e9vangile de Luc nous pr\u00e9sente J\u00e9sus dans la synagogue de J\u00e9rusalem, lisant Esaie 61. Voyons de quoi il est question aujourd&#8217;hui.<\/p>\n\n\n\n<figure class=\"wp-block-embed-youtube wp-block-embed is-type-video is-provider-youtube wp-embed-aspect-16-9 wp-has-aspect-ratio\"><div class=\"wp-block-embed__wrapper\">\n<iframe loading=\"lazy\" title=\"Le Jubil\u00e9 : une \u00c9glise-t\u00e9moin - Semaine de Pri\u00e8re 2020 - Olivier Rigaud - 19 Novembre \u00e0 19h\" width=\"770\" height=\"433\" src=\"https:\/\/www.youtube.com\/embed\/jyatZHMZ8Gw?feature=oembed\" frameborder=\"0\" allow=\"accelerometer; autoplay; clipboard-write; encrypted-media; gyroscope; picture-in-picture\" allowfullscreen><\/iframe>\n<\/div><\/figure>\n\n\n\n<p>Vous pouvez nous transmettre vos messages et notamment vos demandes de pri\u00e8re en cliquant sur <a href=\"https:\/\/restonsunis.com\/index.php\/a-votre-ecoute\/\">&#8220;\u00c0 votre \u00e9coute&#8221;<\/a>.<\/p>\n","protected":false},"excerpt":{"rendered":"<p>Le Jubil\u00e9, une \u00e9glise-t\u00e9moin Saviez-vous que le Jubil\u00e9 est aussi pr\u00e9sent dans le Nouveau Testament ? L&#8217;\u00e9vangile&hellip;<\/p>\n","protected":false},"author":1,"featured_media":0,"comment_status":"closed","ping_status":"open","sticky":false,"template":"","format":"standard","meta":{"footnotes":""},"categories":[42,33],"tags":[],"class_list":["post-3832","post","type-post","status-publish","format-standard","hentry","category-apres-la-crise-le-jubile","category-programme-special","no-margin"],"_links":{"self":[{"href":"https:\/\/restonsunis.com\/index.php\/wp-json\/wp\/v2\/posts\/3832","targetHints":{"allow":["GET"]}}],"collection":[{"href":"https:\/\/restonsunis.com\/index.php\/wp-json\/wp\/v2\/posts"}],"about":[{"href":"https:\/\/restonsunis.com\/index.php\/wp-json\/wp\/v2\/types\/post"}],"author":[{"embeddable":true,"href":"https:\/\/restonsunis.com\/index.php\/wp-json\/wp\/v2\/users\/1"}],"replies":[{"embeddable":true,"href":"https:\/\/restonsunis.com\/index.php\/wp-json\/wp\/v2\/comments?post=3832"}],"version-history":[{"count":2,"href":"https:\/\/restonsunis.com\/index.php\/wp-json\/wp\/v2\/posts\/3832\/revisions"}],"predecessor-version":[{"id":3837,"href":"https:\/\/restonsunis.com\/index.php\/wp-json\/wp\/v2\/posts\/3832\/revisions\/3837"}],"wp:attachment":[{"href":"https:\/\/restonsunis.com\/index.php\/wp-json\/wp\/v2\/media?parent=3832"}],"wp:term":[{"taxonomy":"category","embeddable":true,"href":"https:\/\/restonsunis.com\/index.php\/wp-json\/wp\/v2\/categories?post=3832"},{"taxonomy":"post_tag","embeddable":true,"href":"https:\/\/restonsunis.com\/index.php\/wp-json\/wp\/v2\/tags?post=3832"}],"curies":[{"name":"wp","href":"https:\/\/api.w.org\/{rel}","templated":true}]}}