{"id":3986,"date":"2020-12-05T09:30:20","date_gmt":"2020-12-05T05:30:20","guid":{"rendered":"https:\/\/restonsunis.com\/?p=3986"},"modified":"2020-12-05T16:20:10","modified_gmt":"2020-12-05T12:20:10","slug":"5-decembre-2020-le-chretien-et-le-travail","status":"publish","type":"post","link":"https:\/\/restonsunis.com\/index.php\/2020\/12\/05\/5-decembre-2020-le-chretien-et-le-travail\/","title":{"rendered":"5 d\u00e9cembre 2020 &#8211; Le chr\u00e9tien et le travail."},"content":{"rendered":"\n<figure class=\"wp-block-embed-soundcloud wp-block-embed is-type-rich is-provider-soundcloud wp-embed-aspect-4-3 wp-has-aspect-ratio\"><div class=\"wp-block-embed__wrapper\">\nhttps:\/\/soundcloud.com\/adventistereunion\/recu-77-du-5-decembre-2020?in=adventistereunion\/sets\/recu-7-7-leducation-11-le\n<\/div><\/figure>\n\n\n\n<p><strong>\u00ab Ainsi, mes fr\u00e8res bienaim\u00e9s, soyez fermes, in\u00e9branlables, travaillant de mieux en mieux \u00e0 l\u2019\u0153uvre du Seigneur, sachant que votre travail ne sera pas vain dans le Seigneur \u00bb&nbsp;<\/strong><em>(1 Corinthiens 15:58, LSG).<\/em><\/p>\n\n\n\n<p>Le travail est l\u2019id\u00e9e de Dieu. Dans le monde id\u00e9al avant le p\u00e9ch\u00e9, Dieu a donn\u00e9 \u00e0 Adam et \u00c8ve la t\u00e2che de s\u2019occuper du jardin\u00a0<em>(Gen\u00e8se 2:15)<\/em>. Comme leur Cr\u00e9ateur, \u00e0 l\u2019image duquel ils ont \u00e9t\u00e9 cr\u00e9\u00e9s, ils devaient \u00eatre employ\u00e9s \u00e0 un travail cr\u00e9atif et un service d\u2019amour. C\u2019est-\u00e0-dire que m\u00eame dans un monde sans p\u00e9ch\u00e9, sans mort et sans souffrance, l\u2019humanit\u00e9 devait \u00eatre \u00e0 l\u2019\u0153uvre.<\/p>\n\n\n\n<p>En cette \u00ab p\u00e9riode de transition \u00bb (apr\u00e8s le monde id\u00e9al et avant le monde promis), nous sommes invit\u00e9s \u00e0 consid\u00e9rer le travail comme l\u2019une des b\u00e9n\u00e9dictions de Dieu. Chez les Juifs, on enseignait \u00e0 chaque enfant un m\u00e9tier. En fait, on disait qu\u2019un p\u00e8re qui n\u2019enseignait pas un m\u00e9tier \u00e0 son fils \u00e9levait un criminel. Pendant ce temps, J\u00e9sus, le Fils de Dieu, a pass\u00e9 de nombreuses ann\u00e9es \u00e0 faire la volont\u00e9 de Son P\u00e8re en travaillant honn\u00eatement comme artisan qualifi\u00e9, peut-\u00eatre en fournissant aux habitants de Nazareth les meubles et les outils agricoles dont ils avaient besoin\u00a0<em>(Marc 6:3)<\/em>. Tout cela faisait \u00e9galement partie de la formation destin\u00e9e \u00e0 Le pr\u00e9parer au minist\u00e8re \u00e0 venir. L\u2019ap\u00f4tre Paul accomplissait l\u2019\u0153uvre du Seigneur aussi surement lorsqu\u2019il travaillait aux c\u00f4t\u00e9s d\u2019Aquila et de Priscille pendant un an et demi comme faiseur de tentes que lorsqu\u2019il d\u00e9battait le jour du sabbat dans la synagogue\u00a0<em>(Actes 18:1-4, 2 Thess. 3:8-12)<\/em>. Cette semaine, nous examinerons toute la question du travail et son r\u00f4le dans l\u2019\u00e9ducation chr\u00e9tienne.<\/p>\n","protected":false},"excerpt":{"rendered":"<p>\u00ab Ainsi, mes fr\u00e8res bienaim\u00e9s, soyez fermes, in\u00e9branlables, travaillant de mieux en mieux \u00e0 l\u2019\u0153uvre du Seigneur,&hellip;<\/p>\n","protected":false},"author":3,"featured_media":0,"comment_status":"closed","ping_status":"open","sticky":false,"template":"","format":"standard","meta":{"footnotes":""},"categories":[23],"tags":[],"class_list":["post-3986","post","type-post","status-publish","format-standard","hentry","category-recu-7-7","no-margin"],"_links":{"self":[{"href":"https:\/\/restonsunis.com\/index.php\/wp-json\/wp\/v2\/posts\/3986","targetHints":{"allow":["GET"]}}],"collection":[{"href":"https:\/\/restonsunis.com\/index.php\/wp-json\/wp\/v2\/posts"}],"about":[{"href":"https:\/\/restonsunis.com\/index.php\/wp-json\/wp\/v2\/types\/post"}],"author":[{"embeddable":true,"href":"https:\/\/restonsunis.com\/index.php\/wp-json\/wp\/v2\/users\/3"}],"replies":[{"embeddable":true,"href":"https:\/\/restonsunis.com\/index.php\/wp-json\/wp\/v2\/comments?post=3986"}],"version-history":[{"count":2,"href":"https:\/\/restonsunis.com\/index.php\/wp-json\/wp\/v2\/posts\/3986\/revisions"}],"predecessor-version":[{"id":3989,"href":"https:\/\/restonsunis.com\/index.php\/wp-json\/wp\/v2\/posts\/3986\/revisions\/3989"}],"wp:attachment":[{"href":"https:\/\/restonsunis.com\/index.php\/wp-json\/wp\/v2\/media?parent=3986"}],"wp:term":[{"taxonomy":"category","embeddable":true,"href":"https:\/\/restonsunis.com\/index.php\/wp-json\/wp\/v2\/categories?post=3986"},{"taxonomy":"post_tag","embeddable":true,"href":"https:\/\/restonsunis.com\/index.php\/wp-json\/wp\/v2\/tags?post=3986"}],"curies":[{"name":"wp","href":"https:\/\/api.w.org\/{rel}","templated":true}]}}