{"id":4513,"date":"2021-01-13T06:00:00","date_gmt":"2021-01-13T02:00:00","guid":{"rendered":"https:\/\/restonsunis.com\/?p=4513"},"modified":"2021-01-13T14:17:18","modified_gmt":"2021-01-13T10:17:18","slug":"une-tranche-par-jour-13-janvier-baptises-de-lesprit-saint","status":"publish","type":"post","link":"https:\/\/restonsunis.com\/index.php\/2021\/01\/13\/une-tranche-par-jour-13-janvier-baptises-de-lesprit-saint\/","title":{"rendered":"Une Tranche Par Jour &#8211; 13 janvier : Baptis\u00e9s de l\u2019Esprit-Saint"},"content":{"rendered":"\n<figure class=\"wp-block-image size-large\"><img loading=\"lazy\" decoding=\"async\" width=\"1024\" height=\"1024\" src=\"https:\/\/restonsunis.com\/wp-content\/uploads\/2021\/01\/01-13-1024x1024.png\" alt=\"\" class=\"wp-image-4514\" srcset=\"https:\/\/restonsunis.com\/wp-content\/uploads\/2021\/01\/01-13-1024x1024.png 1024w, https:\/\/restonsunis.com\/wp-content\/uploads\/2021\/01\/01-13-300x300.png 300w, https:\/\/restonsunis.com\/wp-content\/uploads\/2021\/01\/01-13-150x150.png 150w, https:\/\/restonsunis.com\/wp-content\/uploads\/2021\/01\/01-13-768x768.png 768w, https:\/\/restonsunis.com\/wp-content\/uploads\/2021\/01\/01-13-67x67.png 67w, https:\/\/restonsunis.com\/wp-content\/uploads\/2021\/01\/01-13.png 1080w\" sizes=\"auto, (max-width: 1024px) 100vw, 1024px\" \/><\/figure>\n\n\n\n<p><strong>\u00ab&nbsp;<em>Quand il sera venu, il vous baptisera de feu et d\u2019esprit.&nbsp;\u00bb <\/em>Matthieu3.11<\/strong><\/p>\n\n\n\n<p>Que voulons-nous que J\u00e9sus fasse pour nous aujourd\u2019hui&nbsp;? Chaque croyant est appel\u00e9 \u00e0 marcher dans le chemin de foi que Dieu propose mais r\u00e9pondre \u00e0 une telle invitation exige une cons\u00e9cration pleine, cons\u00e9cration dont la cons\u00e9quence la plus visible sera le t\u00e9moignage de la foi en l\u2019\u0153uvre unique du Christ. Etes-vous baptis\u00e9 \u00ab&nbsp;dans l\u2019Esprit- Saint&nbsp;\u00bb&nbsp;? Etes-vous convaincu que toute exp\u00e9rience spirituelle profonde conduit in\u00e9vitablement \u00e0 un t\u00e9moignage exaltant J\u00e9sus comme Sauveur et Seigneur&nbsp;?<\/p>\n\n\n\n<p>Si vous voulez r\u00e9pondre \u00e0 l\u2019invitation du Seigneur, n\u2019h\u00e9sitez pas une seule seconde&nbsp;: faites-le et vous verrez que la pr\u00e9sence de l\u2019Esprit est une r\u00e9alit\u00e9 accessible \u00e0 toute personne qui lui ouvre son c\u0153ur. Dieu ne veut certainement pas forcer notre volont\u00e9 \u00e0 accepter la sienne. Il d\u00e9sire sans aucun doute que notre exp\u00e9rience spirituelle ait du sens \u00e0 nos yeux. La Bible ne nous dit aucunement que Dieu cherche \u00e0 nous convaincre d\u2019accepter quelque chose qui ne trouve aucune r\u00e9sonance dans notre vie.&nbsp;<\/p>\n\n\n\n<p>Pour vivre selon l\u2019Esprit il faut que notre esprit soit dispos\u00e9 \u00e0 \u00e9couter ce que Dieu nous propose dans sa Parole. Il veut nous convaincre du s\u00e9rieux de son appel au salut mais il ne cherche pas \u00e0 nous obliger \u00e0 accepter ce m\u00eame salut. Sinon il n\u2019y aurait pas de libert\u00e9 et dans ce cas il aurait pu simplement emp\u00eacher l\u2019\u00e9mergence du p\u00e9ch\u00e9.<\/p>\n\n\n\n<p>De ce fait, il est n\u00e9cessaire d\u2019accepter le bapt\u00eame de l\u2019Esprit comme une rencontre qui transforme notre vie. Ce bapt\u00eame ne se vit pas dans une sorte d\u2019effervescence et de comportement irrationnel. Le bapt\u00eame de l\u2019Esprit concerne notre intelligence, notre capacit\u00e9 de faire preuve de bon sens \u00ab&nbsp;spirituel&nbsp;\u00bb.&nbsp;<\/p>\n\n\n\n<p>Ce jour devient l\u2019occasion d\u2019une r\u00e9elle exp\u00e9rience de foi en l\u2019action de l\u2019Esprit dans votre vie. Voulez-vous lui ouvrir votre c\u0153ur&nbsp;?<\/p>\n\n\n\n<p><em>Pri\u00e8re du jour<\/em>&nbsp;: \u00ab&nbsp;Seigneur&nbsp;! Je te remercie pour la vie que tu me donnes et qui ne demande qu\u2019\u00e0 se d\u00e9velopper. Je reconnais mes limites et je veux me laisser transformer par toi&nbsp;; aussi, baptise-moi par ton Esprit. Amen&nbsp;!&nbsp;\u00bb<\/p>\n\n\n\n<hr class=\"wp-block-separator\"\/>\n\n\n\n<p class=\"has-text-align-center\"><em><strong>Une tranche par jour est un livre de m\u00e9ditations quotidiennes sur le fruit de l&#8217;Espri<\/strong><\/em><strong><em>t, \u00e9crit par le Pasteur Daniel Jennah<\/em><\/strong><\/p>\n\n\n\n<p class=\"has-text-align-center\"><em>\u00a9 Daniel Jennah \/ Maradil &#8211; 2020<br>Les m\u00e9ditations sont publi\u00e9es sur le site restonsunis.com et les pages Instagram et Facebook d&#8217;Adventiste R\u00e9union avec la permission de l&#8217;auteur. <\/em><\/p>\n\n\n\n<p class=\"has-text-align-center\"><em>Il est rappel\u00e9 que le Code de la propri\u00e9t\u00e9 intellectuelle interdit les copies ou reproductions destin\u00e9es \u00e0 une utilisation collective. Toute repr\u00e9sentation ou reproduction int\u00e9grale ou partielle faite par quelque proc\u00e9d\u00e9 que ce soit, sans le consentement de l\u2019auteur, est illicite et constitue une contrefa\u00e7on, aux termes des articles L.335-2 et suivants du Code de la propri\u00e9t\u00e9 intellectuelle.<\/em><\/p>\n","protected":false},"excerpt":{"rendered":"<p>\u00ab&nbsp;Quand il sera venu, il vous baptisera de feu et d\u2019esprit.&nbsp;\u00bb Matthieu3.11 Que voulons-nous que J\u00e9sus fasse&hellip;<\/p>\n","protected":false},"author":1,"featured_media":0,"comment_status":"closed","ping_status":"open","sticky":false,"template":"","format":"standard","meta":{"footnotes":""},"categories":[45,44],"tags":[51,53,52],"class_list":["post-4513","post","type-post","status-publish","format-standard","hentry","category-meditations-quotidiennes","category-une-tranche-par-jour","tag-fruit-de-lesprit","tag-meditation-quotidienne","tag-vigile-matinale","no-margin"],"_links":{"self":[{"href":"https:\/\/restonsunis.com\/index.php\/wp-json\/wp\/v2\/posts\/4513","targetHints":{"allow":["GET"]}}],"collection":[{"href":"https:\/\/restonsunis.com\/index.php\/wp-json\/wp\/v2\/posts"}],"about":[{"href":"https:\/\/restonsunis.com\/index.php\/wp-json\/wp\/v2\/types\/post"}],"author":[{"embeddable":true,"href":"https:\/\/restonsunis.com\/index.php\/wp-json\/wp\/v2\/users\/1"}],"replies":[{"embeddable":true,"href":"https:\/\/restonsunis.com\/index.php\/wp-json\/wp\/v2\/comments?post=4513"}],"version-history":[{"count":2,"href":"https:\/\/restonsunis.com\/index.php\/wp-json\/wp\/v2\/posts\/4513\/revisions"}],"predecessor-version":[{"id":4530,"href":"https:\/\/restonsunis.com\/index.php\/wp-json\/wp\/v2\/posts\/4513\/revisions\/4530"}],"wp:attachment":[{"href":"https:\/\/restonsunis.com\/index.php\/wp-json\/wp\/v2\/media?parent=4513"}],"wp:term":[{"taxonomy":"category","embeddable":true,"href":"https:\/\/restonsunis.com\/index.php\/wp-json\/wp\/v2\/categories?post=4513"},{"taxonomy":"post_tag","embeddable":true,"href":"https:\/\/restonsunis.com\/index.php\/wp-json\/wp\/v2\/tags?post=4513"}],"curies":[{"name":"wp","href":"https:\/\/api.w.org\/{rel}","templated":true}]}}