{"id":4641,"date":"2021-01-23T08:00:00","date_gmt":"2021-01-23T04:00:00","guid":{"rendered":"https:\/\/restonsunis.com\/?p=4641"},"modified":"2021-01-29T22:07:55","modified_gmt":"2021-01-29T18:07:55","slug":"programme-du-sabbat-16-janvier-2021","status":"publish","type":"post","link":"https:\/\/restonsunis.com\/index.php\/2021\/01\/23\/programme-du-sabbat-16-janvier-2021\/","title":{"rendered":"Programme du sabbat 23 janvier 2021"},"content":{"rendered":"\n<h3 class=\"wp-block-heading\">ARC Radio est maintenant aussi sur Spotify :<\/h3>\n\n\n\n<figure class=\"wp-block-embed is-type-rich is-provider-spotify wp-block-embed-spotify wp-embed-aspect-21-9 wp-has-aspect-ratio\"><div class=\"wp-block-embed__wrapper\">\n<iframe title=\"Spotify Embed: ARC Radio\" style=\"border-radius: 12px\" width=\"100%\" height=\"152\" frameborder=\"0\" allowfullscreen allow=\"autoplay; clipboard-write; encrypted-media; fullscreen; picture-in-picture\" loading=\"lazy\" src=\"https:\/\/open.spotify.com\/embed\/show\/4LPL9OCkLnoH5X1zwiVYtL?si=p2c4QDyUTnKi6yqUKL_6YA&#038;utm_source=oembed\"><\/iframe>\n<\/div><\/figure>\n\n\n\n<h2 class=\"has-text-align-center wp-block-heading\">Libert\u00e9 religieuse<\/h2>\n\n\n\n<figure class=\"wp-block-embed is-type-video is-provider-youtube wp-block-embed-youtube wp-embed-aspect-16-9 wp-has-aspect-ratio\"><div class=\"wp-block-embed__wrapper\">\n<iframe loading=\"lazy\" title=\"Pasteur Wilson : Promouvoir la libert\u00e9 religieuse dans le monde\" width=\"770\" height=\"433\" src=\"https:\/\/www.youtube.com\/embed\/lzSD9liK5Lc?feature=oembed\" frameborder=\"0\" allow=\"accelerometer; autoplay; clipboard-write; encrypted-media; gyroscope; picture-in-picture\" allowfullscreen><\/iframe>\n<\/div><\/figure>\n\n\n\n<h2 class=\"has-text-align-center wp-block-heading\">Nouveaut\u00e9<\/h2>\n\n\n\n<div class=\"wp-block-image\"><figure class=\"alignleft size-large\"><a href=\"https:\/\/adventiste.re\/marmay\" target=\"_blank\" rel=\"noopener\"><img loading=\"lazy\" decoding=\"async\" width=\"240\" height=\"140\" src=\"https:\/\/restonsunis.com\/wp-content\/uploads\/2021\/01\/logo-lesperiansMarmay.png\" alt=\"\" class=\"wp-image-4646\"\/><\/a><\/figure><\/div>\n\n\n\n<p>Restonsunis.com lance son site pour les marmailles.<\/p>\n\n\n\n<p>De nombreux contenus attendent vos enfants.<\/p>\n\n\n\n<p class=\"has-text-align-right\"><a href=\"https:\/\/adventiste.re\/marmay\">https:\/\/adventiste.re\/marmay<\/a><\/p>\n\n\n\n<hr class=\"wp-block-separator\"\/>\n\n\n\n<h2 class=\"has-text-align-center wp-block-heading\">\ud83d\uddd3 Agenda des salons de discussion<\/h2>\n\n\n\n<p class=\"has-text-align-center\">Retrouvez le planning des salons de discussion d&#8217;aujourd&#8217;hui et de la semaine prochaine en cliquant sur les boutons ci-dessous.<\/p>\n\n\n\n<div class=\"wp-block-buttons aligncenter is-layout-flex wp-block-buttons-is-layout-flex\">\n<div class=\"wp-block-button\"><a class=\"wp-block-button__link has-vivid-cyan-blue-background-color has-background\" href=\"https:\/\/restonsunis.com\/index.php\/agenda-du-sabbat\/\">Agenda du Sabbat<\/a><\/div>\n\n\n\n<div class=\"wp-block-button\"><a class=\"wp-block-button__link has-white-color has-vivid-green-cyan-background-color has-text-color has-background\" href=\"https:\/\/restonsunis.com\/index.php\/agenda-de-la-semaine\/\">Agenda de la Semaine<\/a><\/div>\n<\/div>\n\n\n\n<h2 class=\"has-text-align-center wp-block-heading\">Moment de louange<\/h2>\n\n\n\n<h2 class=\"has-text-align-center wp-block-heading\">Le\u00e7on EDS<\/h2>\n\n\n\n<h2 class=\"has-text-align-center wp-block-heading\">Emission &#8220;Autrement dit&#8221;<\/h2>\n\n\n\n<figure class=\"wp-block-embed is-type-video is-provider-youtube wp-block-embed-youtube wp-embed-aspect-16-9 wp-has-aspect-ratio\"><div class=\"wp-block-embed__wrapper\">\n<iframe loading=\"lazy\" title=\"AUTREMENT DIT &quot;\u00c9tude de l&#039;\u00e9cole du Sabbat 04&quot; A leur d\u00e9pens 22 01 2021\" width=\"770\" height=\"433\" src=\"https:\/\/www.youtube.com\/embed\/x2JmEq00gcw?feature=oembed\" frameborder=\"0\" allow=\"accelerometer; autoplay; clipboard-write; encrypted-media; gyroscope; picture-in-picture\" allowfullscreen><\/iframe>\n<\/div><\/figure>\n\n\n\n<h2 class=\"has-text-align-center wp-block-heading\">Rapport missionnaire mondial<\/h2>\n\n\n\n<figure class=\"wp-block-embed is-type-video is-provider-youtube wp-block-embed-youtube wp-embed-aspect-16-9 wp-has-aspect-ratio\"><div class=\"wp-block-embed__wrapper\">\n<iframe loading=\"lazy\" title=\"Janvier 23 - Comment d\u00e9marrer un mouvement missionnaire\" width=\"770\" height=\"433\" src=\"https:\/\/www.youtube.com\/embed\/FZK8iTAsrg4?feature=oembed\" frameborder=\"0\" allow=\"accelerometer; autoplay; clipboard-write; encrypted-media; gyroscope; picture-in-picture\" allowfullscreen><\/iframe>\n<\/div><\/figure>\n\n\n\n<h2 class=\"has-text-align-center wp-block-heading\">Les cultes d&#8217;adoration<\/h2>\n\n\n\n<h3 class=\"has-text-align-center wp-block-heading\">Le culte d&#8217;adoration pour les enfants (6-12 ans)<\/h3>\n\n\n\n<div class=\"wp-block-group\"><div class=\"wp-block-group__inner-container is-layout-flow wp-block-group-is-layout-flow\">\n<figure class=\"wp-block-embed is-type-video is-provider-youtube wp-block-embed-youtube wp-embed-aspect-16-9 wp-has-aspect-ratio\"><div class=\"wp-block-embed__wrapper\">\n<iframe loading=\"lazy\" title=\"#43  L&#039;INT\u00c9GRIT\u00c9 ! [Culte enfants] Sabbat 23 janvier 2021\" width=\"770\" height=\"433\" src=\"https:\/\/www.youtube.com\/embed\/gwsQnVvjGa0?feature=oembed\" frameborder=\"0\" allow=\"accelerometer; autoplay; clipboard-write; encrypted-media; gyroscope; picture-in-picture\" allowfullscreen><\/iframe>\n<\/div><\/figure>\n<\/div><\/div>\n\n\n\n<div class=\"wp-block-buttons aligncenter is-layout-flex wp-block-buttons-is-layout-flex\">\n<div class=\"wp-block-button\"><a class=\"wp-block-button__link has-pale-pink-background-color has-background\" href=\"https:\/\/restonsunis.com\/index.php\/programme-pour-les-enfants\/\" target=\"_blank\" rel=\"noreferrer noopener\">Revoir les programmes pour les enfants<\/a><\/div>\n<\/div>\n\n\n\n<h2 class=\"has-text-align-center wp-block-heading\">Culte Espoir (\u00e0 14h UTC+4)<\/h2>\n\n\n\n<figure class=\"wp-block-embed is-type-video is-provider-youtube wp-block-embed-youtube wp-embed-aspect-16-9 wp-has-aspect-ratio\"><div class=\"wp-block-embed__wrapper\">\n<iframe loading=\"lazy\" title=\"Une Terre Partag\u00e9e avec Gabriel Monet - Culte Espoir avec Amandine, Myldred et Marina.\" width=\"770\" height=\"433\" src=\"https:\/\/www.youtube.com\/embed\/XRLo7Wua3zg?feature=oembed\" frameborder=\"0\" allow=\"accelerometer; autoplay; clipboard-write; encrypted-media; gyroscope; picture-in-picture\" allowfullscreen><\/iframe>\n<\/div><\/figure>\n\n\n\n<hr class=\"wp-block-separator\"\/>\n\n\n\n<h1 class=\"has-text-align-center wp-block-heading\">Bonus<\/h1>\n\n\n\n<h2 class=\"has-text-align-center wp-block-heading\">Emission Re\u00e7u 7\/7 de la semaine<\/h2>\n\n\n\n<figure class=\"wp-block-embed is-type-rich is-provider-soundcloud wp-block-embed-soundcloud wp-embed-aspect-4-3 wp-has-aspect-ratio\"><div class=\"wp-block-embed__wrapper\">\n<iframe loading=\"lazy\" title=\"Re\u00e7u 7\/7 - \u00c9sa\u00efe : 04.\u00c0 ses d\u00e9pens. by ARC Radio\" width=\"770\" height=\"450\" scrolling=\"no\" frameborder=\"no\" src=\"https:\/\/w.soundcloud.com\/player\/?visual=true&#038;url=https%3A%2F%2Fapi.soundcloud.com%2Fplaylists%2F1195947466&#038;show_artwork=true&#038;maxheight=1000&#038;maxwidth=770\"><\/iframe>\n<\/div><\/figure>\n","protected":false},"excerpt":{"rendered":"<p>Pour ce sabbat de la libert\u00e9 religieuse, appr\u00e9cions le privil\u00e8ge de pouvoir pratiquer sa foi librement. Prions pour ceux qui n&#8217;ont pas cette possibilit\u00e9.<\/p>\n","protected":false},"author":1,"featured_media":0,"comment_status":"closed","ping_status":"open","sticky":false,"template":"","format":"standard","meta":{"footnotes":""},"categories":[26],"tags":[],"class_list":["post-4641","post","type-post","status-publish","format-standard","hentry","category-journee-de-sabbat","no-margin"],"_links":{"self":[{"href":"https:\/\/restonsunis.com\/index.php\/wp-json\/wp\/v2\/posts\/4641","targetHints":{"allow":["GET"]}}],"collection":[{"href":"https:\/\/restonsunis.com\/index.php\/wp-json\/wp\/v2\/posts"}],"about":[{"href":"https:\/\/restonsunis.com\/index.php\/wp-json\/wp\/v2\/types\/post"}],"author":[{"embeddable":true,"href":"https:\/\/restonsunis.com\/index.php\/wp-json\/wp\/v2\/users\/1"}],"replies":[{"embeddable":true,"href":"https:\/\/restonsunis.com\/index.php\/wp-json\/wp\/v2\/comments?post=4641"}],"version-history":[{"count":3,"href":"https:\/\/restonsunis.com\/index.php\/wp-json\/wp\/v2\/posts\/4641\/revisions"}],"predecessor-version":[{"id":4727,"href":"https:\/\/restonsunis.com\/index.php\/wp-json\/wp\/v2\/posts\/4641\/revisions\/4727"}],"wp:attachment":[{"href":"https:\/\/restonsunis.com\/index.php\/wp-json\/wp\/v2\/media?parent=4641"}],"wp:term":[{"taxonomy":"category","embeddable":true,"href":"https:\/\/restonsunis.com\/index.php\/wp-json\/wp\/v2\/categories?post=4641"},{"taxonomy":"post_tag","embeddable":true,"href":"https:\/\/restonsunis.com\/index.php\/wp-json\/wp\/v2\/tags?post=4641"}],"curies":[{"name":"wp","href":"https:\/\/api.w.org\/{rel}","templated":true}]}}