{"id":5044,"date":"2021-02-22T10:00:00","date_gmt":"2021-02-22T06:00:00","guid":{"rendered":"https:\/\/restonsunis.com\/?p=5044"},"modified":"2021-02-21T23:47:19","modified_gmt":"2021-02-21T19:47:19","slug":"22-fevrier-2021-le-serviteur-anonyme-esaie-42-1-7","status":"publish","type":"post","link":"https:\/\/restonsunis.com\/index.php\/2021\/02\/22\/22-fevrier-2021-le-serviteur-anonyme-esaie-42-1-7\/","title":{"rendered":"22 f\u00e9vrier 2021 : Le serviteur anonyme (\u00c9sa\u00efe 42.1-7)."},"content":{"rendered":"\n<figure class=\"wp-block-embed is-type-rich is-provider-soundcloud wp-block-embed-soundcloud wp-embed-aspect-4-3 wp-has-aspect-ratio\"><div class=\"wp-block-embed__wrapper\">\nhttps:\/\/soundcloud.com\/adventistereunion\/recu-77-du-22-fevrier-2021\/s-xBBXECXdDcK\n<\/div><\/figure>\n\n\n\n<p>Quel <strong>est le r\u00f4le et le caract\u00e8re du serviteur anonyme de Dieu, que Dieu choisit et sur lequel Il met Son Esprit ? Esa. 42:1-7.<\/strong><\/p>\n\n\n\n<p>Choisissez la meilleure r\u00e9ponse ou une combinaison de r\u00e9ponses:<br>1. Il rend justice aux nations.<br>2. Il accomplit Ses desseins avec calme et douceur, mais avec succ\u00e8s. <br>3. C\u2019est un enseignant.<br>4. Il sert d\u2019alliance entre Dieu et le peuple.<br>5. Il donne la lumi\u00e8re ou l\u2019esp\u00e9rance en gu\u00e9rissant les aveugles et en lib\u00e9rant les captifs.<br>6. Tout ces \u00e9l\u00e9ments.<\/p>\n\n\n\n<p>Comment le r\u00f4le et le caract\u00e8re de ce serviteur se comparent-ils \u00e0 ceux du \u00ab rameau qui sort du tronc d\u2019Isa\u00efe \u00bb, sur lequel repose l\u2019Esprit du Seigneur <em>(\u00c9sa\u00efe 11)<\/em> ?<\/p>\n\n\n\n<p>Comme dans \u00c9sa\u00efe 42, le souverain davidique d\u2019\u00c9sa\u00efe 11 agit en harmonie avec Dieu, en apportant la justice et la d\u00e9livrance aux opprim\u00e9s, ainsi que la sagesse et la connaissance de Dieu. Nous avons d\u00e9couvert que ce \u00ab rameau \u00bb et ce \u00ab tronc \u00bb d\u2019Isa\u00ef est le Messie, l\u2019enfant divin d\u2019\u00c9sa\u00efe 9:6, 7, qui apporte \u00e9ga- lement \u00ab une paix sans fin au tr\u00f4ne de David et \u00e0 son royaume \u00bb par \u00ab le droit et la justice \u00bb <em>( \u00c9sa\u00efe 9:7, LSG)<\/em>. Le serviteur d\u2019\u00c9sa\u00efe 42 est, de toute \u00e9vidence, le Messie<\/p>\n\n\n\n<p>Comment <strong>le Nouveau Testament identifie-t-il le serviteur d\u2019\u00c9sa\u00efe 42:1-7, qui rend justice ? <\/strong><em>Matt. 12:15-21<\/em><strong>.<\/strong><\/p>\n\n\n\n<p>Matthieu 12 cite \u00c9sa\u00efe 42 et l\u2019applique au minist\u00e8re de gu\u00e9rison discr\u00e8te de J\u00e9sus, le Fils bienaim\u00e9 de Dieu, en qui Il a mis toute Son affection <em>(\u00c9sa\u00efe 42:1; Matt. 3:16, 17; Matt. 17:5)<\/em>. C\u2019est Lui dont le minist\u00e8re r\u00e9tablit le lien de l\u2019alliance de Dieu avec Son peuple <em>(\u00c9sa\u00efe 42:6, Dan. 9:27)<\/em>.<\/p>\n\n\n\n<p>J\u00e9sus et Ses disciples ont obtenu la justice pour les gens en les d\u00e9livrant de la souffrance, de l\u2019ignorance de Dieu et de l\u2019esclavage des mauvais esprits, caus\u00e9s par l\u2019oppression de Satan <em>(Luc 10:19)<\/em>. Puis J\u00e9sus est mort afin de ratifier la \u00ab nouvelle alliance \u00bb <em>(Matt. 26:28, LSG) <\/em>et d\u2019obtenir la justice pour le monde en chassant Satan, l\u2019\u00e9tranger qui avait usurp\u00e9 la position de \u00ab prince de ce monde \u00bb <em>(Jean 12:31-33, LSG)<\/em>.<\/p>\n\n\n\n<p><strong>Lisez \u00c9sa\u00efe 42:1-4, la repr\u00e9sentation de Christ. Passez un peu de temps \u00e0 vous attarder sur la vie de J\u00e9sus. Quelles caract\u00e9ristiques sp\u00e9cifiques de Son minist\u00e8re ont si bien accompli cette proph\u00e9tie ? Quelles le\u00e7ons pouvons-nous tirer sur la fa\u00e7on dont nous devrions exercer notre minist\u00e8re aupr\u00e8s des autres ?<\/strong><\/p>\n","protected":false},"excerpt":{"rendered":"<p>Quel est le r\u00f4le et le caract\u00e8re du serviteur anonyme de Dieu, que Dieu choisit et sur&hellip;<\/p>\n","protected":false},"author":3,"featured_media":0,"comment_status":"closed","ping_status":"open","sticky":false,"template":"","format":"standard","meta":{"footnotes":""},"categories":[46,23],"tags":[47,48,50,49],"class_list":["post-5044","post","type-post","status-publish","format-standard","hentry","category-eds","category-recu-7-7","tag-ecole-du-sabbat","tag-esaie","tag-etude-de-la-bible","tag-podcast","no-margin"],"_links":{"self":[{"href":"https:\/\/restonsunis.com\/index.php\/wp-json\/wp\/v2\/posts\/5044","targetHints":{"allow":["GET"]}}],"collection":[{"href":"https:\/\/restonsunis.com\/index.php\/wp-json\/wp\/v2\/posts"}],"about":[{"href":"https:\/\/restonsunis.com\/index.php\/wp-json\/wp\/v2\/types\/post"}],"author":[{"embeddable":true,"href":"https:\/\/restonsunis.com\/index.php\/wp-json\/wp\/v2\/users\/3"}],"replies":[{"embeddable":true,"href":"https:\/\/restonsunis.com\/index.php\/wp-json\/wp\/v2\/comments?post=5044"}],"version-history":[{"count":1,"href":"https:\/\/restonsunis.com\/index.php\/wp-json\/wp\/v2\/posts\/5044\/revisions"}],"predecessor-version":[{"id":5047,"href":"https:\/\/restonsunis.com\/index.php\/wp-json\/wp\/v2\/posts\/5044\/revisions\/5047"}],"wp:attachment":[{"href":"https:\/\/restonsunis.com\/index.php\/wp-json\/wp\/v2\/media?parent=5044"}],"wp:term":[{"taxonomy":"category","embeddable":true,"href":"https:\/\/restonsunis.com\/index.php\/wp-json\/wp\/v2\/categories?post=5044"},{"taxonomy":"post_tag","embeddable":true,"href":"https:\/\/restonsunis.com\/index.php\/wp-json\/wp\/v2\/tags?post=5044"}],"curies":[{"name":"wp","href":"https:\/\/api.w.org\/{rel}","templated":true}]}}