{"id":5172,"date":"2021-03-06T08:00:00","date_gmt":"2021-03-06T04:00:00","guid":{"rendered":"https:\/\/restonsunis.com\/?p=5172"},"modified":"2021-03-06T16:12:39","modified_gmt":"2021-03-06T12:12:39","slug":"programme-du-sabbat-5-mars-2021","status":"publish","type":"post","link":"https:\/\/restonsunis.com\/index.php\/2021\/03\/06\/programme-du-sabbat-5-mars-2021\/","title":{"rendered":"Programme du sabbat 6 mars 2021"},"content":{"rendered":"\n<h2 class=\"has-text-align-center wp-block-heading\">Journ\u00e9e internationale de pri\u00e8re des femmes<\/h2>\n\n\n\n<h2 class=\"has-text-align-center wp-block-heading\">\ud83d\uddd3 Agenda des salons de discussion<\/h2>\n\n\n\n<p class=\"has-text-align-center\">Retrouvez le planning des salons de discussion d&#8217;aujourd&#8217;hui et de la semaine prochaine en cliquant sur les boutons ci-dessous.<\/p>\n\n\n\n<div class=\"wp-block-buttons aligncenter is-layout-flex wp-block-buttons-is-layout-flex\">\n<div class=\"wp-block-button\"><a class=\"wp-block-button__link has-vivid-cyan-blue-background-color has-background\" href=\"https:\/\/restonsunis.com\/index.php\/agenda-du-sabbat\/\">Agenda du Sabbat<\/a><\/div>\n\n\n\n<div class=\"wp-block-button\"><a class=\"wp-block-button__link has-white-color has-vivid-green-cyan-background-color has-text-color has-background\" href=\"https:\/\/restonsunis.com\/index.php\/agenda-de-la-semaine\/\">Agenda de la Semaine<\/a><\/div>\n<\/div>\n\n\n\n<h2 class=\"has-text-align-center wp-block-heading\">Moment de louange<\/h2>\n\n\n\n<figure class=\"wp-block-embed is-type-video is-provider-youtube wp-block-embed-youtube wp-embed-aspect-16-9 wp-has-aspect-ratio\"><div class=\"wp-block-embed__wrapper\">\n<iframe loading=\"lazy\" title=\"Louange du 6 mars 2021\" width=\"770\" height=\"433\" src=\"https:\/\/www.youtube.com\/embed\/videoseries?list=PLHPlvMtb3LGfzD_edXJur26lGebKnC9ER\" frameborder=\"0\" allow=\"accelerometer; autoplay; clipboard-write; encrypted-media; gyroscope; picture-in-picture\" allowfullscreen><\/iframe>\n<\/div><\/figure>\n\n\n\n<h2 class=\"has-text-align-center wp-block-heading\">Le\u00e7on EDS<\/h2>\n\n\n\n<h2 class=\"has-text-align-center wp-block-heading\">Emission &#8220;Autrement dit&#8221;<\/h2>\n\n\n\n<figure class=\"wp-block-embed is-type-video is-provider-youtube wp-block-embed-youtube wp-embed-aspect-16-9 wp-has-aspect-ratio\"><div class=\"wp-block-embed__wrapper\">\n<iframe loading=\"lazy\" title=\"AUTREMENT DIT &quot;\u00c9tude de l&#039;\u00e9cole du Sabbat 10&quot; Accomplir l&#039;impensable 05 03 2021\" width=\"770\" height=\"433\" src=\"https:\/\/www.youtube.com\/embed\/dYfcDoDyYIc?feature=oembed\" frameborder=\"0\" allow=\"accelerometer; autoplay; clipboard-write; encrypted-media; gyroscope; picture-in-picture\" allowfullscreen><\/iframe>\n<\/div><\/figure>\n\n\n\n<div class=\"wp-block-buttons aligncenter is-layout-flex wp-block-buttons-is-layout-flex\">\n<div class=\"wp-block-button\"><a class=\"wp-block-button__link has-vivid-green-cyan-background-color has-background\" href=\"https:\/\/restonsunis.com\/index.php\/ecole-du-sabbat\/\">Plus de vid\u00e9os : Aller \u00e0 la nouvelle page d\u00e9di\u00e9e<\/a><\/div>\n<\/div>\n\n\n\n<h2 class=\"has-text-align-center wp-block-heading\">Rapport missionnaire mondial<\/h2>\n\n\n\n<figure class=\"wp-block-embed is-type-video is-provider-youtube wp-block-embed-youtube wp-embed-aspect-16-9 wp-has-aspect-ratio\"><div class=\"wp-block-embed__wrapper\">\n<iframe loading=\"lazy\" title=\"March 6 - I Will Go Theme\" width=\"770\" height=\"433\" src=\"https:\/\/www.youtube.com\/embed\/QpWdQKqdTD4?feature=oembed\" frameborder=\"0\" allow=\"accelerometer; autoplay; clipboard-write; encrypted-media; gyroscope; picture-in-picture\" allowfullscreen><\/iframe>\n<\/div><\/figure>\n\n\n\n<h2 class=\"has-text-align-center wp-block-heading\">Les cultes d&#8217;adoration<\/h2>\n\n\n\n<h3 class=\"has-text-align-center wp-block-heading\">Le culte d&#8217;adoration pour les enfants (6-12 ans)<\/h3>\n\n\n\n<div class=\"wp-block-group\"><div class=\"wp-block-group__inner-container is-layout-flow wp-block-group-is-layout-flow\">\n<figure class=\"wp-block-embed is-type-video is-provider-youtube wp-block-embed-youtube wp-embed-aspect-16-9 wp-has-aspect-ratio\"><div class=\"wp-block-embed__wrapper\">\n<iframe loading=\"lazy\" title=\"#49 LA SAGESSE ! [Culte enfants] Sabbat 6 mars 2021\" width=\"770\" height=\"433\" src=\"https:\/\/www.youtube.com\/embed\/2s4PHy2G1Jk?start=1035&#038;feature=oembed\" frameborder=\"0\" allow=\"accelerometer; autoplay; clipboard-write; encrypted-media; gyroscope; picture-in-picture\" allowfullscreen><\/iframe>\n<\/div><\/figure>\n<\/div><\/div>\n\n\n\n<div class=\"wp-block-buttons aligncenter is-layout-flex wp-block-buttons-is-layout-flex\">\n<div class=\"wp-block-button\"><a class=\"wp-block-button__link has-pale-pink-background-color has-background\" href=\"https:\/\/restonsunis.com\/index.php\/programme-pour-les-enfants\/\" target=\"_blank\" rel=\"noreferrer noopener\">Revoir les programmes pour les enfants<\/a><\/div>\n<\/div>\n\n\n\n<h2 class=\"has-text-align-center wp-block-heading\">11h : Culte d&#8217;adoration Restons Unis [Journ\u00e9e internationale de pri\u00e8re des femmes]<\/h2>\n\n\n\n<figure class=\"wp-block-embed is-type-video is-provider-youtube wp-block-embed-youtube wp-embed-aspect-16-9 wp-has-aspect-ratio\"><div class=\"wp-block-embed__wrapper\">\n<iframe loading=\"lazy\" title=\"Culte d&#039;Adoration du Sabbat 6 mars 2021 : Journ\u00e9e internationale de pri\u00e8re des femmes\" width=\"770\" height=\"433\" src=\"https:\/\/www.youtube.com\/embed\/PlSu7GRhSVw?feature=oembed\" frameborder=\"0\" allow=\"accelerometer; autoplay; clipboard-write; encrypted-media; gyroscope; picture-in-picture\" allowfullscreen><\/iframe>\n<\/div><\/figure>\n\n\n\n<h2 class=\"has-text-align-center wp-block-heading\">Culte Espoir (14h UTC+4)<\/h2>\n\n\n\n<figure class=\"wp-block-embed is-type-video is-provider-youtube wp-block-embed-youtube wp-embed-aspect-16-9 wp-has-aspect-ratio\"><div class=\"wp-block-embed__wrapper\">\n<iframe loading=\"lazy\" title=\"Le projet de Dieu pour les couples - Culte Espoir - Avec Amandine, Myldred, Marina et Gilbert Grezet\" width=\"770\" height=\"433\" src=\"https:\/\/www.youtube.com\/embed\/7LF8Yhx__xs?feature=oembed\" frameborder=\"0\" allow=\"accelerometer; autoplay; clipboard-write; encrypted-media; gyroscope; picture-in-picture\" allowfullscreen><\/iframe>\n<\/div><\/figure>\n\n\n\n<hr class=\"wp-block-separator\"\/>\n\n\n\n<h2 class=\"has-text-align-center wp-block-heading\">L\u2019Apocalypse de J\u00e9sus-Christ<\/h2>\n\n\n\n<h3 class=\"has-text-align-center wp-block-heading\">#05 J\u00e9sus dans le sanctuaire c\u00e9leste<\/h3>\n\n\n\n<figure class=\"wp-block-embed is-type-video is-provider-youtube wp-block-embed-youtube wp-embed-aspect-16-9 wp-has-aspect-ratio\"><div class=\"wp-block-embed__wrapper\">\n<iframe loading=\"lazy\" title=\"J\u00e9sus dans le sanctuaire c\u00e9leste - Apocalypse 7 \u00e0 9.\" width=\"770\" height=\"433\" src=\"https:\/\/www.youtube.com\/embed\/V1rM84we9Xc?feature=oembed\" frameborder=\"0\" allow=\"accelerometer; autoplay; clipboard-write; encrypted-media; gyroscope; picture-in-picture\" allowfullscreen><\/iframe>\n<\/div><\/figure>\n\n\n\n<h2 class=\"has-text-align-center wp-block-heading\">Emission Re\u00e7u 7\/7 de la semaine<\/h2>\n\n\n\n<figure class=\"wp-block-embed is-type-rich is-provider-soundcloud wp-block-embed-soundcloud wp-embed-aspect-4-3 wp-has-aspect-ratio\"><div class=\"wp-block-embed__wrapper\">\n<iframe loading=\"lazy\" title=\"Re\u00e7u 7\/7 - \u00c9sa\u00efe : 10.Faire l&#039;impensable. by ARC Radio\" width=\"770\" height=\"450\" scrolling=\"no\" frameborder=\"no\" src=\"https:\/\/w.soundcloud.com\/player\/?visual=true&#038;url=https%3A%2F%2Fapi.soundcloud.com%2Fplaylists%2F1220102089&#038;show_artwork=true&#038;maxheight=1000&#038;maxwidth=770\"><\/iframe>\n<\/div><\/figure>\n\n\n\n<p><\/p>\n","protected":false},"excerpt":{"rendered":"<p>Pour cette journ\u00e9e internationale de pri\u00e8re des femmes, nous sommes invit\u00e9s \u00e0 prendre une d\u00e9cision cruciale pour notre vie : Prendre la d\u00e9cision de suivre J\u00e9sus.<\/p>\n","protected":false},"author":1,"featured_media":0,"comment_status":"closed","ping_status":"open","sticky":false,"template":"","format":"standard","meta":{"footnotes":""},"categories":[26],"tags":[],"class_list":["post-5172","post","type-post","status-publish","format-standard","hentry","category-journee-de-sabbat","no-margin"],"_links":{"self":[{"href":"https:\/\/restonsunis.com\/index.php\/wp-json\/wp\/v2\/posts\/5172","targetHints":{"allow":["GET"]}}],"collection":[{"href":"https:\/\/restonsunis.com\/index.php\/wp-json\/wp\/v2\/posts"}],"about":[{"href":"https:\/\/restonsunis.com\/index.php\/wp-json\/wp\/v2\/types\/post"}],"author":[{"embeddable":true,"href":"https:\/\/restonsunis.com\/index.php\/wp-json\/wp\/v2\/users\/1"}],"replies":[{"embeddable":true,"href":"https:\/\/restonsunis.com\/index.php\/wp-json\/wp\/v2\/comments?post=5172"}],"version-history":[{"count":8,"href":"https:\/\/restonsunis.com\/index.php\/wp-json\/wp\/v2\/posts\/5172\/revisions"}],"predecessor-version":[{"id":5224,"href":"https:\/\/restonsunis.com\/index.php\/wp-json\/wp\/v2\/posts\/5172\/revisions\/5224"}],"wp:attachment":[{"href":"https:\/\/restonsunis.com\/index.php\/wp-json\/wp\/v2\/media?parent=5172"}],"wp:term":[{"taxonomy":"category","embeddable":true,"href":"https:\/\/restonsunis.com\/index.php\/wp-json\/wp\/v2\/categories?post=5172"},{"taxonomy":"post_tag","embeddable":true,"href":"https:\/\/restonsunis.com\/index.php\/wp-json\/wp\/v2\/tags?post=5172"}],"curies":[{"name":"wp","href":"https:\/\/api.w.org\/{rel}","templated":true}]}}