{"id":5398,"date":"2021-04-03T08:00:00","date_gmt":"2021-04-03T04:00:00","guid":{"rendered":"https:\/\/restonsunis.com\/?p=5398"},"modified":"2021-04-03T09:10:53","modified_gmt":"2021-04-03T05:10:53","slug":"programme-du-sabbat-3-avril-2021","status":"publish","type":"post","link":"https:\/\/restonsunis.com\/index.php\/2021\/04\/03\/programme-du-sabbat-3-avril-2021\/","title":{"rendered":"Programme du sabbat 3 avril 2021"},"content":{"rendered":"\n<figure class=\"wp-block-image size-large\"><img loading=\"lazy\" decoding=\"async\" width=\"1024\" height=\"390\" src=\"https:\/\/restonsunis.com\/wp-content\/uploads\/2021\/04\/couverture-1024x390.png\" alt=\"\" class=\"wp-image-5419\" srcset=\"https:\/\/restonsunis.com\/wp-content\/uploads\/2021\/04\/couverture-1024x390.png 1024w, https:\/\/restonsunis.com\/wp-content\/uploads\/2021\/04\/couverture-300x114.png 300w, https:\/\/restonsunis.com\/wp-content\/uploads\/2021\/04\/couverture-768x292.png 768w, https:\/\/restonsunis.com\/wp-content\/uploads\/2021\/04\/couverture.png 1500w\" sizes=\"auto, (max-width: 1024px) 100vw, 1024px\" \/><\/figure>\n\n\n\n<p class=\"has-text-align-left\">Programme de c\u00e9l\u00e9bration en direct sur restonsunis.com \u00e0 15h<\/p>\n\n\n\n<p>\u26a0 <strong>MESSAGE IMPORTANT : <\/strong>Si vous souhaitez partager votre histoire, vos souvenirs, vos photos ou vid\u00e9os&#8230; contactez-nous en <strong><a href=\"https:\/\/restonsunis.com\/index.php\/a-votre-ecoute\/\" target=\"_blank\" rel=\"noreferrer noopener\">cliquant ici<\/a><\/strong><\/p>\n\n\n\n<h2 class=\"has-text-align-center wp-block-heading\">\ud83d\uddd3 Agenda des salons de discussion<\/h2>\n\n\n\n<p class=\"has-text-align-center\">Retrouvez le planning des salons de discussion d&#8217;aujourd&#8217;hui et de la semaine prochaine en cliquant sur les boutons ci-dessous.<\/p>\n\n\n\n<div class=\"wp-block-buttons is-content-justification-center is-layout-flex wp-block-buttons-is-layout-flex\">\n<div class=\"wp-block-button\"><a class=\"wp-block-button__link has-vivid-cyan-blue-background-color has-background\" href=\"https:\/\/restonsunis.com\/index.php\/agenda-du-sabbat\/\">Agenda du Sabbat<\/a><\/div>\n\n\n\n<div class=\"wp-block-button\"><a class=\"wp-block-button__link has-white-color has-vivid-green-cyan-background-color has-text-color has-background\" href=\"https:\/\/restonsunis.com\/index.php\/agenda-de-la-semaine\/\">Agenda de la Semaine<\/a><\/div>\n<\/div>\n\n\n\n<h2 class=\"has-text-align-center wp-block-heading\">Moment de louange<\/h2>\n\n\n\n<figure class=\"wp-block-embed is-type-video is-provider-youtube wp-block-embed-youtube wp-embed-aspect-16-9 wp-has-aspect-ratio\"><div class=\"wp-block-embed__wrapper\">\n<iframe loading=\"lazy\" title=\"Louange du 3 avril 2021\" width=\"770\" height=\"433\" src=\"https:\/\/www.youtube.com\/embed\/videoseries?list=PLHPlvMtb3LGdFWeSa8G8U2bocpGXRhRFf\" frameborder=\"0\" allow=\"accelerometer; autoplay; clipboard-write; encrypted-media; gyroscope; picture-in-picture\" allowfullscreen><\/iframe>\n<\/div><\/figure>\n\n\n\n<h2 class=\"has-text-align-center wp-block-heading\">Le\u00e7on EDS<\/h2>\n\n\n\n<h2 class=\"has-text-align-center wp-block-heading\">Emission &#8220;Autrement dit&#8221;<\/h2>\n\n\n\n<figure class=\"wp-block-embed is-type-video is-provider-youtube wp-block-embed-youtube wp-embed-aspect-16-9 wp-has-aspect-ratio\"><div class=\"wp-block-embed__wrapper\">\n<iframe loading=\"lazy\" title=\"AUTREMENT DIT &quot;E\u0301tude de l&#039;e\u0301cole du Sabbat 01&quot; Que s\u2019est il passe\u0301? 02 04 2021\" width=\"770\" height=\"433\" src=\"https:\/\/www.youtube.com\/embed\/FW5bqSYumyg?feature=oembed\" frameborder=\"0\" allow=\"accelerometer; autoplay; clipboard-write; encrypted-media; gyroscope; picture-in-picture\" allowfullscreen><\/iframe>\n<\/div><\/figure>\n\n\n\n<div class=\"wp-block-buttons is-content-justification-center is-layout-flex wp-block-buttons-is-layout-flex\">\n<div class=\"wp-block-button\"><a class=\"wp-block-button__link has-vivid-green-cyan-background-color has-background\" href=\"https:\/\/restonsunis.com\/index.php\/ecole-du-sabbat\/\">Plus de vid\u00e9os : Aller \u00e0 la nouvelle page d\u00e9di\u00e9e<\/a><\/div>\n<\/div>\n\n\n\n<h2 class=\"has-text-align-center wp-block-heading\">Rapport missionnaire mondial<\/h2>\n\n\n\n<figure class=\"wp-block-embed is-type-video is-provider-youtube wp-block-embed-youtube wp-embed-aspect-16-9 wp-has-aspect-ratio\"><div class=\"wp-block-embed__wrapper\">\n<iframe loading=\"lazy\" title=\"Avril 3 - Gu\u00e9ri sans \u00eatre op\u00e9r\u00e9\" width=\"770\" height=\"433\" src=\"https:\/\/www.youtube.com\/embed\/i-arLIZXcI4?feature=oembed\" frameborder=\"0\" allow=\"accelerometer; autoplay; clipboard-write; encrypted-media; gyroscope; picture-in-picture\" allowfullscreen><\/iframe>\n<\/div><\/figure>\n\n\n\n<h2 class=\"has-text-align-center wp-block-heading\">Les cultes d&#8217;adoration<\/h2>\n\n\n\n<h3 class=\"has-text-align-center wp-block-heading\">Le culte d&#8217;adoration pour les enfants (6-12 ans)<\/h3>\n\n\n\n<figure class=\"wp-block-embed is-type-video is-provider-youtube wp-block-embed-youtube wp-embed-aspect-16-9 wp-has-aspect-ratio\"><div class=\"wp-block-embed__wrapper\">\n<iframe loading=\"lazy\" title=\"#53 JE N&#039;AI PAS PEUR DE LA MORT ! [Culte enfants] Sabbat 03 avril 2021\" width=\"770\" height=\"433\" src=\"https:\/\/www.youtube.com\/embed\/XdbW3Se9XDE?feature=oembed\" frameborder=\"0\" allow=\"accelerometer; autoplay; clipboard-write; encrypted-media; gyroscope; picture-in-picture\" allowfullscreen><\/iframe>\n<\/div><\/figure>\n\n\n\n<div class=\"wp-block-buttons is-content-justification-center is-layout-flex wp-block-buttons-is-layout-flex\">\n<div class=\"wp-block-button\"><a class=\"wp-block-button__link has-pale-pink-background-color has-background\" href=\"https:\/\/restonsunis.com\/index.php\/programme-pour-les-enfants\/\" target=\"_blank\" rel=\"noreferrer noopener\">Revoir les programmes pour les enfants<\/a><\/div>\n<\/div>\n\n\n\n<h2 class=\"has-text-align-center wp-block-heading\">Culte Espoir (13h UTC+4)<\/h2>\n\n\n\n<figure class=\"wp-block-embed is-type-video is-provider-youtube wp-block-embed-youtube wp-embed-aspect-16-9 wp-has-aspect-ratio\"><div class=\"wp-block-embed__wrapper\">\n<iframe loading=\"lazy\" title=\"De l&#039;esclavage \u00e0 la libert\u00e9 1\/2 - Culte Espoir\" width=\"770\" height=\"433\" src=\"https:\/\/www.youtube.com\/embed\/sCE79ni9TGE?feature=oembed\" frameborder=\"0\" allow=\"accelerometer; autoplay; clipboard-write; encrypted-media; gyroscope; picture-in-picture\" allowfullscreen><\/iframe>\n<\/div><\/figure>\n\n\n\n<hr class=\"wp-block-separator\"\/>\n\n\n\n<h2 class=\"has-text-align-center wp-block-heading\">L\u2019Apocalypse de J\u00e9sus-Christ<\/h2>\n\n\n\n<h3 class=\"has-text-align-center wp-block-heading\">#09 Les 144 000 &#8211; Apocalypse 14<\/h3>\n\n\n\n<figure class=\"wp-block-embed is-type-video is-provider-youtube wp-block-embed-youtube wp-embed-aspect-16-9 wp-has-aspect-ratio\"><div class=\"wp-block-embed__wrapper\">\n<iframe loading=\"lazy\" title=\"Les 144 000 - Apocalypse 14\" width=\"770\" height=\"433\" src=\"https:\/\/www.youtube.com\/embed\/pHRi2mhw3MA?start=2&#038;feature=oembed\" frameborder=\"0\" allow=\"accelerometer; autoplay; clipboard-write; encrypted-media; gyroscope; picture-in-picture\" allowfullscreen><\/iframe>\n<\/div><\/figure>\n","protected":false},"excerpt":{"rendered":"<p>Une nouvelle journ\u00e9e de sabbat pas tout \u00e0 fait comme les autres&#8230; Il y a 85 ans, le pasteur Paul Girard arrivait \u00e0 La R\u00e9union avec le message adventiste.<\/p>\n","protected":false},"author":1,"featured_media":0,"comment_status":"closed","ping_status":"open","sticky":false,"template":"","format":"standard","meta":{"footnotes":""},"categories":[26],"tags":[],"class_list":["post-5398","post","type-post","status-publish","format-standard","hentry","category-journee-de-sabbat","no-margin"],"_links":{"self":[{"href":"https:\/\/restonsunis.com\/index.php\/wp-json\/wp\/v2\/posts\/5398","targetHints":{"allow":["GET"]}}],"collection":[{"href":"https:\/\/restonsunis.com\/index.php\/wp-json\/wp\/v2\/posts"}],"about":[{"href":"https:\/\/restonsunis.com\/index.php\/wp-json\/wp\/v2\/types\/post"}],"author":[{"embeddable":true,"href":"https:\/\/restonsunis.com\/index.php\/wp-json\/wp\/v2\/users\/1"}],"replies":[{"embeddable":true,"href":"https:\/\/restonsunis.com\/index.php\/wp-json\/wp\/v2\/comments?post=5398"}],"version-history":[{"count":6,"href":"https:\/\/restonsunis.com\/index.php\/wp-json\/wp\/v2\/posts\/5398\/revisions"}],"predecessor-version":[{"id":5426,"href":"https:\/\/restonsunis.com\/index.php\/wp-json\/wp\/v2\/posts\/5398\/revisions\/5426"}],"wp:attachment":[{"href":"https:\/\/restonsunis.com\/index.php\/wp-json\/wp\/v2\/media?parent=5398"}],"wp:term":[{"taxonomy":"category","embeddable":true,"href":"https:\/\/restonsunis.com\/index.php\/wp-json\/wp\/v2\/categories?post=5398"},{"taxonomy":"post_tag","embeddable":true,"href":"https:\/\/restonsunis.com\/index.php\/wp-json\/wp\/v2\/tags?post=5398"}],"curies":[{"name":"wp","href":"https:\/\/api.w.org\/{rel}","templated":true}]}}