{"id":5452,"date":"2021-04-06T10:30:00","date_gmt":"2021-04-06T06:30:00","guid":{"rendered":"https:\/\/restonsunis.com\/?p=5452"},"modified":"2021-04-08T10:42:30","modified_gmt":"2021-04-08T06:42:30","slug":"6-avril-2021-lalliance-avec-abram","status":"publish","type":"post","link":"https:\/\/restonsunis.com\/index.php\/2021\/04\/06\/6-avril-2021-lalliance-avec-abram\/","title":{"rendered":"6 avril 2021 : L&#8217;alliance avec Abram."},"content":{"rendered":"\n<figure class=\"wp-block-embed is-type-rich is-provider-soundcloud wp-block-embed-soundcloud wp-embed-aspect-4-3 wp-has-aspect-ratio\"><div class=\"wp-block-embed__wrapper\">\nhttps:\/\/soundcloud.com\/adventistereunion\/recu-77-du-6-avril-2021\n<\/div><\/figure>\n\n\n\n<p><em>Je b\u00e9nirai ceux qui te b\u00e9niront, je maudirai celui qui te maudira <\/em>(Gn 12.3).<br><strong>Lisez Gen\u00e8se 12.1-3. Faites la liste des promesses sp\u00e9cifiques que Dieu a faites<\/strong> <strong>\u00e0 Abram.<\/strong><\/p>\n\n\n\n<p>Remarquez que parmi ces promesses, Dieu dit \u00e0 Abram que <em>toutes les familles de la terre seront b\u00e9nies en toi <\/em>(Gn 12.3, <em>Segond 21<\/em>). Qu\u2019est-ce que cela signifie ? De quelle mani\u00e8re toutes les familles de la terre ont-elles \u00e9t\u00e9 b\u00e9nies \u00e0 travers Abram ? Voir Galates 3.6-9. En quoi voyez-vous dans cette premi\u00e8re promesse la promesse de J\u00e9sus le Messie ? Voir Ga 3.29.<\/p>\n\n\n\n<p>Dans cette premi\u00e8re r\u00e9v\u00e9lation divine \u00e0 Abram dont nous ayons la trace, Dieu promet de s\u2019engager dans une relation \u00e9troite et durable avec lui, avant m\u00eame de parler pr\u00e9cis\u00e9ment d\u2019une alliance. C\u2019est plus tard que Dieu l\u2019\u00e9voquera directement (Gn 15.4-21 ; Gn 17.1-14). Pour le moment, Dieu offre une relation divino- humaine de grande importance. La pr\u00e9sence r\u00e9p\u00e9t\u00e9e d\u2019un verbe au futur \u00e0 la premi\u00e8re personne dans Gen\u00e8se 12.1-3 indique la profondeur et la grandeur de l\u2019offre et de la promesse de Dieu.<\/p>\n\n\n\n<p>De plus, Abram re\u00e7oit un seul ordre, mais un ordre difficile : \u00ab Va-t\u2019en. \u00bb Il ob\u00e9it par la foi (He 11.8) mais pas pour d\u00e9clencher les b\u00e9n\u00e9dictions promises. Son ob\u00e9issance \u00e9tait une r\u00e9ponse de sa foi \u00e0 la relation affectueuse, que <em>Dieu <\/em>d\u00e9sirait voir \u00e9tablie. En d\u2019autres termes, Abram croyait d\u00e9j\u00e0 en Dieu, faisait d\u00e9j\u00e0 confiance \u00e0 Dieu, avait d\u00e9j\u00e0 foi en les promesses de Dieu. C\u2019est oblig\u00e9. Autrement, il n\u2019aurait jamais quitt\u00e9 sa famille et sa terre ancestrale, tout cela pour s\u2019en aller dans des endroits inconnus. Son ob\u00e9issance r\u00e9v\u00e9la sa foi aussi bien aux hommes qu\u2019aux anges.<\/p>\n\n\n\n<p>Abram, m\u00eame alors, r\u00e9v\u00e9la la relation cl\u00e9 entre la foi et les \u0153uvres. Nous sommes sauv\u00e9s par la foi, une foi qui a pour cons\u00e9quence des \u0153uvres d\u2019ob\u00e9issance. La promesse du salut vient en premier. Les \u0153uvres suivent. Bien qu\u2019il ne puisse y avoir de communion de l\u2019alliance ni de b\u00e9n\u00e9diction sans ob\u00e9issance, cette ob\u00e9issance est la r\u00e9ponse de la foi \u00e0 ce que Dieu a d\u00e9j\u00e0 fait. Une telle foi illustre le principe que l\u2019on trouve dans 1 Jn 4.19 : <em>Quant \u00e0 nous, nous aimons [Dieu], parce que lui nous a aim\u00e9s le premier<\/em>.<\/p>\n\n\n\n<p><strong>Lisez Gen\u00e8se 15.6. En quoi ce verset montre-t-il, \u00e0 bien des \u00e9gards, quel est le fondement de toutes les promesses de l\u2019alliance ? Pourquoi cette b\u00e9n\u00e9diction est-elle la plus pr\u00e9cieuse de toutes ?<\/strong><\/p>\n","protected":false},"excerpt":{"rendered":"<p>Je b\u00e9nirai ceux qui te b\u00e9niront, je maudirai celui qui te maudira (Gn 12.3).Lisez Gen\u00e8se 12.1-3. Faites&hellip;<\/p>\n","protected":false},"author":3,"featured_media":0,"comment_status":"closed","ping_status":"open","sticky":false,"template":"","format":"standard","meta":{"footnotes":""},"categories":[46,23],"tags":[74,47,50,49],"class_list":["post-5452","post","type-post","status-publish","format-standard","hentry","category-eds","category-recu-7-7","tag-alliance","tag-ecole-du-sabbat","tag-etude-de-la-bible","tag-podcast","no-margin"],"_links":{"self":[{"href":"https:\/\/restonsunis.com\/index.php\/wp-json\/wp\/v2\/posts\/5452","targetHints":{"allow":["GET"]}}],"collection":[{"href":"https:\/\/restonsunis.com\/index.php\/wp-json\/wp\/v2\/posts"}],"about":[{"href":"https:\/\/restonsunis.com\/index.php\/wp-json\/wp\/v2\/types\/post"}],"author":[{"embeddable":true,"href":"https:\/\/restonsunis.com\/index.php\/wp-json\/wp\/v2\/users\/3"}],"replies":[{"embeddable":true,"href":"https:\/\/restonsunis.com\/index.php\/wp-json\/wp\/v2\/comments?post=5452"}],"version-history":[{"count":2,"href":"https:\/\/restonsunis.com\/index.php\/wp-json\/wp\/v2\/posts\/5452\/revisions"}],"predecessor-version":[{"id":5480,"href":"https:\/\/restonsunis.com\/index.php\/wp-json\/wp\/v2\/posts\/5452\/revisions\/5480"}],"wp:attachment":[{"href":"https:\/\/restonsunis.com\/index.php\/wp-json\/wp\/v2\/media?parent=5452"}],"wp:term":[{"taxonomy":"category","embeddable":true,"href":"https:\/\/restonsunis.com\/index.php\/wp-json\/wp\/v2\/categories?post=5452"},{"taxonomy":"post_tag","embeddable":true,"href":"https:\/\/restonsunis.com\/index.php\/wp-json\/wp\/v2\/tags?post=5452"}],"curies":[{"name":"wp","href":"https:\/\/api.w.org\/{rel}","templated":true}]}}