{"id":5476,"date":"2021-04-09T06:00:00","date_gmt":"2021-04-09T02:00:00","guid":{"rendered":"https:\/\/restonsunis.com\/?p=5476"},"modified":"2021-04-08T07:33:49","modified_gmt":"2021-04-08T03:33:49","slug":"une-tranche-par-jour-9-avril-la-paix-et-le-courage","status":"publish","type":"post","link":"https:\/\/restonsunis.com\/index.php\/2021\/04\/09\/une-tranche-par-jour-9-avril-la-paix-et-le-courage\/","title":{"rendered":"Une Tranche Par Jour &#8211; 9 avril : La paix et le courage"},"content":{"rendered":"\n<p><a href=\"https:\/\/restonsunis.com\/wp-admin\/edit.php?post_type=post\"><\/a><\/p>\n\n\n\n<figure class=\"wp-block-image size-large\"><img loading=\"lazy\" decoding=\"async\" width=\"1024\" height=\"1024\" src=\"https:\/\/restonsunis.com\/wp-content\/uploads\/2021\/04\/04-09-1-1024x1024.png\" alt=\"\" class=\"wp-image-5478\" srcset=\"https:\/\/restonsunis.com\/wp-content\/uploads\/2021\/04\/04-09-1-1024x1024.png 1024w, https:\/\/restonsunis.com\/wp-content\/uploads\/2021\/04\/04-09-1-300x300.png 300w, https:\/\/restonsunis.com\/wp-content\/uploads\/2021\/04\/04-09-1-150x150.png 150w, https:\/\/restonsunis.com\/wp-content\/uploads\/2021\/04\/04-09-1-768x768.png 768w, https:\/\/restonsunis.com\/wp-content\/uploads\/2021\/04\/04-09-1-67x67.png 67w, https:\/\/restonsunis.com\/wp-content\/uploads\/2021\/04\/04-09-1.png 1080w\" sizes=\"auto, (max-width: 1024px) 100vw, 1024px\" \/><\/figure>\n\n\n\n<p>\u00ab\u00a0<em>Ne crains rien, car je suis avec toi\u00a0; ne prom\u00e8ne pas des regards inquiets, car je suis ton Dieu<\/em>.\u00a0\u00bb (Esa\u00efe 41.10)<\/p>\n\n\n\n<p>Richard Stengel, qui a pass\u00e9 l\u2019ann\u00e9e 1993 avec Nelson Mandela pour r\u00e9diger son autobiographie, raconta que lors d\u2019un voyage en avion, l\u2019un des moteurs tomba en panne. Mandela lisait son journal et son ami lui fit part de la mauvaise nouvelle. Il ne changea rien \u00e0 son attitude et continua de lire. Une fois qu\u2019ils avaient atterri, son ami lui demanda ce qu\u2019il avait \u00e9prouv\u00e9 pendant le voyage.&nbsp; Mandela lui avoua qu\u2019il avait eu une grosse frayeur. Et pourtant, il semblait si calme.&nbsp;<\/p>\n\n\n\n<p>Stengel fut surpris de cette r\u00e9v\u00e9lation et il se dit que finalement c\u2019\u00e9tait \u00e7a le courage. Le courage ce n\u2019est pas l\u2019absence de peur. Le courage c\u2019est avoir peur et ne pas le montrer. Stengel eut du courage l\u00e0-haut simplement en observant Mandela, qui apparemment n\u2019\u00e9tait pas terroris\u00e9. C\u2019est probablement ainsi qu\u2019il a fait toute sa vie&nbsp;: avoir peur et ne pas le montrer. C\u2019\u00e9tait sans aucun doute son attitude lorsqu\u2019il \u00e9tait prisonnier \u00e0 Robben Island.<\/p>\n\n\n\n<p>Le croyant apprend \u00e0 poser un regard r\u00e9aliste sur la vie. Il sait que la condition humaine am\u00e8ne son lot de difficult\u00e9s, de probl\u00e8mes et d\u2019angoisse. Faut-il faire semblant que tout va bien&nbsp;? Doit-il ignorer les al\u00e9as de la r\u00e9alit\u00e9 dans laquelle il vit et se dire que tout va finir par s\u2019arranger&nbsp;? La Bible encourage les croyants \u00e0 d\u00e9velopper une attitude r\u00e9aliste devant tous les d\u00e9fis de la vie. La foi n\u2019est pas la n\u00e9gation de ce qui nous inqui\u00e8te mais la capacit\u00e9 de tenir face \u00e0 ces m\u00eames d\u00e9fis.&nbsp;<\/p>\n\n\n\n<p>La paix du croyant devant les \u00e9preuves ne vient pas de son d\u00e9sir de ne pas \u00eatre inquiet. La paix du croyant vient plut\u00f4t de la confiance qu\u2019il apprend \u00e0 placer dans les promesses du Seigneur. Dieu s\u2019engage \u00e0 gu\u00e9rir ses enfants de leurs inqui\u00e9tudes. C\u2019est pourquoi il leur demande de ne pas promener des regards inquiets sur la condition humaine. Dieu ne dit pas qu\u2019il n\u2019y a aucune raison d\u2019avoir peur, mais il demande plut\u00f4t de ne pas avoir peur parce que lui-m\u00eame intervient en notre faveur. N\u2019est-ce pas suffisant pour avoir la paix au plus profond de soi-m\u00eame\u00a0?\u00a0<\/p>\n\n\n\n<p><em>Pri\u00e8re du jour<\/em>\u00a0:\u00a0\u00ab\u00a0Seigneur, je t\u2019avoue que souvent mes yeux se sont davantage attard\u00e9s sur les r\u00e9alit\u00e9s inqui\u00e9tantes de notre humaine condition et j\u2019ai \u00ab\u00a0oubli\u00e9\u00a0\u00bb de te faire confiance. Change mon c\u0153ur, Seigneur, et que j\u2019apprenne \u00e0 compter sur toi. Amen\u00a0!\u00a0\u00bb<\/p>\n\n\n\n<p class=\"has-text-align-center\"><em><strong>Une tranche par jour est un livre de m\u00e9ditations quotidiennes sur le fruit de l&#8217;Espri<\/strong><\/em><strong><em>t, \u00e9crit par le Pasteur Daniel Jennah<\/em><\/strong><\/p>\n\n\n\n<hr class=\"wp-block-separator\"\/>\n\n\n\n<p class=\"has-text-align-center\"><em>\u00a9 Daniel Jennah \/ Maradil &#8211; 2020<br>Les m\u00e9ditations sont publi\u00e9es sur le site restonsunis.com et les pages Instagram et Facebook d&#8217;Adventiste R\u00e9union avec la permission de l&#8217;auteur. <\/em><\/p>\n\n\n\n<p class=\"has-text-align-center\"><em>Il est rappel\u00e9 que le Code de la propri\u00e9t\u00e9 intellectuelle interdit les copies ou reproductions destin\u00e9es \u00e0 une utilisation collective. Toute repr\u00e9sentation ou reproduction int\u00e9grale ou partielle faite par quelque proc\u00e9d\u00e9 que ce soit, sans le consentement de l\u2019auteur, est illicite et constitue une contrefa\u00e7on, aux termes des articles L.335-2 et suivants du Code de la propri\u00e9t\u00e9 intellectuelle.<\/em><\/p>\n","protected":false},"excerpt":{"rendered":"<p>\u00ab\u00a0Ne crains rien, car je suis avec toi\u00a0; ne prom\u00e8ne pas des regards inquiets, car je suis&hellip;<\/p>\n","protected":false},"author":1,"featured_media":0,"comment_status":"closed","ping_status":"open","sticky":false,"template":"","format":"standard","meta":{"footnotes":""},"categories":[45,44],"tags":[51,53,52],"class_list":["post-5476","post","type-post","status-publish","format-standard","hentry","category-meditations-quotidiennes","category-une-tranche-par-jour","tag-fruit-de-lesprit","tag-meditation-quotidienne","tag-vigile-matinale","no-margin"],"_links":{"self":[{"href":"https:\/\/restonsunis.com\/index.php\/wp-json\/wp\/v2\/posts\/5476","targetHints":{"allow":["GET"]}}],"collection":[{"href":"https:\/\/restonsunis.com\/index.php\/wp-json\/wp\/v2\/posts"}],"about":[{"href":"https:\/\/restonsunis.com\/index.php\/wp-json\/wp\/v2\/types\/post"}],"author":[{"embeddable":true,"href":"https:\/\/restonsunis.com\/index.php\/wp-json\/wp\/v2\/users\/1"}],"replies":[{"embeddable":true,"href":"https:\/\/restonsunis.com\/index.php\/wp-json\/wp\/v2\/comments?post=5476"}],"version-history":[{"count":1,"href":"https:\/\/restonsunis.com\/index.php\/wp-json\/wp\/v2\/posts\/5476\/revisions"}],"predecessor-version":[{"id":5479,"href":"https:\/\/restonsunis.com\/index.php\/wp-json\/wp\/v2\/posts\/5476\/revisions\/5479"}],"wp:attachment":[{"href":"https:\/\/restonsunis.com\/index.php\/wp-json\/wp\/v2\/media?parent=5476"}],"wp:term":[{"taxonomy":"category","embeddable":true,"href":"https:\/\/restonsunis.com\/index.php\/wp-json\/wp\/v2\/categories?post=5476"},{"taxonomy":"post_tag","embeddable":true,"href":"https:\/\/restonsunis.com\/index.php\/wp-json\/wp\/v2\/tags?post=5476"}],"curies":[{"name":"wp","href":"https:\/\/api.w.org\/{rel}","templated":true}]}}