{"id":5521,"date":"2021-04-17T08:00:00","date_gmt":"2021-04-17T04:00:00","guid":{"rendered":"https:\/\/restonsunis.com\/?p=5521"},"modified":"2021-04-16T19:52:32","modified_gmt":"2021-04-16T15:52:32","slug":"programme-du-sabbat-17-avril-2021","status":"publish","type":"post","link":"https:\/\/restonsunis.com\/index.php\/2021\/04\/17\/programme-du-sabbat-17-avril-2021\/","title":{"rendered":"Programme du sabbat 17 avril 2021"},"content":{"rendered":"\n<h2 class=\"wp-block-heading\">Annonces<\/h2>\n\n\n\n<h3 class=\"wp-block-heading\">Camp meeting<\/h3>\n\n\n\n<figure class=\"wp-block-image size-large\"><img loading=\"lazy\" decoding=\"async\" width=\"724\" height=\"1024\" src=\"https:\/\/restonsunis.com\/wp-content\/uploads\/2021\/04\/Affiche-Camp-Meeting-724x1024.png\" alt=\"\" class=\"wp-image-5515\" srcset=\"https:\/\/restonsunis.com\/wp-content\/uploads\/2021\/04\/Affiche-Camp-Meeting-724x1024.png 724w, https:\/\/restonsunis.com\/wp-content\/uploads\/2021\/04\/Affiche-Camp-Meeting-212x300.png 212w, https:\/\/restonsunis.com\/wp-content\/uploads\/2021\/04\/Affiche-Camp-Meeting-768x1087.png 768w, https:\/\/restonsunis.com\/wp-content\/uploads\/2021\/04\/Affiche-Camp-Meeting.png 1080w\" sizes=\"auto, (max-width: 724px) 100vw, 724px\" \/><\/figure>\n\n\n\n<h3 class=\"wp-block-heading\">85e anniversaire<\/h3>\n\n\n\n<figure class=\"wp-block-image size-large is-resized\"><img loading=\"lazy\" decoding=\"async\" src=\"https:\/\/restonsunis.com\/wp-content\/uploads\/2021\/04\/couverture-1024x390.png\" alt=\"\" class=\"wp-image-5419\" width=\"840\" height=\"319\" srcset=\"https:\/\/restonsunis.com\/wp-content\/uploads\/2021\/04\/couverture-1024x390.png 1024w, https:\/\/restonsunis.com\/wp-content\/uploads\/2021\/04\/couverture-300x114.png 300w, https:\/\/restonsunis.com\/wp-content\/uploads\/2021\/04\/couverture-768x292.png 768w, https:\/\/restonsunis.com\/wp-content\/uploads\/2021\/04\/couverture.png 1500w\" sizes=\"auto, (max-width: 840px) 100vw, 840px\" \/><\/figure>\n\n\n\n<p>\u26a0 <strong>MESSAGE IMPORTANT : <\/strong>Si vous souhaitez partager votre histoire, vos souvenirs, vos photos ou vid\u00e9os&#8230; contactez-nous en <strong><a href=\"https:\/\/restonsunis.com\/index.php\/a-votre-ecoute\/\" target=\"_blank\" rel=\"noreferrer noopener\">cliquant ici<\/a><\/strong><\/p>\n\n\n\n<h2 class=\"has-text-align-center wp-block-heading\">\ud83d\uddd3 Agenda des salons de discussion<\/h2>\n\n\n\n<p class=\"has-text-align-center\">Retrouvez le planning des salons de discussion d&#8217;aujourd&#8217;hui et de la semaine prochaine en cliquant sur les boutons ci-dessous.<\/p>\n\n\n\n<div class=\"wp-block-buttons is-content-justification-center is-layout-flex wp-block-buttons-is-layout-flex\">\n<div class=\"wp-block-button\"><a class=\"wp-block-button__link has-vivid-cyan-blue-background-color has-background\" href=\"https:\/\/restonsunis.com\/index.php\/agenda-du-sabbat\/\">Agenda du Sabbat<\/a><\/div>\n\n\n\n<div class=\"wp-block-button\"><a class=\"wp-block-button__link has-white-color has-vivid-green-cyan-background-color has-text-color has-background\" href=\"https:\/\/restonsunis.com\/index.php\/agenda-de-la-semaine\/\">Agenda de la Semaine<\/a><\/div>\n<\/div>\n\n\n\n<h2 class=\"has-text-align-center wp-block-heading\">Moment de louange<\/h2>\n\n\n\n<figure class=\"wp-block-embed is-type-video is-provider-youtube wp-block-embed-youtube wp-embed-aspect-16-9 wp-has-aspect-ratio\"><div class=\"wp-block-embed__wrapper\">\n<iframe loading=\"lazy\" title=\"Louange du 17 avril 2021\" width=\"770\" height=\"433\" src=\"https:\/\/www.youtube.com\/embed\/videoseries?list=PLHPlvMtb3LGeqJdAfX6bTVm3NlPdjXumD\" frameborder=\"0\" allow=\"accelerometer; autoplay; clipboard-write; encrypted-media; gyroscope; picture-in-picture\" allowfullscreen><\/iframe>\n<\/div><\/figure>\n\n\n\n<h2 class=\"has-text-align-center wp-block-heading\">Le\u00e7on EDS<\/h2>\n\n\n\n<h2 class=\"has-text-align-center wp-block-heading\">Emission &#8220;Autrement dit&#8221;<\/h2>\n\n\n\n<figure class=\"wp-block-embed is-type-video is-provider-youtube wp-block-embed-youtube wp-embed-aspect-16-9 wp-has-aspect-ratio\"><div class=\"wp-block-embed__wrapper\">\n<iframe loading=\"lazy\" title=\"AUTREMENT DIT &quot;E\u0301tude de l&#039;e\u0301cole du Sabbat 03&quot; Pour les ge\u0301ne\u0301rations a\u0300 toujours 16 04 2021\" width=\"770\" height=\"433\" src=\"https:\/\/www.youtube.com\/embed\/YBb9WwvLBLE?feature=oembed\" frameborder=\"0\" allow=\"accelerometer; autoplay; clipboard-write; encrypted-media; gyroscope; picture-in-picture\" allowfullscreen><\/iframe>\n<\/div><\/figure>\n\n\n\n<div class=\"wp-block-buttons is-content-justification-center is-layout-flex wp-block-buttons-is-layout-flex\">\n<div class=\"wp-block-button\"><a class=\"wp-block-button__link has-vivid-green-cyan-background-color has-background\" href=\"https:\/\/restonsunis.com\/index.php\/ecole-du-sabbat\/\">Plus de vid\u00e9os : Aller \u00e0 la nouvelle page d\u00e9di\u00e9e<\/a><\/div>\n<\/div>\n\n\n\n<h2 class=\"has-text-align-center wp-block-heading\">Rapport missionnaire mondial<\/h2>\n\n\n\n<figure class=\"wp-block-embed is-type-video is-provider-youtube wp-block-embed-youtube wp-embed-aspect-16-9 wp-has-aspect-ratio\"><div class=\"wp-block-embed__wrapper\">\n<iframe loading=\"lazy\" title=\"Avril 17 - Lune de miel pour une mission de 17 ans\" width=\"770\" height=\"433\" src=\"https:\/\/www.youtube.com\/embed\/6f41KOACzKM?feature=oembed\" frameborder=\"0\" allow=\"accelerometer; autoplay; clipboard-write; encrypted-media; gyroscope; picture-in-picture\" allowfullscreen><\/iframe>\n<\/div><\/figure>\n\n\n\n<h2 class=\"has-text-align-center wp-block-heading\">Les cultes d&#8217;adoration<\/h2>\n\n\n\n<h3 class=\"has-text-align-center wp-block-heading\">Le culte d&#8217;adoration pour les enfants (6-12 ans)<\/h3>\n\n\n\n<div class=\"wp-block-buttons is-content-justification-center is-layout-flex wp-block-buttons-is-layout-flex\">\n<div class=\"wp-block-button\"><a class=\"wp-block-button__link has-pale-pink-background-color has-background\" href=\"https:\/\/restonsunis.com\/index.php\/programme-pour-les-enfants\/\" target=\"_blank\" rel=\"noreferrer noopener\">Revoir les programmes pour les enfants<\/a><\/div>\n<\/div>\n\n\n\n<h2 class=\"has-text-align-center wp-block-heading\">Culte Espoir (13h UTC+4)<\/h2>\n\n\n\n<figure class=\"wp-block-embed is-type-video is-provider-youtube wp-block-embed-youtube wp-embed-aspect-16-9 wp-has-aspect-ratio\"><div class=\"wp-block-embed__wrapper\">\n<iframe loading=\"lazy\" title=\"Celui qui voyait tout en \u00e9tant aveugle - Culte Espoir\" width=\"770\" height=\"433\" src=\"https:\/\/www.youtube.com\/embed\/OEbleYiDj9w?feature=oembed\" frameborder=\"0\" allow=\"accelerometer; autoplay; clipboard-write; encrypted-media; gyroscope; picture-in-picture\" allowfullscreen><\/iframe>\n<\/div><\/figure>\n\n\n\n<hr class=\"wp-block-separator\"\/>\n\n\n\n<h2 class=\"has-text-align-center wp-block-heading\">L\u2019Apocalypse de J\u00e9sus-Christ<\/h2>\n\n\n\n<h3 class=\"has-text-align-center wp-block-heading\">#11 Le jour du jugement &#8211; Apocalypse 19 et 20<\/h3>\n\n\n\n<figure class=\"wp-block-embed is-type-video is-provider-youtube wp-block-embed-youtube wp-embed-aspect-16-9 wp-has-aspect-ratio\"><div class=\"wp-block-embed__wrapper\">\n<iframe loading=\"lazy\" title=\"Le jour du jugement - Apocalypse \u00e9pisode #11 : Apocalypse 19 et 20\" width=\"770\" height=\"433\" src=\"https:\/\/www.youtube.com\/embed\/0mg2yZJrlHw?feature=oembed\" frameborder=\"0\" allow=\"accelerometer; autoplay; clipboard-write; encrypted-media; gyroscope; picture-in-picture\" allowfullscreen><\/iframe>\n<\/div><\/figure>\n","protected":false},"excerpt":{"rendered":"<p>Le sabbat est un jour de rencontre, de communication et de partage. Le 10 avril est la journ\u00e9e &#8220;Hope Channel&#8221; et comme tous les sabbat depuis un an, nous vous proposons des vid\u00e9os porteuses d&#8217;espoir<\/p>\n","protected":false},"author":1,"featured_media":0,"comment_status":"closed","ping_status":"open","sticky":false,"template":"","format":"standard","meta":{"footnotes":""},"categories":[26],"tags":[],"class_list":["post-5521","post","type-post","status-publish","format-standard","hentry","category-journee-de-sabbat","no-margin"],"_links":{"self":[{"href":"https:\/\/restonsunis.com\/index.php\/wp-json\/wp\/v2\/posts\/5521","targetHints":{"allow":["GET"]}}],"collection":[{"href":"https:\/\/restonsunis.com\/index.php\/wp-json\/wp\/v2\/posts"}],"about":[{"href":"https:\/\/restonsunis.com\/index.php\/wp-json\/wp\/v2\/types\/post"}],"author":[{"embeddable":true,"href":"https:\/\/restonsunis.com\/index.php\/wp-json\/wp\/v2\/users\/1"}],"replies":[{"embeddable":true,"href":"https:\/\/restonsunis.com\/index.php\/wp-json\/wp\/v2\/comments?post=5521"}],"version-history":[{"count":3,"href":"https:\/\/restonsunis.com\/index.php\/wp-json\/wp\/v2\/posts\/5521\/revisions"}],"predecessor-version":[{"id":5542,"href":"https:\/\/restonsunis.com\/index.php\/wp-json\/wp\/v2\/posts\/5521\/revisions\/5542"}],"wp:attachment":[{"href":"https:\/\/restonsunis.com\/index.php\/wp-json\/wp\/v2\/media?parent=5521"}],"wp:term":[{"taxonomy":"category","embeddable":true,"href":"https:\/\/restonsunis.com\/index.php\/wp-json\/wp\/v2\/categories?post=5521"},{"taxonomy":"post_tag","embeddable":true,"href":"https:\/\/restonsunis.com\/index.php\/wp-json\/wp\/v2\/tags?post=5521"}],"curies":[{"name":"wp","href":"https:\/\/api.w.org\/{rel}","templated":true}]}}