{"id":5691,"date":"2021-05-17T06:37:42","date_gmt":"2021-05-17T02:37:42","guid":{"rendered":"https:\/\/restonsunis.com\/?p=5691"},"modified":"2021-05-17T06:37:44","modified_gmt":"2021-05-17T02:37:44","slug":"une-tranche-par-jour-17-mai-la-patience-en-croissance","status":"publish","type":"post","link":"https:\/\/restonsunis.com\/index.php\/2021\/05\/17\/une-tranche-par-jour-17-mai-la-patience-en-croissance\/","title":{"rendered":"Une Tranche Par Jour &#8211; 17 mai : La patience en croissance"},"content":{"rendered":"\n<figure class=\"wp-block-image size-large\"><img loading=\"lazy\" decoding=\"async\" width=\"1024\" height=\"1024\" src=\"https:\/\/restonsunis.com\/wp-content\/uploads\/2021\/05\/05-17-1024x1024.png\" alt=\"\" class=\"wp-image-5692\" srcset=\"https:\/\/restonsunis.com\/wp-content\/uploads\/2021\/05\/05-17-1024x1024.png 1024w, https:\/\/restonsunis.com\/wp-content\/uploads\/2021\/05\/05-17-300x300.png 300w, https:\/\/restonsunis.com\/wp-content\/uploads\/2021\/05\/05-17-150x150.png 150w, https:\/\/restonsunis.com\/wp-content\/uploads\/2021\/05\/05-17-768x768.png 768w, https:\/\/restonsunis.com\/wp-content\/uploads\/2021\/05\/05-17-67x67.png 67w, https:\/\/restonsunis.com\/wp-content\/uploads\/2021\/05\/05-17.png 1080w\" sizes=\"auto, (max-width: 1024px) 100vw, 1024px\" \/><\/figure>\n\n\n\n<p>\u00ab\u00a0<em>Je suis l\u2019\u00c9ternel, le Dieu d\u2019Abraham, ton p\u00e8re, et le Dieu d\u2019Isaac. La terre sur laquelle tu es couch\u00e9, je la donnerai \u00e0 toi et \u00e0 ta post\u00e9rit\u00e9. Ta post\u00e9rit\u00e9 sera comme la poussi\u00e8re de la terre ; tu t\u2019\u00e9tendras \u00e0 l\u2019occident et \u00e0 l\u2019orient, au septentrion et au midi ; et toutes les familles de la terre seront b\u00e9nies en toi et en ta post\u00e9rit\u00e9. Voici, je suis avec toi, je te garderai partout o\u00f9 tu iras, et je te ram\u00e8nerai dans ce pays ; car je ne t\u2019abandonnerai point, que je n\u2019aie ex\u00e9cut\u00e9 ce que je te dis. Jacob s\u2019\u00e9veilla de son sommeil et il dit : Certainement, l\u2019\u00c9ternel est en ce lieu, et moi, je ne le savais pas !<\/em>\u00a0\u00bb (Gen\u00e8se 28.13-15)<\/p>\n\n\n\n<p>Jacob est un exemple de l\u2019homme press\u00e9. Il a tout fait, par ruse, pour avoir le droit d\u2019a\u00eenesse et conduire la famille. C\u2019est un calculateur qui faisait ses projets sans Dieu et c\u2019est seulement \u00e0 l\u2019approche de difficult\u00e9s qu\u2019il cherchait parfois \u00e0 se mettre sous la protection du Seigneur.&nbsp;<\/p>\n\n\n\n<p>En lui parlant du haut de l\u2019\u00e9chelle, Dieu demande \u00e0 Jacob de ne pas chercher \u00e0 construire la famille sans lui. C\u2019est le Seigneur qui a fait la promesse ou le projet de b\u00e9nir toutes les familles de la terre par la post\u00e9rit\u00e9 d\u2019Abraham. Jacob devait comprendre cela, et surtout comprendre que toute ambition cultuelle ne vaut que si c\u2019est le Seigneur qui en est la source et le but. Son engagement est appel\u00e9 \u00e0 reposer sur la promesse du Seigneur.&nbsp;<\/p>\n\n\n\n<p>&nbsp;La suite de l\u2019histoire Jacob est remplie de hauts et de bas, de coups tordus et de strat\u00e9gies \u00e0 succ\u00e8s. Il finira par devenir le p\u00e8re d\u2019une multitude et la promesse trouvera le d\u00e9but de sa r\u00e9alisation dans sa vie.<\/p>\n\n\n\n<p>Il nous arrive de faire comme Jacob&nbsp;: tout d\u00e9finir, construire et apr\u00e8s venir demander au Seigneur de nous aider, nous soutenir et de b\u00e9nir tous nos projets. Il semble que c\u2019est faire les choses \u00e0 l\u2019envers. Parfois, comme Jacob, nous manquons de patience, voulant aller \u00ab&nbsp;plus vite que la musique&nbsp;\u00bb. Je vous avoue que je me suis parfois laiss\u00e9 prendre dans ce pi\u00e8ge. Mais nous n\u2019avons pas fini d\u2019apprendre\u2026<\/p>\n\n\n\n<p>Dieu est bon, il ne manquera pas de nous r\u00e9\u00e9duquer en vue d\u2019acqu\u00e9rir cette tranche du fruit de l\u2019Esprit. Patience&nbsp;!<\/p>\n\n\n\n<p><em>Pri\u00e8re du jour<\/em>&nbsp;: \u00ab&nbsp;Seigneur, Dieu Tout-Puissant, apprends-moi \u00e0 te chercher et \u00e0 poser devant toi mes projets avant d\u2019essayer de tout faire par moi-m\u00eame et seulement apr\u00e8s de t\u2019appeler, surtout quand les choses vont mal. Pardonne-moi les n\u00e9gligences du pass\u00e9 et aide-moi \u00e0 faire autrement \u00e0 l\u2019avenir. Au nom de J\u00e9sus, amen&nbsp;!&nbsp;\u00bb<\/p>\n\n\n\n<p class=\"has-text-align-center\"><em><strong>Une tranche par jour est un livre de m\u00e9ditations quotidiennes sur le fruit de l&#8217;Espri<\/strong><\/em><strong><em>t, \u00e9crit par le Pasteur Daniel Jennah<\/em><\/strong><\/p>\n\n\n\n<hr class=\"wp-block-separator\"\/>\n\n\n\n<p class=\"has-text-align-center\"><em>\u00a9 Daniel Jennah \/ Maradil &#8211; 2020<br>Les m\u00e9ditations sont publi\u00e9es sur le site restonsunis.com et les pages Instagram et Facebook d&#8217;Adventiste R\u00e9union avec la permission de l&#8217;auteur. <\/em><\/p>\n\n\n\n<p class=\"has-text-align-center\"><em>Il est rappel\u00e9 que le Code de la propri\u00e9t\u00e9 intellectuelle interdit les copies ou reproductions destin\u00e9es \u00e0 une utilisation collective. Toute repr\u00e9sentation ou reproduction int\u00e9grale ou partielle faite par quelque proc\u00e9d\u00e9 que ce soit, sans le consentement de l\u2019auteur, est illicite et constitue une contrefa\u00e7on, aux termes des articles L.335-2 et suivants du Code de la propri\u00e9t\u00e9 intellectuelle.<\/em><\/p>\n","protected":false},"excerpt":{"rendered":"<p>\u00ab\u00a0Je suis l\u2019\u00c9ternel, le Dieu d\u2019Abraham, ton p\u00e8re, et le Dieu d\u2019Isaac. La terre sur laquelle tu&hellip;<\/p>\n","protected":false},"author":1,"featured_media":0,"comment_status":"closed","ping_status":"open","sticky":false,"template":"","format":"standard","meta":{"footnotes":""},"categories":[45,44],"tags":[51,53,52],"class_list":["post-5691","post","type-post","status-publish","format-standard","hentry","category-meditations-quotidiennes","category-une-tranche-par-jour","tag-fruit-de-lesprit","tag-meditation-quotidienne","tag-vigile-matinale","no-margin"],"_links":{"self":[{"href":"https:\/\/restonsunis.com\/index.php\/wp-json\/wp\/v2\/posts\/5691","targetHints":{"allow":["GET"]}}],"collection":[{"href":"https:\/\/restonsunis.com\/index.php\/wp-json\/wp\/v2\/posts"}],"about":[{"href":"https:\/\/restonsunis.com\/index.php\/wp-json\/wp\/v2\/types\/post"}],"author":[{"embeddable":true,"href":"https:\/\/restonsunis.com\/index.php\/wp-json\/wp\/v2\/users\/1"}],"replies":[{"embeddable":true,"href":"https:\/\/restonsunis.com\/index.php\/wp-json\/wp\/v2\/comments?post=5691"}],"version-history":[{"count":1,"href":"https:\/\/restonsunis.com\/index.php\/wp-json\/wp\/v2\/posts\/5691\/revisions"}],"predecessor-version":[{"id":5693,"href":"https:\/\/restonsunis.com\/index.php\/wp-json\/wp\/v2\/posts\/5691\/revisions\/5693"}],"wp:attachment":[{"href":"https:\/\/restonsunis.com\/index.php\/wp-json\/wp\/v2\/media?parent=5691"}],"wp:term":[{"taxonomy":"category","embeddable":true,"href":"https:\/\/restonsunis.com\/index.php\/wp-json\/wp\/v2\/categories?post=5691"},{"taxonomy":"post_tag","embeddable":true,"href":"https:\/\/restonsunis.com\/index.php\/wp-json\/wp\/v2\/tags?post=5691"}],"curies":[{"name":"wp","href":"https:\/\/api.w.org\/{rel}","templated":true}]}}