{"id":5865,"date":"2021-06-21T06:38:28","date_gmt":"2021-06-21T02:38:28","guid":{"rendered":"https:\/\/restonsunis.com\/?p=5865"},"modified":"2021-06-21T06:38:30","modified_gmt":"2021-06-21T02:38:30","slug":"une-tranche-par-jour-21-juin-le-defi-de-jesus","status":"publish","type":"post","link":"https:\/\/restonsunis.com\/index.php\/2021\/06\/21\/une-tranche-par-jour-21-juin-le-defi-de-jesus\/","title":{"rendered":"Une Tranche Par Jour &#8211; 21 Juin : Le d\u00e9fi de J\u00e9sus"},"content":{"rendered":"\n<figure class=\"wp-block-image size-large\"><img loading=\"lazy\" decoding=\"async\" width=\"1024\" height=\"1024\" src=\"https:\/\/restonsunis.com\/wp-content\/uploads\/2021\/06\/06-21-1024x1024.png\" alt=\"\" class=\"wp-image-5866\" srcset=\"https:\/\/restonsunis.com\/wp-content\/uploads\/2021\/06\/06-21-1024x1024.png 1024w, https:\/\/restonsunis.com\/wp-content\/uploads\/2021\/06\/06-21-300x300.png 300w, https:\/\/restonsunis.com\/wp-content\/uploads\/2021\/06\/06-21-150x150.png 150w, https:\/\/restonsunis.com\/wp-content\/uploads\/2021\/06\/06-21-768x768.png 768w, https:\/\/restonsunis.com\/wp-content\/uploads\/2021\/06\/06-21-67x67.png 67w, https:\/\/restonsunis.com\/wp-content\/uploads\/2021\/06\/06-21.png 1080w\" sizes=\"auto, (max-width: 1024px) 100vw, 1024px\" \/><\/figure>\n\n\n\n<p>\u00ab\u00a0<em>Priez pour ceux qui vous pers\u00e9cutent<\/em>\u00a0!\u00bb (Matthieu 5.44b)<\/p>\n\n\n\n<p>Les premi\u00e8res fois que je tombai sur ces paroles, je trouvais qu\u2019elles portaient une sorte de provocation \u00ab&nbsp;morale&nbsp;\u00bb. J\u00e9sus semble taquiner la spiritualit\u00e9 de ses auditeurs pour voir jusqu\u2019o\u00f9 ils seraient pr\u00eats \u00e0 aller.<\/p>\n\n\n\n<p>Qu\u2019implique finalement la d\u00e9claration du Christ, sinon la possibilit\u00e9 d\u2019un lien sous-tendu par la haine, plus encombrant celui-l\u00e0&nbsp;? J\u00e9sus fait appel au c\u00f4t\u00e9 le plus s\u00e9v\u00e8re et le plus sombre de notre c\u0153ur, car il veut nous voir exercer une foi positive et constructive et non une foi rigide,&nbsp;enferm\u00e9e dans la propre suffisance religieuse, avec des formules toutes faites insipides et des faux-semblants. J\u00e9sus veut une religion authentique, vraie, sans fard. Imaginez des pri\u00e8res pour des individus qui vous envoient en pleine figure des inepties. J\u00e9sus fait un commentaire expansif de la loi, qu\u2019il transforme en id\u00e9al et il a un objectif bien pr\u00e9cis&nbsp;: \u00ab&nbsp;afin que vous soyez fils de votre P\u00e8re qui est dans les cieux ; car il fait lever son soleil sur les m\u00e9chants et sur les bons, et il fait pleuvoir sur les justes et sur les injustes. Si vous aimez ceux qui vous aiment, quelle r\u00e9compense m\u00e9ritez-vous ?&nbsp; Les publicains aussi n\u2019agissent-ils pas de m\u00eame ? Et si vous saluez seulement vos fr\u00e8res, que faites-vous d\u2019extraordinaire ? Les pa\u00efens aussi n\u2019agissent-ils pas de m\u00eame ? Soyez donc parfaits, comme votre P\u00e8re c\u00e9leste est parfait&nbsp;\u00bb. (Matthieu 5.45-48)<\/p>\n\n\n\n<p>J\u00e9sus reprend ici un ordre donn\u00e9 par Dieu dans l\u2019Ancien Testament. L\u2019ennemi peut \u00eatre celui qu\u2019on a choisi de d\u00e9signer en tant que tel ou celui qui se pose en tant que tel. Il est important, par ailleurs, de ne pas confondre opposition et inimiti\u00e9. Dieu donne la pluie et le soleil m\u00eame \u00e0 ceux qui refusent de l\u2019adorer. On ne peut faire mieux&nbsp;! Ne cherchez pas \u00e0 comprendre. Cherchez plut\u00f4t \u00e0 le pratiquer. La premi\u00e8re fois que j\u2019ai pri\u00e9 pour des croyants qui m\u2019avaient fait du tort, par esprit de rivalit\u00e9, j\u2019ai \u00e9prouv\u00e9 un sentiment de g\u00eane mais depuis j\u2019ai compris que mon Seigneur m\u2019avait donn\u00e9 un ordre et qu\u2019il n\u2019\u00e9tait pas n\u00e9gociable. Mon devoir est de prier pour ceux qui me font du tort. C\u2019est la grandeur d\u2019\u00e2me \u00e0 laquelle ils auront droit. Il n\u2019y aura ni haine ni m\u00e9pris.<\/p>\n\n\n\n<p>Si vous prenez une tranche de bont\u00e9 par jour, vous en produirez aussi&nbsp;!<\/p>\n\n\n\n<p><em>Pri\u00e8re du jour<\/em>&nbsp;: \u00ab&nbsp;Fais de moi un artisan de relations pacifi\u00e9es. M\u00eame si je suis seul \u00e0 le vouloir, aide-moi \u00e0 toujours croire que la bont\u00e9 peut triompher de la m\u00e9chancet\u00e9. Au nom de J\u00e9sus, amen&nbsp;!&nbsp;\u00bb<\/p>\n\n\n\n<p class=\"has-text-align-center\"><em><strong>Une tranche par jour est un livre de m\u00e9ditations quotidiennes sur le fruit de l&#8217;Espri<\/strong><\/em><strong><em>t, \u00e9crit par le Pasteur Daniel Jennah<\/em><\/strong><\/p>\n\n\n\n<hr class=\"wp-block-separator\"\/>\n\n\n\n<p class=\"has-text-align-center\"><em>\u00a9 Daniel Jennah \/ Maradil &#8211; 2020<br>Les m\u00e9ditations sont publi\u00e9es sur le site restonsunis.com et les pages Instagram et Facebook d&#8217;Adventiste R\u00e9union avec la permission de l&#8217;auteur. <\/em><\/p>\n\n\n\n<p class=\"has-text-align-center\"><em>Il est rappel\u00e9 que le Code de la propri\u00e9t\u00e9 intellectuelle interdit les copies ou reproductions destin\u00e9es \u00e0 une utilisation collective. Toute repr\u00e9sentation ou reproduction int\u00e9grale ou partielle faite par quelque proc\u00e9d\u00e9 que ce soit, sans le consentement de l\u2019auteur, est illicite et constitue une contrefa\u00e7on, aux termes des articles L.335-2 et suivants du Code de la propri\u00e9t\u00e9 intellectuelle.<\/em><\/p>\n","protected":false},"excerpt":{"rendered":"<p>\u00ab\u00a0Priez pour ceux qui vous pers\u00e9cutent\u00a0!\u00bb (Matthieu 5.44b) Les premi\u00e8res fois que je tombai sur ces paroles,&hellip;<\/p>\n","protected":false},"author":1,"featured_media":0,"comment_status":"closed","ping_status":"open","sticky":false,"template":"","format":"standard","meta":{"footnotes":""},"categories":[45,44],"tags":[51,53,52],"class_list":["post-5865","post","type-post","status-publish","format-standard","hentry","category-meditations-quotidiennes","category-une-tranche-par-jour","tag-fruit-de-lesprit","tag-meditation-quotidienne","tag-vigile-matinale","no-margin"],"_links":{"self":[{"href":"https:\/\/restonsunis.com\/index.php\/wp-json\/wp\/v2\/posts\/5865","targetHints":{"allow":["GET"]}}],"collection":[{"href":"https:\/\/restonsunis.com\/index.php\/wp-json\/wp\/v2\/posts"}],"about":[{"href":"https:\/\/restonsunis.com\/index.php\/wp-json\/wp\/v2\/types\/post"}],"author":[{"embeddable":true,"href":"https:\/\/restonsunis.com\/index.php\/wp-json\/wp\/v2\/users\/1"}],"replies":[{"embeddable":true,"href":"https:\/\/restonsunis.com\/index.php\/wp-json\/wp\/v2\/comments?post=5865"}],"version-history":[{"count":1,"href":"https:\/\/restonsunis.com\/index.php\/wp-json\/wp\/v2\/posts\/5865\/revisions"}],"predecessor-version":[{"id":5867,"href":"https:\/\/restonsunis.com\/index.php\/wp-json\/wp\/v2\/posts\/5865\/revisions\/5867"}],"wp:attachment":[{"href":"https:\/\/restonsunis.com\/index.php\/wp-json\/wp\/v2\/media?parent=5865"}],"wp:term":[{"taxonomy":"category","embeddable":true,"href":"https:\/\/restonsunis.com\/index.php\/wp-json\/wp\/v2\/categories?post=5865"},{"taxonomy":"post_tag","embeddable":true,"href":"https:\/\/restonsunis.com\/index.php\/wp-json\/wp\/v2\/tags?post=5865"}],"curies":[{"name":"wp","href":"https:\/\/api.w.org\/{rel}","templated":true}]}}