{"id":5938,"date":"2021-07-06T06:34:57","date_gmt":"2021-07-06T02:34:57","guid":{"rendered":"https:\/\/restonsunis.com\/?p=5938"},"modified":"2021-07-06T06:37:03","modified_gmt":"2021-07-06T02:37:03","slug":"une-tranche-par-jour-6-juillet-la-fraternite","status":"publish","type":"post","link":"https:\/\/restonsunis.com\/index.php\/2021\/07\/06\/une-tranche-par-jour-6-juillet-la-fraternite\/","title":{"rendered":"Une Tranche Par Jour &#8211; 6 Juillet : La fraternit\u00e9"},"content":{"rendered":"\n<figure class=\"wp-block-image size-large\"><img loading=\"lazy\" decoding=\"async\" width=\"1024\" height=\"1024\" src=\"https:\/\/restonsunis.com\/wp-content\/uploads\/2021\/07\/07-06-1-1024x1024.png\" alt=\"\" class=\"wp-image-5942\" srcset=\"https:\/\/restonsunis.com\/wp-content\/uploads\/2021\/07\/07-06-1-1024x1024.png 1024w, https:\/\/restonsunis.com\/wp-content\/uploads\/2021\/07\/07-06-1-300x300.png 300w, https:\/\/restonsunis.com\/wp-content\/uploads\/2021\/07\/07-06-1-150x150.png 150w, https:\/\/restonsunis.com\/wp-content\/uploads\/2021\/07\/07-06-1-768x768.png 768w, https:\/\/restonsunis.com\/wp-content\/uploads\/2021\/07\/07-06-1-67x67.png 67w, https:\/\/restonsunis.com\/wp-content\/uploads\/2021\/07\/07-06-1.png 1080w\" sizes=\"auto, (max-width: 1024px) 100vw, 1024px\" \/><\/figure>\n\n\n\n<p>\u00ab\u00a0<em>Voici, oh ! qu&#8217;il est agr\u00e9able, qu\u2019il est doux\u00a0pour des fr\u00e8res de demeurer ensemble !<\/em>\u00a0\u00bb (Psaume 133.1)<\/p>\n\n\n\n<p>Cela devrait aller de soi, \u00e0 la lumi\u00e8re de toutes les valeurs \u00e9vang\u00e9liques enjoignant le croyant \u00e0 exercer la fraternit\u00e9. Le Nouveau Testament en fait l\u2019une des principales exhortations car il serait difficile d\u2019imaginer l\u2019Eglise de J\u00e9sus-Christ vivre et avancer sans fraternit\u00e9. Etre aimable, c\u2019est consid\u00e9rer les autres rachet\u00e9s comme des fils et des filles de Dieu, donc comme ses fr\u00e8res et ses s\u0153urs.<\/p>\n\n\n\n<p>Vous n\u2019imaginez pas des chr\u00e9tiens appartenant \u00e0 la m\u00eame communaut\u00e9 de foi se disputer&nbsp;! Vous n\u2019imaginez pas des rivalit\u00e9s entre dirigeants de l\u2019Eglise&nbsp;? Non, et vous faites bien car vous avez compris que la vie en J\u00e9sus-Christ a pour but de nous apprendre \u00e0 vivre en harmonie les uns avec les autres.<\/p>\n\n\n\n<p>Nous observons que les relations humaines ne sont pas faciles \u00e0 g\u00e9rer. Cela pourrait \u00e9galement concerner les relations entre les paroissiens car ils sont facilement influenc\u00e9s par des comportements propres \u00e0 la soci\u00e9t\u00e9 dans laquelle ils vivent au quotidien. Et c\u2019est l\u00e0 que la notion de fraternit\u00e9, reposant sur l\u2019amabilit\u00e9 ou la bienveillance, prend tout son sens et d\u00e9couvre aussi son utilit\u00e9.<\/p>\n\n\n\n<p>Dieu nous encourage \u00e0 la fraternit\u00e9 pour que notre t\u00e9moignage soit vrai. Quand les gens de la soci\u00e9t\u00e9 comprennent que la fraternit\u00e9 n\u2019est pas un vain mot, ils d\u00e9couvriront le t\u00e9moignage de la transformation que seul le Seigneur peut op\u00e9rer dans la vie de ceux qui vivent sous son autorit\u00e9.&nbsp;<\/p>\n\n\n\n<p>Le fruit de l\u2019Esprit est visible quand ceux qui professent la m\u00eame foi envoient un signal d\u2019unit\u00e9 au monde. Il est possible que vous ayez un contact avec une personne de votre communaut\u00e9 de foi. D\u00e9pendant de la teneur de votre conversation, vous construirez l\u2019unit\u00e9 au sein de votre \u00e9glise. Il suffit de trouver les bons mots et la bonne tonalit\u00e9.<\/p>\n\n\n\n<p>Suivez le Saint-Esprit&nbsp;: c\u2019est lui qui conduit dans la v\u00e9rit\u00e9&nbsp;!<\/p>\n\n\n\n<p><em>Pri\u00e8re du jour<\/em>&nbsp;: \u00ab&nbsp;Seigneur, tu nous donnes de nouvelles possibilit\u00e9s de vivre des relations harmonieuses. Donne-nous \u00e9galement la sagesse qui doit les accompagner. Amen&nbsp;!&nbsp;\u00bb<\/p>\n\n\n\n<p class=\"has-text-align-center\"><em><strong>Une tranche par jour est un livre de m\u00e9ditations quotidiennes sur le fruit de l&#8217;Espri<\/strong><\/em><strong><em>t, \u00e9crit par le Pasteur Daniel Jennah<\/em><\/strong><\/p>\n\n\n\n<hr class=\"wp-block-separator\"\/>\n\n\n\n<p class=\"has-text-align-center\"><em>\u00a9 Daniel Jennah \/ Maradil &#8211; 2020<br>Les m\u00e9ditations sont publi\u00e9es sur le site restonsunis.com et les pages Instagram et Facebook d&#8217;Adventiste R\u00e9union avec la permission de l&#8217;auteur. <\/em><\/p>\n\n\n\n<p class=\"has-text-align-center\"><em>Il est rappel\u00e9 que le Code de la propri\u00e9t\u00e9 intellectuelle interdit les copies ou reproductions destin\u00e9es \u00e0 une utilisation collective. Toute repr\u00e9sentation ou reproduction int\u00e9grale ou partielle faite par quelque proc\u00e9d\u00e9 que ce soit, sans le consentement de l\u2019auteur, est illicite et constitue une contrefa\u00e7on, aux termes des articles L.335-2 et suivants du Code de la propri\u00e9t\u00e9 intellectuelle.<\/em><\/p>\n","protected":false},"excerpt":{"rendered":"<p>\u00ab\u00a0Voici, oh ! qu&#8217;il est agr\u00e9able, qu\u2019il est doux\u00a0pour des fr\u00e8res de demeurer ensemble !\u00a0\u00bb (Psaume 133.1)&hellip;<\/p>\n","protected":false},"author":1,"featured_media":0,"comment_status":"closed","ping_status":"open","sticky":false,"template":"","format":"standard","meta":{"footnotes":""},"categories":[45,44],"tags":[51,53,52],"class_list":["post-5938","post","type-post","status-publish","format-standard","hentry","category-meditations-quotidiennes","category-une-tranche-par-jour","tag-fruit-de-lesprit","tag-meditation-quotidienne","tag-vigile-matinale","no-margin"],"_links":{"self":[{"href":"https:\/\/restonsunis.com\/index.php\/wp-json\/wp\/v2\/posts\/5938","targetHints":{"allow":["GET"]}}],"collection":[{"href":"https:\/\/restonsunis.com\/index.php\/wp-json\/wp\/v2\/posts"}],"about":[{"href":"https:\/\/restonsunis.com\/index.php\/wp-json\/wp\/v2\/types\/post"}],"author":[{"embeddable":true,"href":"https:\/\/restonsunis.com\/index.php\/wp-json\/wp\/v2\/users\/1"}],"replies":[{"embeddable":true,"href":"https:\/\/restonsunis.com\/index.php\/wp-json\/wp\/v2\/comments?post=5938"}],"version-history":[{"count":2,"href":"https:\/\/restonsunis.com\/index.php\/wp-json\/wp\/v2\/posts\/5938\/revisions"}],"predecessor-version":[{"id":5943,"href":"https:\/\/restonsunis.com\/index.php\/wp-json\/wp\/v2\/posts\/5938\/revisions\/5943"}],"wp:attachment":[{"href":"https:\/\/restonsunis.com\/index.php\/wp-json\/wp\/v2\/media?parent=5938"}],"wp:term":[{"taxonomy":"category","embeddable":true,"href":"https:\/\/restonsunis.com\/index.php\/wp-json\/wp\/v2\/categories?post=5938"},{"taxonomy":"post_tag","embeddable":true,"href":"https:\/\/restonsunis.com\/index.php\/wp-json\/wp\/v2\/tags?post=5938"}],"curies":[{"name":"wp","href":"https:\/\/api.w.org\/{rel}","templated":true}]}}