{"id":6002,"date":"2021-07-20T06:35:52","date_gmt":"2021-07-20T02:35:52","guid":{"rendered":"https:\/\/restonsunis.com\/?p=6002"},"modified":"2021-07-20T06:35:55","modified_gmt":"2021-07-20T02:35:55","slug":"une-tranche-par-jour-20-juillet-croire-en-la-promesse","status":"publish","type":"post","link":"https:\/\/restonsunis.com\/index.php\/2021\/07\/20\/une-tranche-par-jour-20-juillet-croire-en-la-promesse\/","title":{"rendered":"Une Tranche Par Jour &#8211; 20 Juillet : Croire en la promesse"},"content":{"rendered":"\n<figure class=\"wp-block-image size-large\"><img loading=\"lazy\" decoding=\"async\" width=\"1024\" height=\"1024\" src=\"https:\/\/restonsunis.com\/wp-content\/uploads\/2021\/07\/Une-tranche-par-jour-1024x1024.png\" alt=\"\" class=\"wp-image-6003\" srcset=\"https:\/\/restonsunis.com\/wp-content\/uploads\/2021\/07\/Une-tranche-par-jour-1024x1024.png 1024w, https:\/\/restonsunis.com\/wp-content\/uploads\/2021\/07\/Une-tranche-par-jour-300x300.png 300w, https:\/\/restonsunis.com\/wp-content\/uploads\/2021\/07\/Une-tranche-par-jour-150x150.png 150w, https:\/\/restonsunis.com\/wp-content\/uploads\/2021\/07\/Une-tranche-par-jour-768x768.png 768w, https:\/\/restonsunis.com\/wp-content\/uploads\/2021\/07\/Une-tranche-par-jour-67x67.png 67w, https:\/\/restonsunis.com\/wp-content\/uploads\/2021\/07\/Une-tranche-par-jour.png 1080w\" sizes=\"auto, (max-width: 1024px) 100vw, 1024px\" \/><\/figure>\n\n\n\n<p><em>\u00ab\u00a0Quand sera venu le consolateur, que je vous enverrai de la part du P\u00e8re, -l\u2019Esprit de v\u00e9rit\u00e9, qui vient du P\u00e8re, il rendra t\u00e9moignage de moi ; et vous aussi, vous rendrez t\u00e9moignage, parce que vous \u00eates avec moi d\u00e8s le commencement<\/em>.<em>\u00a0<\/em>\u00bb (Jean 15.26,27)<\/p>\n\n\n\n<p>La croissance est possible \u00e0 partir du moment o\u00f9 l\u2019Esprit de v\u00e9rit\u00e9 peut nous conduire dans une relation forte avec le Christ.<\/p>\n\n\n\n<p>La d\u00e9claration de J\u00e9sus, rapport\u00e9e dans l\u2019\u00e9vangile de Jean, est une promesse r\u00e9confortante pour tous les croyants. Il fait comprendre que toute relation avec lui repose sur la v\u00e9rit\u00e9 et l\u2019authenticit\u00e9. Dans le passage biblique cit\u00e9 plus haut, il y a l\u2019id\u00e9e de la permanence de la pr\u00e9sence de l\u2019Esprit parmi les hommes. Or cette promesse se concr\u00e9tise d\u00e8s lors que le croyant laisse \u00e0 l\u2019Esprit la possibilit\u00e9 de la r\u00e9aliser. Le texte de Jean met en \u00e9vidence la notion trinitaire inh\u00e9rente au mode de r\u00e9v\u00e9lation de la puissance divine. J\u00e9sus demande \u00e0 son P\u00e8re de ne pas abandonner ses disciples mais de leur envoyer l\u2019Esprit de v\u00e9rit\u00e9. Il faudra donc s\u2019attendre \u00e0 une v\u00e9ritable action de purification et d\u2019encouragement au salut de la part du Saint-Esprit.<\/p>\n\n\n\n<p>Quant au livre des Actes, il rapporte que toute exp\u00e9rience spirituelle trouve sa source dans la rencontre avec l\u2019Esprit, ce qui est normal, direz-vous&nbsp;! Mais ce qui est normal n\u2019est pas toujours bien compris ou accept\u00e9. Si J\u00e9sus a promis \u00e0 ses disciples l\u2019av\u00e8nement du Saint-Esprit, c\u2019est parce que la foi est un don de Dieu, don qu\u2019il est seul en mesure de d\u00e9velopper de mani\u00e8re constructive et \u00e9panouissante.<\/p>\n\n\n\n<p>De m\u00eame que des fleurs sont porteuses de nombreuses possibilit\u00e9s de fruits, de m\u00eame le croyant devient le centre de l\u2019action de l\u2019Esprit et le lieu de visibilit\u00e9 du fruit \u00e0 plusieurs tranches. Que promet J\u00e9sus sinon que l\u2019action de l\u2019Esprit se verra dans le c\u0153ur du croyant et si le c\u0153ur est visit\u00e9 par l\u2019Esprit, l\u2019\u00eatre tout entier en sera b\u00e9n\u00e9ficiaire&nbsp;!&nbsp;<\/p>\n\n\n\n<p>Prions pour que L\u2019Esprit nous visite et enracine notre c\u0153ur dans la Parole de Dieu, source de notre foi et support d\u2019une exp\u00e9rience spirituelle croissante et \u00e9panouissante.<\/p>\n\n\n\n<p><em>Pri\u00e8re du jour<\/em>&nbsp;: \u00ab&nbsp;P\u00e8re c\u00e9leste, que serait notre vie sans toi&nbsp;! Nous avons besoin de ta gr\u00e2ce qui sauve et qui nous soutient chaque jour dans la croissance spirituelle. Fais-nous grandir aupr\u00e8s de toi car nous voulons porter des fruits pour ta gloire. Dans le beau nom de J\u00e9sus, amen&nbsp;!&nbsp;\u00bb<\/p>\n\n\n\n<p class=\"has-text-align-center\"><em><strong>Une tranche par jour est un livre de m\u00e9ditations quotidiennes sur le fruit de l&#8217;Espri<\/strong><\/em><strong><em>t, \u00e9crit par le Pasteur Daniel Jennah<\/em><\/strong><\/p>\n\n\n\n<hr class=\"wp-block-separator\"\/>\n\n\n\n<p class=\"has-text-align-center\"><em>\u00a9 Daniel Jennah \/ Maradil &#8211; 2020<br>Les m\u00e9ditations sont publi\u00e9es sur le site restonsunis.com et les pages Instagram et Facebook d&#8217;Adventiste R\u00e9union avec la permission de l&#8217;auteur. <\/em><\/p>\n\n\n\n<p class=\"has-text-align-center\"><em>Il est rappel\u00e9 que le Code de la propri\u00e9t\u00e9 intellectuelle interdit les copies ou reproductions destin\u00e9es \u00e0 une utilisation collective. Toute repr\u00e9sentation ou reproduction int\u00e9grale ou partielle faite par quelque proc\u00e9d\u00e9 que ce soit, sans le consentement de l\u2019auteur, est illicite et constitue une contrefa\u00e7on, aux termes des articles L.335-2 et suivants du Code de la propri\u00e9t\u00e9 intellectuelle.<\/em><\/p>\n","protected":false},"excerpt":{"rendered":"<p>\u00ab\u00a0Quand sera venu le consolateur, que je vous enverrai de la part du P\u00e8re, -l\u2019Esprit de v\u00e9rit\u00e9,&hellip;<\/p>\n","protected":false},"author":1,"featured_media":0,"comment_status":"closed","ping_status":"open","sticky":false,"template":"","format":"standard","meta":{"footnotes":""},"categories":[45,44],"tags":[51,53,52],"class_list":["post-6002","post","type-post","status-publish","format-standard","hentry","category-meditations-quotidiennes","category-une-tranche-par-jour","tag-fruit-de-lesprit","tag-meditation-quotidienne","tag-vigile-matinale","no-margin"],"_links":{"self":[{"href":"https:\/\/restonsunis.com\/index.php\/wp-json\/wp\/v2\/posts\/6002","targetHints":{"allow":["GET"]}}],"collection":[{"href":"https:\/\/restonsunis.com\/index.php\/wp-json\/wp\/v2\/posts"}],"about":[{"href":"https:\/\/restonsunis.com\/index.php\/wp-json\/wp\/v2\/types\/post"}],"author":[{"embeddable":true,"href":"https:\/\/restonsunis.com\/index.php\/wp-json\/wp\/v2\/users\/1"}],"replies":[{"embeddable":true,"href":"https:\/\/restonsunis.com\/index.php\/wp-json\/wp\/v2\/comments?post=6002"}],"version-history":[{"count":1,"href":"https:\/\/restonsunis.com\/index.php\/wp-json\/wp\/v2\/posts\/6002\/revisions"}],"predecessor-version":[{"id":6004,"href":"https:\/\/restonsunis.com\/index.php\/wp-json\/wp\/v2\/posts\/6002\/revisions\/6004"}],"wp:attachment":[{"href":"https:\/\/restonsunis.com\/index.php\/wp-json\/wp\/v2\/media?parent=6002"}],"wp:term":[{"taxonomy":"category","embeddable":true,"href":"https:\/\/restonsunis.com\/index.php\/wp-json\/wp\/v2\/categories?post=6002"},{"taxonomy":"post_tag","embeddable":true,"href":"https:\/\/restonsunis.com\/index.php\/wp-json\/wp\/v2\/tags?post=6002"}],"curies":[{"name":"wp","href":"https:\/\/api.w.org\/{rel}","templated":true}]}}