{"id":6076,"date":"2021-08-06T17:45:00","date_gmt":"2021-08-06T13:45:00","guid":{"rendered":"https:\/\/restonsunis.com\/?p=6076"},"modified":"2021-08-13T17:05:35","modified_gmt":"2021-08-13T13:05:35","slug":"commencement-de-sabbat-du-30-juillet-2021-2","status":"publish","type":"post","link":"https:\/\/restonsunis.com\/index.php\/2021\/08\/06\/commencement-de-sabbat-du-30-juillet-2021-2\/","title":{"rendered":"Commencement de sabbat du 6 ao\u00fbt 2021"},"content":{"rendered":"\n<h3 class=\"has-text-align-center wp-block-heading\">Bon sabbat<\/h3>\n\n\n\n<p>Pour la 5e \u00e9tape de son voyage \u00e0 travers la Suisse, David Szylovec nous emm\u00e8ne \u00e0 la cit\u00e9 m\u00e9di\u00e9vale de Gruy\u00e8res.<\/p>\n\n\n\n<figure class=\"wp-block-embed is-type-video is-provider-youtube wp-block-embed-youtube wp-embed-aspect-16-9 wp-has-aspect-ratio\"><div class=\"wp-block-embed__wrapper\">\n<iframe loading=\"lazy\" title=\"Mon chemin #5 Gruy\u00e8res - Pr\u00e9sent\u00e9 par David Szylovec\" width=\"770\" height=\"433\" src=\"https:\/\/www.youtube.com\/embed\/bnnY9sVBNkg?feature=oembed\" frameborder=\"0\" allow=\"accelerometer; autoplay; clipboard-write; encrypted-media; gyroscope; picture-in-picture\" allowfullscreen><\/iframe>\n<\/div><\/figure>\n\n\n\n<h2 class=\"wp-block-heading\">Bon Sabbat chez vous \u00e0 21h00 UTC+4<\/h2>\n\n\n\n<figure class=\"wp-block-embed is-type-video is-provider-youtube wp-block-embed-youtube wp-embed-aspect-16-9 wp-has-aspect-ratio\"><div class=\"wp-block-embed__wrapper\">\n<iframe loading=\"lazy\" title=\"Le levain - Bon Sabbat Chez Vous - S3E15 avec Rose M\u00e9l\u00e8ne - Pr\u00e9sent\u00e9 par Salom\u00e9 Rathe\" width=\"770\" height=\"433\" src=\"https:\/\/www.youtube.com\/embed\/-wYugDe9Eb8?feature=oembed\" frameborder=\"0\" allow=\"accelerometer; autoplay; clipboard-write; encrypted-media; gyroscope; picture-in-picture\" allowfullscreen><\/iframe>\n<\/div><\/figure>\n","protected":false},"excerpt":{"rendered":"<p>Bon sabbat Pour la 5e \u00e9tape de son voyage \u00e0 travers la Suisse, David Szylovec nous emm\u00e8ne&hellip;<\/p>\n","protected":false},"author":1,"featured_media":0,"comment_status":"closed","ping_status":"open","sticky":false,"template":"","format":"standard","meta":{"footnotes":""},"categories":[25],"tags":[],"class_list":["post-6076","post","type-post","status-publish","format-standard","hentry","category-commencement-de-sabbat","no-margin"],"_links":{"self":[{"href":"https:\/\/restonsunis.com\/index.php\/wp-json\/wp\/v2\/posts\/6076","targetHints":{"allow":["GET"]}}],"collection":[{"href":"https:\/\/restonsunis.com\/index.php\/wp-json\/wp\/v2\/posts"}],"about":[{"href":"https:\/\/restonsunis.com\/index.php\/wp-json\/wp\/v2\/types\/post"}],"author":[{"embeddable":true,"href":"https:\/\/restonsunis.com\/index.php\/wp-json\/wp\/v2\/users\/1"}],"replies":[{"embeddable":true,"href":"https:\/\/restonsunis.com\/index.php\/wp-json\/wp\/v2\/comments?post=6076"}],"version-history":[{"count":2,"href":"https:\/\/restonsunis.com\/index.php\/wp-json\/wp\/v2\/posts\/6076\/revisions"}],"predecessor-version":[{"id":6113,"href":"https:\/\/restonsunis.com\/index.php\/wp-json\/wp\/v2\/posts\/6076\/revisions\/6113"}],"wp:attachment":[{"href":"https:\/\/restonsunis.com\/index.php\/wp-json\/wp\/v2\/media?parent=6076"}],"wp:term":[{"taxonomy":"category","embeddable":true,"href":"https:\/\/restonsunis.com\/index.php\/wp-json\/wp\/v2\/categories?post=6076"},{"taxonomy":"post_tag","embeddable":true,"href":"https:\/\/restonsunis.com\/index.php\/wp-json\/wp\/v2\/tags?post=6076"}],"curies":[{"name":"wp","href":"https:\/\/api.w.org\/{rel}","templated":true}]}}