{"id":6412,"date":"2021-09-25T08:00:00","date_gmt":"2021-09-25T04:00:00","guid":{"rendered":"https:\/\/restonsunis.com\/?p=6412"},"modified":"2021-09-25T06:40:44","modified_gmt":"2021-09-25T02:40:44","slug":"programme-du-sabbat-25-septembre-2021","status":"publish","type":"post","link":"https:\/\/restonsunis.com\/index.php\/2021\/09\/25\/programme-du-sabbat-25-septembre-2021\/","title":{"rendered":"Programme du sabbat 25 septembre 2021"},"content":{"rendered":"\n<h2 class=\"has-text-align-center wp-block-heading\">Message du Pasteur Daniel Jennah<\/h2>\n\n\n\n<figure class=\"wp-block-embed is-type-video is-provider-youtube wp-block-embed-youtube wp-embed-aspect-16-9 wp-has-aspect-ratio\"><div class=\"wp-block-embed__wrapper\">\n<iframe loading=\"lazy\" title=\"Message du Pasteur Daniel Jennah\" width=\"770\" height=\"433\" src=\"https:\/\/www.youtube.com\/embed\/po-71aUe_-w?feature=oembed\" frameborder=\"0\" allow=\"accelerometer; autoplay; clipboard-write; encrypted-media; gyroscope; picture-in-picture\" allowfullscreen><\/iframe>\n<\/div><\/figure>\n\n\n\n<hr class=\"wp-block-separator\"\/>\n\n\n\n<h2 class=\"has-text-align-center wp-block-heading\">\ud83d\uddd3 Agenda des salons de discussion<\/h2>\n\n\n\n<p class=\"has-text-align-center\">Retrouvez le planning des salons de discussion d&#8217;aujourd&#8217;hui et de la semaine prochaine en cliquant sur les boutons ci-dessous.<\/p>\n\n\n\n<div class=\"wp-block-buttons is-content-justification-center is-layout-flex wp-block-buttons-is-layout-flex\">\n<div class=\"wp-block-button\"><a class=\"wp-block-button__link has-vivid-cyan-blue-background-color has-background\" href=\"https:\/\/restonsunis.com\/index.php\/agenda-du-sabbat\/\">Agenda du Sabbat<\/a><\/div>\n\n\n\n<div class=\"wp-block-button\"><a class=\"wp-block-button__link has-white-color has-vivid-green-cyan-background-color has-text-color has-background\" href=\"https:\/\/restonsunis.com\/index.php\/agenda-de-la-semaine\/\">Agenda de la Semaine<\/a><\/div>\n<\/div>\n\n\n\n<h2 class=\"has-text-align-center wp-block-heading\">Moment de louange<\/h2>\n\n\n\n<figure class=\"wp-block-embed is-type-video is-provider-youtube wp-block-embed-youtube wp-embed-aspect-16-9 wp-has-aspect-ratio\"><div class=\"wp-block-embed__wrapper\">\n<iframe loading=\"lazy\" title=\"Louange du 25 septembre 2021\" width=\"770\" height=\"433\" src=\"https:\/\/www.youtube.com\/embed\/videoseries?list=PLHPlvMtb3LGebLDSIAejpRawh31aewh48\" frameborder=\"0\" allow=\"accelerometer; autoplay; clipboard-write; encrypted-media; gyroscope; picture-in-picture\" allowfullscreen><\/iframe>\n<\/div><\/figure>\n\n\n\n<h2 class=\"has-text-align-center wp-block-heading\">Le\u00e7on EDS<\/h2>\n\n\n\n<h2 class=\"has-text-align-center wp-block-heading\">Emission &#8220;Autrement dit&#8221;<\/h2>\n\n\n\n<figure class=\"wp-block-embed is-type-video is-provider-youtube wp-block-embed-youtube wp-embed-aspect-16-9 wp-has-aspect-ratio\"><div class=\"wp-block-embed__wrapper\">\n<iframe loading=\"lazy\" title=\"AUTREMENT DIT &quot;E\u0301tude de l&#039;e\u0301cole du Sabbat 13&quot; Le repos ultime 24 09 2021\" width=\"770\" height=\"433\" src=\"https:\/\/www.youtube.com\/embed\/KbvQPooI9Wo?feature=oembed\" frameborder=\"0\" allow=\"accelerometer; autoplay; clipboard-write; encrypted-media; gyroscope; picture-in-picture\" allowfullscreen><\/iframe>\n<\/div><\/figure>\n\n\n\n<div class=\"wp-block-buttons is-content-justification-center is-layout-flex wp-block-buttons-is-layout-flex\">\n<div class=\"wp-block-button\"><a class=\"wp-block-button__link has-vivid-green-cyan-background-color has-background\" href=\"https:\/\/restonsunis.com\/index.php\/ecole-du-sabbat\/\">Plus de vid\u00e9os : Aller \u00e0 la nouvelle page d\u00e9di\u00e9e<\/a><\/div>\n<\/div>\n\n\n\n<h2 class=\"has-text-align-center wp-block-heading\">Rapport missionnaire mondial<\/h2>\n\n\n\n<figure class=\"wp-block-embed is-type-video is-provider-youtube wp-block-embed-youtube wp-embed-aspect-16-9 wp-has-aspect-ratio\"><div class=\"wp-block-embed__wrapper\">\n<iframe loading=\"lazy\" title=\"Septembre 25 - Une journ\u00e9e dans la vie d\u2019un Missionnaire\" width=\"770\" height=\"433\" src=\"https:\/\/www.youtube.com\/embed\/Yphw206HnwQ?feature=oembed\" frameborder=\"0\" allow=\"accelerometer; autoplay; clipboard-write; encrypted-media; gyroscope; picture-in-picture\" allowfullscreen><\/iframe>\n<\/div><\/figure>\n\n\n\n<h2 class=\"has-text-align-center wp-block-heading\">Les cultes d&#8217;adoration<\/h2>\n\n\n\n<h3 class=\"has-text-align-center wp-block-heading\">Le culte d&#8217;adoration pour les enfants (6-12 ans)<\/h3>\n\n\n\n<div class=\"wp-block-buttons is-content-justification-center is-layout-flex wp-block-buttons-is-layout-flex\">\n<div class=\"wp-block-button\"><a class=\"wp-block-button__link has-luminous-vivid-amber-background-color has-background\" href=\"https:\/\/restonsunis.com\/index.php\/programme-pour-les-enfants\/\" target=\"_blank\" rel=\"noreferrer noopener\">Revoir les programmes pour les enfants<\/a><\/div>\n<\/div>\n\n\n\n<h2 class=\"has-text-align-center wp-block-heading\">Culte Espoir \u00e0 13h UTC+4<\/h2>\n\n\n\n<figure class=\"wp-block-embed is-type-video is-provider-youtube wp-block-embed-youtube wp-embed-aspect-16-9 wp-has-aspect-ratio\"><div class=\"wp-block-embed__wrapper\">\n<iframe loading=\"lazy\" title=\"Paroles d&#039;enfants - Culte Espoir du 25 septembre avec Gabriel Samperio, Myldred, Marylin et Amandine\" width=\"770\" height=\"433\" src=\"https:\/\/www.youtube.com\/embed\/6VGNz3y60gY?feature=oembed\" frameborder=\"0\" allow=\"accelerometer; autoplay; clipboard-write; encrypted-media; gyroscope; picture-in-picture\" allowfullscreen><\/iframe>\n<\/div><\/figure>\n\n\n\n<hr class=\"wp-block-separator\"\/>\n\n\n\n<h2 class=\"wp-block-heading\">Nouveau regard sur Daniel #7 : La proph\u00e9tie cach\u00e9e de Daniel 12<\/h2>\n\n\n\n<p>Pr\u00e9sent\u00e9 par Jean-Paul Lagarde<\/p>\n\n\n\n<figure class=\"wp-block-embed is-type-video is-provider-youtube wp-block-embed-youtube wp-embed-aspect-16-9 wp-has-aspect-ratio\"><div class=\"wp-block-embed__wrapper\">\n<iframe loading=\"lazy\" title=\"Nouveau regard sur Daniel #7 - La proph\u00e9tie cach\u00e9e de Daniel 12 - Pr\u00e9sent\u00e9 par Jean-Paul Lagarde\" width=\"770\" height=\"433\" src=\"https:\/\/www.youtube.com\/embed\/mYV8D8coeMo?feature=oembed\" frameborder=\"0\" allow=\"accelerometer; autoplay; clipboard-write; encrypted-media; gyroscope; picture-in-picture\" allowfullscreen><\/iframe>\n<\/div><\/figure>\n\n\n\n<hr class=\"wp-block-separator\"\/>\n\n\n\n<h2 class=\"has-text-align-center wp-block-heading\">R\u00e9flexion sur la vaccination <br>(source Conf\u00e9rence G\u00e9n\u00e9rale)<\/h2>\n\n\n\n<p>Le d\u00e9partement de la Sant\u00e9 de la Conf\u00e9rence G\u00e9n\u00e9rale en collaboration avec le Dr Jiri MOSKALA, nous propose une \u00e9tude biblico-th\u00e9ologique sur la vaccination.<\/p>\n\n\n\n<div data-wp-interactive=\"core\/file\" class=\"wp-block-file\"><object data-wp-bind--hidden=\"!state.hasPdfPreview\" hidden class=\"wp-block-file__embed\" data=\"https:\/\/restonsunis.com\/wp-content\/uploads\/2021\/08\/re\u0301flexion-the\u0301ologique-sur-la-vaccination.pdf\" type=\"application\/pdf\" style=\"width:100%;height:600px\" aria-label=\"Contenu embarqu\u00e9 Contenu embarqu\u00e9 Re\u0301flexion the\u0301ologique sur la vaccination..\"><\/object><a href=\"https:\/\/restonsunis.com\/wp-content\/uploads\/2021\/08\/re\u0301flexion-the\u0301ologique-sur-la-vaccination.pdf\">Re\u0301flexion the\u0301ologique sur la vaccination<\/a><a href=\"https:\/\/restonsunis.com\/wp-content\/uploads\/2021\/08\/re\u0301flexion-the\u0301ologique-sur-la-vaccination.pdf\" class=\"wp-block-file__button\" download>T\u00e9l\u00e9charger<\/a><\/div>\n\n\n\n<p>Nous vous encourageons \u00e0 prendre connaissance de cet article et \u00e0 le lire dans un esprit de pri\u00e8re. <\/p>\n\n\n\n<h2 class=\"has-text-align-center wp-block-heading\"><span class=\"has-inline-color has-vivid-red-color\">Continuons \u00e0 respecter le choix des uns et des autres.<\/span><\/h2>\n\n\n\n<hr class=\"wp-block-separator\"\/>\n","protected":false},"excerpt":{"rendered":"<p>&#8220;Voici, je me tiens \u00e0 la porte, et je frappe. Si quelqu&#8217;un entend ma voix et ouvre la porte, j&#8217;entrerai chez lui, je souperai avec lui, et lui avec moi. Celui qui vaincra, je le ferai asseoir avec moi sur mon tr\u00f4ne, comme moi j&#8217;ai vaincu et me suis assis avec mon P\u00e8re sur son tr\u00f4ne.&#8221; Ap. 3:20-21<\/p>\n","protected":false},"author":1,"featured_media":0,"comment_status":"closed","ping_status":"open","sticky":false,"template":"","format":"standard","meta":{"footnotes":""},"categories":[26],"tags":[],"class_list":["post-6412","post","type-post","status-publish","format-standard","hentry","category-journee-de-sabbat","no-margin"],"_links":{"self":[{"href":"https:\/\/restonsunis.com\/index.php\/wp-json\/wp\/v2\/posts\/6412","targetHints":{"allow":["GET"]}}],"collection":[{"href":"https:\/\/restonsunis.com\/index.php\/wp-json\/wp\/v2\/posts"}],"about":[{"href":"https:\/\/restonsunis.com\/index.php\/wp-json\/wp\/v2\/types\/post"}],"author":[{"embeddable":true,"href":"https:\/\/restonsunis.com\/index.php\/wp-json\/wp\/v2\/users\/1"}],"replies":[{"embeddable":true,"href":"https:\/\/restonsunis.com\/index.php\/wp-json\/wp\/v2\/comments?post=6412"}],"version-history":[{"count":1,"href":"https:\/\/restonsunis.com\/index.php\/wp-json\/wp\/v2\/posts\/6412\/revisions"}],"predecessor-version":[{"id":6413,"href":"https:\/\/restonsunis.com\/index.php\/wp-json\/wp\/v2\/posts\/6412\/revisions\/6413"}],"wp:attachment":[{"href":"https:\/\/restonsunis.com\/index.php\/wp-json\/wp\/v2\/media?parent=6412"}],"wp:term":[{"taxonomy":"category","embeddable":true,"href":"https:\/\/restonsunis.com\/index.php\/wp-json\/wp\/v2\/categories?post=6412"},{"taxonomy":"post_tag","embeddable":true,"href":"https:\/\/restonsunis.com\/index.php\/wp-json\/wp\/v2\/tags?post=6412"}],"curies":[{"name":"wp","href":"https:\/\/api.w.org\/{rel}","templated":true}]}}