{"id":6436,"date":"2021-09-30T06:23:36","date_gmt":"2021-09-30T02:23:36","guid":{"rendered":"https:\/\/restonsunis.com\/?p=6436"},"modified":"2021-09-30T06:23:38","modified_gmt":"2021-09-30T02:23:38","slug":"une-tranche-par-jour-30-septembre-la-douceur-qui-eclaire","status":"publish","type":"post","link":"https:\/\/restonsunis.com\/index.php\/2021\/09\/30\/une-tranche-par-jour-30-septembre-la-douceur-qui-eclaire\/","title":{"rendered":"Une Tranche Par Jour &#8211; 30 Septembre : La douceur qui \u00e9claire"},"content":{"rendered":"\n<figure class=\"wp-block-image size-large\"><img loading=\"lazy\" decoding=\"async\" width=\"1024\" height=\"1024\" src=\"https:\/\/restonsunis.com\/wp-content\/uploads\/2021\/09\/09-30-1024x1024.png\" alt=\"\" class=\"wp-image-6437\" srcset=\"https:\/\/restonsunis.com\/wp-content\/uploads\/2021\/09\/09-30-1024x1024.png 1024w, https:\/\/restonsunis.com\/wp-content\/uploads\/2021\/09\/09-30-300x300.png 300w, https:\/\/restonsunis.com\/wp-content\/uploads\/2021\/09\/09-30-150x150.png 150w, https:\/\/restonsunis.com\/wp-content\/uploads\/2021\/09\/09-30-768x768.png 768w, https:\/\/restonsunis.com\/wp-content\/uploads\/2021\/09\/09-30-67x67.png 67w, https:\/\/restonsunis.com\/wp-content\/uploads\/2021\/09\/09-30.png 1080w\" sizes=\"auto, (max-width: 1024px) 100vw, 1024px\" \/><\/figure>\n\n\n\n<p>\u00ab\u00a0<em>Que votre lumi\u00e8re luise ainsi devant les hommes, afin qu\u2019ils voient vos bonnes \u0153uvres, et qu&#8217;ils glorifient votre P\u00e8re qui est dans les cieux<\/em>.\u00a0\u00bb (Matthieu 5.16)<\/p>\n\n\n\n<p>La douceur du chr\u00e9tien peut \u00e9clairer le monde sur les intentions de Dieu&nbsp;!<\/p>\n\n\n\n<p>J\u00e9sus demande \u00e0 ses disciples d\u2019\u00eatre \u00ab&nbsp;la lumi\u00e8re du monde&nbsp;\u00bb. Comme le sel court le risque de perdre sa saveur, la lumi\u00e8re peut perdre son \u00e9clat. Elle court le risque de l\u2019ent\u00e9n\u00e8brement. J\u00e9sus dit \u00e0 ses disciples&nbsp;:&nbsp;\u00ab&nbsp;C\u2019est vous qui \u00eates la lumi\u00e8re du monde&nbsp;\u00bb, parce qu\u2019il est lui-m\u00eame la lumi\u00e8re venant du ciel pour \u00e9clairer l\u2019humanit\u00e9&nbsp;touch\u00e9e par le mal. La lumi\u00e8re que nous repr\u00e9sentons est un reflet de ce que le Seigneur seul peut op\u00e9rer dans notre vie.&nbsp;<\/p>\n\n\n\n<p>En devenant disciple du Christ, le croyant accepte la mission r\u00e9aliste de faire briller la lumi\u00e8re \u00e9vang\u00e9lique au sein des t\u00e9n\u00e8bres. C\u2019est une mani\u00e8re pour lui de manifester de la bienveillance envers ses semblables. Divers courants philosophiques et des h\u00e9r\u00e9sies ont couvert notre soci\u00e9t\u00e9 au point qu\u2019elle ne peut voir la vraie lumi\u00e8re \u00e9manant du ciel. C\u2019est probablement pour cette raison que J\u00e9sus dit de ses disciples qu\u2019il leur revient d\u2019\u00e9clairer la terre.&nbsp;<\/p>\n\n\n\n<p>Les chr\u00e9tiens, c\u2019est-\u00e0-dire ceux qui professent une pleine adh\u00e9sion \u00e0 la cause du Christ, ne peuvent pas se permettre d\u2019\u00eatre approximatifs, circonspects ou insouciants dans la mission qui consiste \u00e0 briller pour J\u00e9sus&nbsp;: ce serait certainement mettre \u00ab&nbsp;la lumi\u00e8re sous le boisseau&nbsp;\u00bb, en d\u2019autres termes l\u2019emp\u00eacher d\u2019atteindre les objectifs de vie, objectifs voulus par le Seigneur lui-m\u00eame. La foi des disciples de ce troisi\u00e8me mill\u00e9naire, enracin\u00e9e dans la Parole de Dieu, fera d\u2019eux des porteurs de lumi\u00e8re, des lampes connect\u00e9es \u00e0 J\u00e9sus pour \u00e9clairer les contemporains.<\/p>\n\n\n\n<p>Que pensez-vous de la mission que J\u00e9sus confie \u00e0 ses disciples, celle d\u2019\u00e9clairer le monde&nbsp;? Est-ce trop demander&nbsp;? La raison pour laquelle J\u00e9sus demande cela se trouve dans le fait que le t\u00e9moignage des disciples sera plus convaincant que n\u2019importe quelle th\u00e9orie. La douceur qui accompagnera ce t\u00e9moignage lui donnera plus de valeur.&nbsp;<\/p>\n\n\n\n<p><em>Pri\u00e8re du jour<\/em>&nbsp;: \u00ab&nbsp;Mon Dieu, fais de tes enfants des t\u00e9moins de la gr\u00e2ce par la douceur de leur attitude, de leurs paroles et de leurs actions. Amen&nbsp;!&nbsp;\u00bb<\/p>\n\n\n\n<p class=\"has-text-align-center\"><em><strong>Une tranche par jour est un livre de m\u00e9ditations quotidiennes sur le fruit de l&#8217;Espri<\/strong><\/em><strong><em>t, \u00e9crit par le Pasteur Daniel Jennah<\/em><\/strong><\/p>\n\n\n\n<hr class=\"wp-block-separator\"\/>\n\n\n\n<p class=\"has-text-align-center\"><em>\u00a9 Daniel Jennah \/ Maradil &#8211; 2020<br>Les m\u00e9ditations sont publi\u00e9es sur le site restonsunis.com et les pages Instagram et Facebook d&#8217;Adventiste R\u00e9union avec la permission de l&#8217;auteur. <\/em><\/p>\n\n\n\n<p class=\"has-text-align-center\"><em>Il est rappel\u00e9 que le Code de la propri\u00e9t\u00e9 intellectuelle interdit les copies ou reproductions destin\u00e9es \u00e0 une utilisation collective. Toute repr\u00e9sentation ou reproduction int\u00e9grale ou partielle faite par quelque proc\u00e9d\u00e9 que ce soit, sans le consentement de l\u2019auteur, est illicite et constitue une contrefa\u00e7on, aux termes des articles L.335-2 et suivants du Code de la propri\u00e9t\u00e9 intellectuelle.<\/em><\/p>\n","protected":false},"excerpt":{"rendered":"<p>\u00ab\u00a0Que votre lumi\u00e8re luise ainsi devant les hommes, afin qu\u2019ils voient vos bonnes \u0153uvres, et qu&#8217;ils glorifient&hellip;<\/p>\n","protected":false},"author":1,"featured_media":0,"comment_status":"closed","ping_status":"open","sticky":false,"template":"","format":"standard","meta":{"footnotes":""},"categories":[45,44],"tags":[51,53,52],"class_list":["post-6436","post","type-post","status-publish","format-standard","hentry","category-meditations-quotidiennes","category-une-tranche-par-jour","tag-fruit-de-lesprit","tag-meditation-quotidienne","tag-vigile-matinale","no-margin"],"_links":{"self":[{"href":"https:\/\/restonsunis.com\/index.php\/wp-json\/wp\/v2\/posts\/6436","targetHints":{"allow":["GET"]}}],"collection":[{"href":"https:\/\/restonsunis.com\/index.php\/wp-json\/wp\/v2\/posts"}],"about":[{"href":"https:\/\/restonsunis.com\/index.php\/wp-json\/wp\/v2\/types\/post"}],"author":[{"embeddable":true,"href":"https:\/\/restonsunis.com\/index.php\/wp-json\/wp\/v2\/users\/1"}],"replies":[{"embeddable":true,"href":"https:\/\/restonsunis.com\/index.php\/wp-json\/wp\/v2\/comments?post=6436"}],"version-history":[{"count":1,"href":"https:\/\/restonsunis.com\/index.php\/wp-json\/wp\/v2\/posts\/6436\/revisions"}],"predecessor-version":[{"id":6438,"href":"https:\/\/restonsunis.com\/index.php\/wp-json\/wp\/v2\/posts\/6436\/revisions\/6438"}],"wp:attachment":[{"href":"https:\/\/restonsunis.com\/index.php\/wp-json\/wp\/v2\/media?parent=6436"}],"wp:term":[{"taxonomy":"category","embeddable":true,"href":"https:\/\/restonsunis.com\/index.php\/wp-json\/wp\/v2\/categories?post=6436"},{"taxonomy":"post_tag","embeddable":true,"href":"https:\/\/restonsunis.com\/index.php\/wp-json\/wp\/v2\/tags?post=6436"}],"curies":[{"name":"wp","href":"https:\/\/api.w.org\/{rel}","templated":true}]}}