{"id":6469,"date":"2021-10-03T07:11:30","date_gmt":"2021-10-03T03:11:30","guid":{"rendered":"https:\/\/restonsunis.com\/?p=6469"},"modified":"2021-10-03T07:11:30","modified_gmt":"2021-10-03T03:11:30","slug":"nouvelles-des-adventistes-du-monde-3","status":"publish","type":"post","link":"https:\/\/restonsunis.com\/index.php\/2021\/10\/03\/nouvelles-des-adventistes-du-monde-3\/","title":{"rendered":"Nouvelles des adventistes du monde"},"content":{"rendered":"\n<p class=\"has-text-align-center\">Semaine du 16 septembre au 2 octobre 2021<\/p>\n\n\n\n<div class=\"wp-block-image\"><figure class=\"alignleft size-full is-resized\"><img decoding=\"async\" src=\"https:\/\/restonsunis.com\/wp-content\/uploads\/2021\/10\/DmA1632967613719.jpeg\" alt=\"\" class=\"wp-image-6471\" width=\"-58\" height=\"-33\" srcset=\"https:\/\/restonsunis.com\/wp-content\/uploads\/2021\/10\/DmA1632967613719.jpeg 900w, https:\/\/restonsunis.com\/wp-content\/uploads\/2021\/10\/DmA1632967613719-300x169.jpeg 300w, https:\/\/restonsunis.com\/wp-content\/uploads\/2021\/10\/DmA1632967613719-768x432.jpeg 768w\" sizes=\"(max-width: 900px) 100vw, 900px\" \/><\/figure><\/div>\n\n\n\n<div class=\"wp-block-group\"><div class=\"wp-block-group__inner-container is-layout-flow wp-block-group-is-layout-flow\">\n<p><em>Philippines<\/em><\/p>\n\n\n\n<h2 class=\"wp-block-heading\">L&#8217;action d&#8217;ADRA Philippines contre la COVID-19<\/h2>\n\n\n\n<p>L&#8217;augmentation constante du nombre de cas confirm\u00e9s de COVID-19, associ\u00e9e \u00e0 de graves menaces pour la sant\u00e9 et la s\u00e9curit\u00e9, ainsi qu&#8217;\u00e0 de s\u00e9rieuses perturbations \u00e9conomiques, a cr\u00e9\u00e9 plusieurs d\u00e9fis auxquels les Philippins sont d\u00e9sormais confront\u00e9s dans tout le pays.<\/p>\n\n\n\n<p>Aux Philippines, un total de 1,6 million de cas ont \u00e9t\u00e9 confirm\u00e9s, et plus de 28 000 d\u00e9c\u00e8s ont \u00e9t\u00e9 enregistr\u00e9s depuis le 4 ao\u00fbt, selon le minist\u00e8re de la Sant\u00e9 du pays. Dans son dernier rapport, l&#8217;Organisation mondiale de la sant\u00e9 a indiqu\u00e9 que les Philippines se classent au deuxi\u00e8me rang des pays d&#8217;Asie du Sud-Est comptant le plus de cas et de d\u00e9c\u00e8s.<\/p>\n\n\n\n<p>&#8220;ADRA met en \u0153uvre un programme de r\u00e9ponse au COVID-19 du 1er septembre 2021 au 1er mai 2022&#8221;, explique Tom Pignon, directeur national d&#8217;ADRA aux Philippines. &#8220;ADRA se concentrera sur Matanao, Davao del Sur et l&#8217;ensemble de l&#8217;\u00eele de Mindanao, et nous poursuivrons notre collaboration avec l&#8217;\u00c9glise adventiste du septi\u00e8me jour et \u00e9tablirons des partenariats avec de nouvelles communaut\u00e9s dans quatre r\u00e9gions.&#8221;<\/p>\n\n\n\n<p>Malgr\u00e9 la relance de l&#8217;\u00e9conomie, des millions de personnes restent sans emploi, et les personnes d\u00e9plac\u00e9es \u00e0 l&#8217;int\u00e9rieur de Mindanao connaissent des situations de logement difficiles et ont du mal \u00e0 acc\u00e9der \u00e0 des revenus d\u00e9cents, ajoute M. Pignon. &#8220;La majorit\u00e9 de ces travailleurs sont essentiellement dans un sch\u00e9ma &#8220;pas de travail, pas de salaire&#8221;. De nombreux agriculteurs ont eu du mal \u00e0 commercialiser leurs produits car la plupart des \u00e9tablissements alimentaires ont ferm\u00e9 et le nombre de consommateurs a consid\u00e9rablement diminu\u00e9.&#8221;<\/p>\n\n\n\n<p>Pour soutenir les actions de soutien de ce groupe tr\u00e8s vuln\u00e9rable, ADRA se concentrera sur le d\u00e9veloppement des ressources pour 300 membres de la communaut\u00e9 en mati\u00e8re de culture de l\u00e9gumes et d&#8217;\u00e9levage de ch\u00e8vres. Pour assurer la durabilit\u00e9, ADRA int\u00e9grera un m\u00e9canisme d&#8217;\u00e9pargne qui a bien fonctionn\u00e9 dans d&#8217;autres projets d&#8217;ADRA pour am\u00e9liorer les connaissances financi\u00e8res des b\u00e9n\u00e9ficiaires et les aider \u00e0 r\u00e9pondre aux besoins de leur m\u00e9nage.<\/p>\n\n\n\n<p>La pand\u00e9mie a \u00e9galement caus\u00e9 d&#8217;importants d\u00e9fis et menaces pour les travailleurs m\u00e9dicaux en premi\u00e8re ligne, et le manque d&#8217;\u00e9quipement de protection individuelle a pos\u00e9 un probl\u00e8me crucial. Les travailleurs de la sant\u00e9 pr\u00e9sentent le plus grand risque d&#8217;exposition au virus car ils travaillent dans les h\u00f4pitaux pour diagnostiquer et traiter la COVID-19, selon le d\u00e9partement local de la sant\u00e9.<\/p>\n\n\n\n<p>Au 31 mars, un total de 15 907 personnels soignants ont \u00e9t\u00e9 enregistr\u00e9s comme \u00e9tant infect\u00e9s, et sur ce total, 15 248 se sont r\u00e9tablis, 82 sont d\u00e9c\u00e9d\u00e9s, et 577 sont actuellement infect\u00e9s. R\u00e9cemment, ADRA a fourni des masques chirurgicaux, des visi\u00e8res et des d\u00e9sinfectants \u00e0 17 \u00e9tablissements de sant\u00e9 des Philippines.<\/p>\n\n\n\n<p>Le nombre de Philippins cherchant \u00e0 obtenir une aide psychologique de premi\u00e8re n\u00e9cessit\u00e9 a \u00e9galement augment\u00e9 pendant la pand\u00e9mie. Les autorit\u00e9s locales ont indiqu\u00e9 que le nombre de personnes cherchant \u00e0 obtenir une consultation par le biais de leur ligne d&#8217;assistance t\u00e9l\u00e9phonique a tripl\u00e9 en raison de la COVID-19. La plupart des appelants ont exprim\u00e9 leur tristesse, leur nervosit\u00e9 et leur anxi\u00e9t\u00e9. Lors de la r\u00e9cente \u00e9valuation d&#8217;ADRA \u00e0 Davao del Sur, les fonctionnaires de premi\u00e8re ligne ont exprim\u00e9 leur besoin de soutien psychosocial.<\/p>\n\n\n\n<p>R\u00e9cemment, ADRA a fourni des services de premiers soins psychologiques aux personnels soignants de premi\u00e8re ligne et aux communaut\u00e9s vuln\u00e9rables par le biais des projets Stronger Together et EMBRACE COVID-19 \u00e0 travers les Philippines. Afin d&#8217;aider \u00e0 promouvoir le bien-\u00eatre psychologique de la population de Mindanao, ADRA a l&#8217;intention de renforcer les capacit\u00e9s des volontaires locaux en mati\u00e8re de premiers soins psychologiques et d&#8217;aiguillage vers les autorit\u00e9s sanitaires appropri\u00e9es.<\/p>\n\n\n\n<p>Bien que le gouvernement Philippin ait exig\u00e9 que tous les Philippins portent des masques ou d&#8217;autres formes de protection faciale lorsqu&#8217;ils sortent de chez eux, il y a encore beaucoup de membres de la communaut\u00e9 et de villages \u00e9loign\u00e9s qui ne respectent pas ces mesures. Selon les constatations locales, de fausses informations maintiennent le public dans le flou sur les aspects fondamentaux de la COVID-19, tels que les modes de transmission, l&#8217;\u00e9ventail des sympt\u00f4mes (principalement les cas asymptomatiques), la nature des tests, des hospitalisations et des traitements.<\/p>\n\n\n\n<p>L&#8217;h\u00e9sitation \u00e0 se faire vacciner reste \u00e9lev\u00e9e, selon l&#8217;enqu\u00eate de mars 2021 de Pulse Asia. Les r\u00e9sultats montrent que seuls 16 % des personnes interrog\u00e9es souhaiteraient recevoir le vaccin COVID-19 une fois qu&#8217;il sera disponible. Les personnes qui ne sont pas dispos\u00e9es \u00e0 se faire vacciner contre le COVID-19 ont exprim\u00e9 leurs inqui\u00e9tudes concernant la s\u00e9curit\u00e9, la marque du vaccin et la crainte des effets secondaires.<\/p>\n\n\n\n<p>&#8220;Une communication claire et transparente sur tous les aspects de la COVID-19 contribuerait \u00e0 renforcer la confiance du public dans la s\u00e9curit\u00e9 et l&#8217;efficacit\u00e9 du vaccin. ADRA continue de promouvoir la sensibilisation \u00e0 l&#8217;aide d&#8217;\u00e9missions de radio et de m\u00e9dias sociaux&#8221;, d\u00e9clare M. Pignon. &#8220;\u00c0 l&#8217;avenir, ADRA pr\u00e9voit d&#8217;inclure l&#8217;utilisation de la t\u00e9l\u00e9vision pour atteindre une communaut\u00e9 plus large.&#8221;<\/p>\n\n\n\n<p> <a href=\"https:\/\/adventist.news\/news\/adra-provides-life-changing-and-united-support-against-covid-19-in-the-philippines\" target=\"_blank\" rel=\"noreferrer noopener\"><strong>Source (en anglais)<\/strong><\/a> <\/p>\n<\/div><\/div>\n\n\n\n<hr class=\"wp-block-separator is-style-dots\"\/>\n\n\n\n<h1 class=\"has-text-align-center wp-block-heading\">Revue de presse<\/h1>\n\n\n\n<div class=\"wp-block-image\"><figure class=\"alignright size-full is-resized\"><img loading=\"lazy\" decoding=\"async\" src=\"https:\/\/restonsunis.com\/wp-content\/uploads\/2021\/10\/jamu-ejc-samaritan-inn.jpeg\" alt=\"\" class=\"wp-image-6489\" width=\"457\" height=\"282\"\/><\/figure><\/div>\n\n\n\n<div class=\"wp-block-group\"><div class=\"wp-block-group__inner-container is-layout-flow wp-block-group-is-layout-flow\">\n<p class=\"has-text-align-right\"><em>Jama\u00efque<\/em><\/p>\n\n\n\n<h2 class=\"has-text-align-right wp-block-heading\">En Jama\u00efque, les adventistes mettent en place des banques alimentaires pour nourrir des centaines de familles<\/h2>\n\n\n\n<p>Citant des statistiques qui indiquent qu\u2019environ 400000 personnes souffrent de la faim chaque jour en Jama\u00efque et que la nourriture est un besoin fondamental de l\u2019humanit\u00e9, l\u2019\u00c9glise adventiste du septi\u00e8me jour en Jama\u00efque poursuit la lutte visant \u00e0 diminuer ces chiffres de la faim gr\u00e2ce \u00e0 un grand centre de banque alimentaire.<\/p>\n\n\n\n<p>\u00ab En tant qu\u2019\u00e9glise, nous devons r\u00e9pondre \u00e0 ce vaste besoin, \u00bb a dit pasteur Everett Brown, pr\u00e9sident de l\u2019\u00c9glise adventiste en Jama\u00efque, alors qu\u2019il inaugurait la Banque Alimentaire. \u00ab Il y a des personnes dans nos \u00e9glises et des personnes dans notre communaut\u00e9 au sens large qui souffrent de la faim aujourd\u2019hui. L\u2019\u00e9glise doit r\u00e9agir et par cons\u00e9quent, en collaboration avec nos cinq f\u00e9d\u00e9rations [r\u00e9gions], nous avons d\u00e9cid\u00e9 de faire une d\u00e9marche intentionnelle en lan\u00e7ant la Banque Alimentaire.<\/p>\n\n\n\n<p><a href=\"https:\/\/adventist.news\/news\/chef-attempts-to-reduce-malnutrition-in-laos\" target=\"_blank\" rel=\"noreferrer noopener\"><strong>Article complet (en <\/strong><\/a><strong><a href=\"https:\/\/adventist.news\/news\/more-than-350-000-people-received-bible-studies-this-year-subtitle-official-data-based-on-the-adventist-churchs-secretariat\" target=\"_blank\" rel=\"noreferrer noopener\">fran\u00e7ais<\/a><\/strong><a href=\"https:\/\/www.interamerica.org\/fr\/2021\/09\/en-jamaique-les-adventistes-mettent-en-place-des-banques-alimentaires-pour-nourrir-des-centaines-de-familles\/\" target=\"_blank\" rel=\"noreferrer noopener\"><strong>)<\/strong><\/a><\/p>\n<\/div><\/div>\n\n\n\n<div class=\"wp-block-image\"><figure class=\"alignleft size-large is-resized\"><img decoding=\"async\" src=\"https:\/\/restonsunis.com\/wp-content\/uploads\/2021\/10\/WhatsApp-Image-2021-09-28-at-08.05.03-1024x768.jpeg\" alt=\"\" class=\"wp-image-6490\" width=\"-288\" height=\"-215\" srcset=\"https:\/\/restonsunis.com\/wp-content\/uploads\/2021\/10\/WhatsApp-Image-2021-09-28-at-08.05.03-1024x768.jpeg 1024w, https:\/\/restonsunis.com\/wp-content\/uploads\/2021\/10\/WhatsApp-Image-2021-09-28-at-08.05.03-300x225.jpeg 300w, https:\/\/restonsunis.com\/wp-content\/uploads\/2021\/10\/WhatsApp-Image-2021-09-28-at-08.05.03-768x576.jpeg 768w, https:\/\/restonsunis.com\/wp-content\/uploads\/2021\/10\/WhatsApp-Image-2021-09-28-at-08.05.03.jpeg 1040w\" sizes=\"(max-width: 1024px) 100vw, 1024px\" \/><\/figure><\/div>\n\n\n\n<p class=\"has-text-align-left\"><em>Br\u00e9sil<\/em><\/p>\n\n\n\n<h2 class=\"has-text-align-left wp-block-heading\">Trente-cinq personnes sont baptis\u00e9es dans le cadre du minist\u00e8re des prisons.<\/h2>\n\n\n\n<p>L&#8217;\u00c9glise adventiste du septi\u00e8me jour (IASD) a baptis\u00e9 35 d\u00e9tenus appartenant \u00e0 une unit\u00e9 carc\u00e9rale de la municipalit\u00e9 de S\u00e3o Mateus, \u00e0 plus de 200 km de Vit\u00f3ria, Esp\u00edrito Santo, Br\u00e9sil. Il s&#8217;agit d&#8217;un \u00e9v\u00e9nement historique pour la ville et pour le syst\u00e8me p\u00e9nitentiaire. La c\u00e9r\u00e9monie de bapt\u00eame a eu lieu le 23 septembre en pr\u00e9sence des responsables de l&#8217;\u00c9glise adventiste de la r\u00e9gion.<\/p>\n\n\n\n<p><meta charset=\"utf-8\"> <a href=\"https:\/\/adventist.news\/news\/thirty-five-people-are-baptized-as-part-of-prison-ministry-work\" target=\"_blank\" rel=\"noreferrer noopener\"><strong>Article complet (en anglais)<\/strong><\/a> <\/p>\n\n\n\n<div class=\"wp-block-image\"><figure class=\"alignright size-full is-resized\"><img decoding=\"async\" src=\"https:\/\/restonsunis.com\/wp-content\/uploads\/2021\/10\/haiu-jeremie-evangelistic-tent-south-haiti-b.jpeg\" alt=\"\" class=\"wp-image-6491\" width=\"-64\" height=\"-42\" srcset=\"https:\/\/restonsunis.com\/wp-content\/uploads\/2021\/10\/haiu-jeremie-evangelistic-tent-south-haiti-b.jpeg 1000w, https:\/\/restonsunis.com\/wp-content\/uploads\/2021\/10\/haiu-jeremie-evangelistic-tent-south-haiti-b-300x200.jpeg 300w, https:\/\/restonsunis.com\/wp-content\/uploads\/2021\/10\/haiu-jeremie-evangelistic-tent-south-haiti-b-768x512.jpeg 768w\" sizes=\"(max-width: 1000px) 100vw, 1000px\" \/><\/figure><\/div>\n\n\n\n<p class=\"has-text-align-right\"><em>Ha\u00efti<\/em><\/p>\n\n\n\n<h2 class=\"has-text-align-right wp-block-heading\">En Ha\u00efti, l&#8217;\u00c9glise adventiste continue d&#8217;aider les victimes du tremblement de terre tout en planifiant la reconstruction.<\/h2>\n\n\n\n<p>Des semaines apr\u00e8s le tremblement de terre qui a tu\u00e9 plus de 2 000 personnes, bris\u00e9 des maisons et des b\u00e2timents dans la p\u00e9ninsule sud d&#8217;Ha\u00efti, l&#8217;\u00c9glise adventiste du septi\u00e8me jour continue d&#8217;aider des milliers de membres et leurs familles tout en planifiant la reconstruction de deux douzaines d&#8217;\u00e9glises et d&#8217;\u00e9coles d\u00e9truites.<\/p>\n\n\n\n<p>Parmi les membres de l&#8217;\u00e9glise en Ha\u00efti, le tremblement de terre a co\u00fbt\u00e9 la vie \u00e0 16 personnes et en a bless\u00e9 117. Tous les bless\u00e9s ont \u00e9t\u00e9 trait\u00e9s par une \u00e9quipe m\u00e9dicale de l&#8217;h\u00f4pital adventiste d&#8217;Ha\u00efti ou \u00e0 l\u2019h\u00f4pital public, a d\u00e9clar\u00e9 le pasteur Pierre Caporal, pr\u00e9sident de l&#8217;\u00e9glise en Ha\u00efti. Environ 3 000 membres de l&#8217;\u00e9glise ont subi des dommages mat\u00e9riels, notamment la destruction de leur maison, a-t-il pr\u00e9cis\u00e9.<\/p>\n\n\n\n<p>&#8220;L&#8217;\u00e9glise a pu aider 1 000 des membres les plus n\u00e9cessiteux gr\u00e2ce \u00e0 son plan sp\u00e9cial d&#8217;aide aux membres touch\u00e9s par les catastrophes&#8221;, a d\u00e9clar\u00e9 Caporal. Les membres ont re\u00e7u de la nourriture, des v\u00eatements, de l&#8217;argent et des fournitures de base pour les aider \u00e0 survivre \u00e0 leur nouvelle r\u00e9alit\u00e9. &#8220;Nous sommes tellement reconnaissants envers l&#8217;\u00e9glise mondiale adventiste et la division interam\u00e9ricaine de nous avoir envoy\u00e9 des fonds pour prendre soin de nos membres affect\u00e9s\u2026&#8221;<\/p>\n\n\n\n<p>&#8230;<\/p>\n\n\n\n<p><meta charset=\"utf-8\"><a href=\"https:\/\/adventist.news\/news\/in-haiti-adventist-church-keeps-assisting-earthquake-victims-as-it-plans-rebuilding\" target=\"_blank\" rel=\"noreferrer noopener\"><strong>Article complet (en anglais)<\/strong><\/a> <\/p>\n","protected":false},"excerpt":{"rendered":"<p>Semaine du 16 septembre au 2 octobre 2021 Philippines L&#8217;action d&#8217;ADRA Philippines contre la COVID-19 L&#8217;augmentation constante&hellip;<\/p>\n","protected":false},"author":1,"featured_media":0,"comment_status":"closed","ping_status":"closed","sticky":false,"template":"","format":"standard","meta":{"footnotes":""},"categories":[2,110],"tags":[],"class_list":["post-6469","post","type-post","status-publish","format-standard","hentry","category-informations","category-revue-de-presse","no-margin"],"_links":{"self":[{"href":"https:\/\/restonsunis.com\/index.php\/wp-json\/wp\/v2\/posts\/6469","targetHints":{"allow":["GET"]}}],"collection":[{"href":"https:\/\/restonsunis.com\/index.php\/wp-json\/wp\/v2\/posts"}],"about":[{"href":"https:\/\/restonsunis.com\/index.php\/wp-json\/wp\/v2\/types\/post"}],"author":[{"embeddable":true,"href":"https:\/\/restonsunis.com\/index.php\/wp-json\/wp\/v2\/users\/1"}],"replies":[{"embeddable":true,"href":"https:\/\/restonsunis.com\/index.php\/wp-json\/wp\/v2\/comments?post=6469"}],"version-history":[{"count":3,"href":"https:\/\/restonsunis.com\/index.php\/wp-json\/wp\/v2\/posts\/6469\/revisions"}],"predecessor-version":[{"id":6492,"href":"https:\/\/restonsunis.com\/index.php\/wp-json\/wp\/v2\/posts\/6469\/revisions\/6492"}],"wp:attachment":[{"href":"https:\/\/restonsunis.com\/index.php\/wp-json\/wp\/v2\/media?parent=6469"}],"wp:term":[{"taxonomy":"category","embeddable":true,"href":"https:\/\/restonsunis.com\/index.php\/wp-json\/wp\/v2\/categories?post=6469"},{"taxonomy":"post_tag","embeddable":true,"href":"https:\/\/restonsunis.com\/index.php\/wp-json\/wp\/v2\/tags?post=6469"}],"curies":[{"name":"wp","href":"https:\/\/api.w.org\/{rel}","templated":true}]}}