{"id":6542,"date":"2021-10-10T09:26:18","date_gmt":"2021-10-10T05:26:18","guid":{"rendered":"https:\/\/restonsunis.com\/?p=6542"},"modified":"2021-10-10T09:26:21","modified_gmt":"2021-10-10T05:26:21","slug":"nouvelles-des-adventistes-du-monde-4","status":"publish","type":"post","link":"https:\/\/restonsunis.com\/index.php\/2021\/10\/10\/nouvelles-des-adventistes-du-monde-4\/","title":{"rendered":"Nouvelles des adventistes du monde"},"content":{"rendered":"\n<p class=\"has-text-align-center\">Semaine du 3 au 9 octobre 2021<\/p>\n\n\n\n<div class=\"wp-block-image\"><figure class=\"alignright size-large\"><img loading=\"lazy\" decoding=\"async\" width=\"1024\" height=\"576\" src=\"https:\/\/restonsunis.com\/wp-content\/uploads\/2021\/10\/IMG_9494-1024x576.jpeg\" alt=\"\" class=\"wp-image-6543\" srcset=\"https:\/\/restonsunis.com\/wp-content\/uploads\/2021\/10\/IMG_9494-1024x576.jpeg 1024w, https:\/\/restonsunis.com\/wp-content\/uploads\/2021\/10\/IMG_9494-300x169.jpeg 300w, https:\/\/restonsunis.com\/wp-content\/uploads\/2021\/10\/IMG_9494-768x432.jpeg 768w, https:\/\/restonsunis.com\/wp-content\/uploads\/2021\/10\/IMG_9494-1536x864.jpeg 1536w, https:\/\/restonsunis.com\/wp-content\/uploads\/2021\/10\/IMG_9494.jpeg 1620w\" sizes=\"auto, (max-width: 1024px) 100vw, 1024px\" \/><\/figure><\/div>\n\n\n\n<div class=\"wp-block-group\"><div class=\"wp-block-group__inner-container is-layout-flow wp-block-group-is-layout-flow\">\n<p class=\"has-text-align-right\">Goilala, <em>Papouasie<\/em> Nouvelle Guin\u00e9e<\/p>\n\n\n\n<h2 class=\"has-text-align-right wp-block-heading\">Les 15 premiers missionnaires envoy\u00e9s dans les zones non atteintes de la r\u00e9gion de Goilala<\/h2>\n\n\n\n<p>Quinze missionnaires ont \u00e9t\u00e9 charg\u00e9s de r\u00e9pandre l&#8217;\u00c9vangile \u00e0 Goilala, l&#8217;une des nouvelles zones de travail de la Conf\u00e9rence de Papouasie centrale (CPC) de l&#8217;\u00c9glise adventiste du septi\u00e8me jour en Papouasie-Nouvelle-Guin\u00e9e.<\/p>\n\n\n\n<p>Longtemps domin\u00e9e par l&#8217;\u00c9glise catholique, cette partie rurale du pays est connue pour ses terrains accident\u00e9s, qui constituent un environnement difficile pour les missionnaires qui veulent y entrer, voyager et travailler.<\/p>\n\n\n\n<p>Sous la direction du pasteur Rex Koi, secr\u00e9taire g\u00e9n\u00e9ral du CPC, une \u00e9quipe de six pasteurs s&#8217;est rendue dans la r\u00e9gion du 24 au 26 ao\u00fbt pour proc\u00e9der au premier bapt\u00eame adventiste, \u00e0 la d\u00e9dicace d&#8217;une \u00e9glise et d&#8217;une maison de pasteur dans la r\u00e9gion. Dix-huit personnes ont \u00e9t\u00e9 baptis\u00e9es le jour du sabbat.<\/p>\n\n\n\n<p>&#8220;C&#8217;\u00e9tait le tout premier bapt\u00eame organis\u00e9 par l&#8217;\u00c9glise adventiste dans la r\u00e9gion. Les habitants ont vers\u00e9 des larmes de joie en voyant les 18 premiers membres nouvellement baptis\u00e9s \u00eatre accueillis dans la famille adventiste&#8221;, a d\u00e9clar\u00e9 McValen Kaminiel, du d\u00e9partement m\u00e9dias et communications du CPC.<\/p>\n\n\n\n<p>Les bapt\u00eames sont le r\u00e9sultat du travail de 15 missionnaires volontaires et d&#8217;une campagne d&#8217;\u00e9vang\u00e9lisation de deux semaines men\u00e9e par le pr\u00e9dicateur la\u00efc Francis Tokai. Apr\u00e8s les bapt\u00eames, les 15 missionnaires volontaires ont \u00e9t\u00e9 envoy\u00e9s pour apporter l&#8217;\u00e9vangile dans les endroits non desservis de la r\u00e9gion de Goilala, et six endroits strat\u00e9giques ont \u00e9t\u00e9 choisis comme champs d&#8217;\u00e9vang\u00e9lisation.<\/p>\n\n\n\n<p>&#8220;Les missionnaires ont \u00e9t\u00e9 affect\u00e9s \u00e0 ces endroits pour travailler en trios et en paires. La plupart de ces missionnaires n&#8217;ont pas plus de 18 ans. Le pasteur Koi les a encourag\u00e9s et conseill\u00e9s sur les d\u00e9fis qu&#8217;ils auront \u00e0 relever sur le front de l&#8217;\u00e9vangile&#8221;, a d\u00e9clar\u00e9 Kaminiel.<\/p>\n\n\n\n<p>Le programme s&#8217;est poursuivi le dimanche avec l&#8217;inauguration de la premi\u00e8re \u00e9glise adventiste et l&#8217;ouverture de la maison du pasteur. &#8221; La f\u00e9d\u00e9ration dans son ensemble a franchi une \u00e9tape importante en ayant enfin une base adventiste \u00e0 Tapini &#8220;, a expliqu\u00e9 M. Kaminiel.<\/p>\n\n\n\n<p>Pour cl\u00f4turer l&#8217;\u00e9v\u00e9nement, le pasteur Koi a partag\u00e9 la vision du CPC, en affirmant que l&#8217;\u00e9vangile sera r\u00e9pandu de Tapini \u00e0 d&#8217;autres parties de Goilala, et que d&#8217;autres \u00e9glises adventistes seront \u00e9tablies dans la r\u00e9gion.<\/p>\n\n\n\n<p><a href=\"https:\/\/adventist.news\/news\/first-15-missionaries-sent-out-to-unreached-areas-in-goilala\" target=\"_blank\" rel=\"noreferrer noopener\"><strong>Article complet (en <\/strong><\/a><strong><a href=\"https:\/\/adventist.news\/news\/more-than-350-000-people-received-bible-studies-this-year-subtitle-official-data-based-on-the-adventist-churchs-secretariat\" target=\"_blank\" rel=\"noreferrer noopener\">anglais<\/a><\/strong><a href=\"https:\/\/www.interamerica.org\/fr\/2021\/09\/en-jamaique-les-adventistes-mettent-en-place-des-banques-alimentaires-pour-nourrir-des-centaines-de-familles\/\" target=\"_blank\" rel=\"noreferrer noopener\"><strong>)<\/strong><\/a><\/p>\n<\/div><\/div>\n\n\n\n<div class=\"wp-block-group\"><div class=\"wp-block-group__inner-container is-layout-flow wp-block-group-is-layout-flow\"><\/div><\/div>\n\n\n\n<hr class=\"wp-block-separator is-style-dots\"\/>\n\n\n\n<h1 class=\"has-text-align-center wp-block-heading\">Revue de presse<\/h1>\n\n\n\n<div class=\"wp-block-image\"><figure class=\"alignleft size-full is-resized\"><img loading=\"lazy\" decoding=\"async\" src=\"https:\/\/restonsunis.com\/wp-content\/uploads\/2021\/10\/guanaja-school-on-fire.jpeg\" alt=\"\" class=\"wp-image-6544\" width=\"353\" height=\"220\" srcset=\"https:\/\/restonsunis.com\/wp-content\/uploads\/2021\/10\/guanaja-school-on-fire.jpeg 1000w, https:\/\/restonsunis.com\/wp-content\/uploads\/2021\/10\/guanaja-school-on-fire-300x188.jpeg 300w, https:\/\/restonsunis.com\/wp-content\/uploads\/2021\/10\/guanaja-school-on-fire-768x480.jpeg 768w, https:\/\/restonsunis.com\/wp-content\/uploads\/2021\/10\/guanaja-school-on-fire-270x168.jpeg 270w, https:\/\/restonsunis.com\/wp-content\/uploads\/2021\/10\/guanaja-school-on-fire-760x474.jpeg 760w, https:\/\/restonsunis.com\/wp-content\/uploads\/2021\/10\/guanaja-school-on-fire-370x232.jpeg 370w, https:\/\/restonsunis.com\/wp-content\/uploads\/2021\/10\/guanaja-school-on-fire-409x255.jpeg 409w\" sizes=\"auto, (max-width: 353px) 100vw, 353px\" \/><\/figure><\/div>\n\n\n\n<p class=\"has-text-align-left\"><em>Guanaja, \u00celes de la Baie, Honduras<\/em><\/p>\n\n\n\n<h2 class=\"has-text-align-left wp-block-heading\">Au Honduras, le feu engloutit une \u00e9cole adventiste sur l\u2019\u00eele de Guanaja, des membres perdent leurs maisons<\/h2>\n\n\n\n<p>L&#8217;\u00c9glise adventiste du septi\u00e8me jour (IASD) a baptis\u00e9 35 d\u00e9tenus appartenant \u00e0 une unit\u00e9 carc\u00e9rale de la Alors que l\u2019incendie embrasait l\u2019\u00eele de Guanaja, dans les Iles de la Baie au large de la c\u00f4te nord du Honduras, au petit matin du samedi 2 octobre, les dirigeants et les membres de l\u2019\u00c9glise adventiste du septi\u00e8me jour sur l\u2019\u00eele ont r\u00e9agi rapidement pour aider \u00e0 \u00e9viter que le feu ne cause des dommages \u00e0 son \u00e9cole, ses \u00e9glises et la communaut\u00e9. L\u2019incendie a d\u00e9truit ou endommag\u00e9 plus de 200 maisons et entreprises. L\u2019\u00e9cole a subi des d\u00e9g\u00e2ts au niveau du troisi\u00e8me \u00e9tage et 30 membres d\u2019\u00e9glise ont perdu leurs maisons et leurs propri\u00e9t\u00e9s, ont indiqu\u00e9 les dirigeants de l\u2019\u00e9glise.<\/p>\n\n\n\n<p><meta charset=\"utf-8\"> <a href=\"https:\/\/www.interamerica.org\/fr\/2021\/10\/au-honduras-le-feu-engloutit-une-ecole-adventiste-sur-lile-de-guanaja-des-membres-perdent-leurs-maisons\/\" target=\"_blank\" rel=\"noreferrer noopener\"><strong>Article complet (en fran\u00e7ais)<\/strong><\/a> <\/p>\n\n\n\n<div class=\"wp-block-image\"><figure class=\"alignright size-full is-resized\"><img loading=\"lazy\" decoding=\"async\" src=\"https:\/\/restonsunis.com\/wp-content\/uploads\/2021\/10\/92a1633500190890.jpeg\" alt=\"\" class=\"wp-image-6545\" width=\"329\" height=\"185\" srcset=\"https:\/\/restonsunis.com\/wp-content\/uploads\/2021\/10\/92a1633500190890.jpeg 622w, https:\/\/restonsunis.com\/wp-content\/uploads\/2021\/10\/92a1633500190890-300x169.jpeg 300w\" sizes=\"auto, (max-width: 329px) 100vw, 329px\" \/><\/figure><\/div>\n\n\n\n<p class=\"has-text-align-right\"><em>Zambie<\/em><\/p>\n\n\n\n<h2 class=\"has-text-align-right wp-block-heading\">Un couple de 207 ans combin\u00e9 se baptise en Zambie<\/h2>\n\n\n\n<p>Il n&#8217;est jamais trop tard pour accepter J\u00e9sus-Christ comme Sauveur personnel. C&#8217;est un t\u00e9moignage vivant provenant de la North Zambia Union Conference, l&#8217;une des unions de la division Afrique du Sud-Oc\u00e9an Indien. Edward et Joyce (Zulu) Tembo sont mari\u00e9s depuis 1942, nous donnant un exemple brillant que l&#8217;amour vit vraiment dans leur foyer.<\/p>\n\n\n\n<p>Joyce a maintenant 98 ans, et Edward 109 ans, ce qui leur donne un \u00e2ge combin\u00e9 de 207 ans. Ce qui est encore plus fascinant, c&#8217;est qu&#8217;Edward a combattu pendant la Seconde Guerre mondiale et que, malgr\u00e9 son \u00e2ge, il est toujours actif et capable de se rendre aux champs \u00e0 v\u00e9lo. Le couple a re\u00e7u J\u00e9sus-Christ comme son Sauveur personnel cette ann\u00e9e et a \u00e9t\u00e9 baptis\u00e9 au nom du P\u00e8re, du Fils et du Saint-Esprit \u00e0 l&#8217;\u00e9glise adventiste de Ndola. Edward, un homme peu loquace, d\u00e9clare : &#8220;Je suis tr\u00e8s heureux d&#8217;\u00eatre n\u00e9 de nouveau aujourd&#8217;hui. Mon secret dans la vie vient d&#8217;en haut. Je demande toujours \u00e0 Dieu la sagesse, tout comme Salomon.&#8221;<\/p>\n\n\n\n<p>Joyce dit que sans leur gentille voisine, Mme Mudenda, ils n&#8217;auraient rien su du sabbat et de la bonne nouvelle de J\u00e9sus-Christ. &#8220;Nous sommes heureux de conna\u00eetre le Seigneur, et je remercie ma voisine d&#8217;avoir partag\u00e9 l&#8217;amour du Christ avec moi et mon mari. Aujourd&#8217;hui, nous avons \u00e9t\u00e9 baptis\u00e9s, et nous remercions Dieu pour son amour. Beaucoup de gens ne croient pas que nous sommes si vieux, mais nous sommes tr\u00e8s actifs, et nous mangeons sainement aussi, et c&#8217;est ce qui nous garde forts.&#8221;<\/p>\n\n\n\n<p>&#8230;<\/p>\n\n\n\n<p><meta charset=\"utf-8\"><a href=\"https:\/\/adventist.news\/news\/a-couple-with-a-combined-age-of-207-years-are-baptized-in-zambia\" target=\"_blank\" rel=\"noreferrer noopener\"><strong>Article complet (en anglais)<\/strong><\/a> <\/p>\n\n\n\n<div class=\"wp-block-image\"><figure class=\"alignleft size-large is-resized\"><img loading=\"lazy\" decoding=\"async\" src=\"https:\/\/restonsunis.com\/wp-content\/uploads\/2021\/10\/WhatsApp-Image-2021-09-30-at-13.34.24-11-1024x559.jpeg\" alt=\"\" class=\"wp-image-6546\" width=\"308\" height=\"167\" srcset=\"https:\/\/restonsunis.com\/wp-content\/uploads\/2021\/10\/WhatsApp-Image-2021-09-30-at-13.34.24-11-1024x559.jpeg 1024w, https:\/\/restonsunis.com\/wp-content\/uploads\/2021\/10\/WhatsApp-Image-2021-09-30-at-13.34.24-11-300x164.jpeg 300w, https:\/\/restonsunis.com\/wp-content\/uploads\/2021\/10\/WhatsApp-Image-2021-09-30-at-13.34.24-11-768x419.jpeg 768w, https:\/\/restonsunis.com\/wp-content\/uploads\/2021\/10\/WhatsApp-Image-2021-09-30-at-13.34.24-11.jpeg 1280w\" sizes=\"auto, (max-width: 308px) 100vw, 308px\" \/><\/figure><\/div>\n\n\n\n<h2 class=\"wp-block-heading\">Un \u00e9tudiant enregistre une vid\u00e9o et collecte environ 80 paniers alimentaires<\/h2>\n\n\n\n<p>L&#8217;\u00e9ducation adventiste c\u00e9l\u00e8bre ses 125 ans d&#8217;histoire au Br\u00e9sil. Pour c\u00e9l\u00e9brer cette \u00e9tape importante, toutes les structures d&#8217;\u00e9ducation de base du r\u00e9seau se sont jointes \u00e0 une campagne de solidarit\u00e9 pour collecter 125 tonnes de nourriture qui seront donn\u00e9es aux familles n\u00e9cessiteuses et aux institutions d&#8217;assistance sociale \u00e0 travers le pays. Sur l&#8217;ensemble du territoire national, 254 tonnes ont \u00e9t\u00e9 collect\u00e9es.<\/p>\n\n\n\n<p><a href=\"https:\/\/adventist.news\/news\/student-records-video-and-collects-about-80-food-baskets\" target=\"_blank\" rel=\"noreferrer noopener\"><strong>Article complet (en anglais)<\/strong><\/a><\/p>\n","protected":false},"excerpt":{"rendered":"<p>Semaine du 3 au 9 octobre 2021 Goilala, Papouasie Nouvelle Guin\u00e9e Les 15 premiers missionnaires envoy\u00e9s dans&hellip;<\/p>\n","protected":false},"author":1,"featured_media":0,"comment_status":"closed","ping_status":"closed","sticky":false,"template":"","format":"standard","meta":{"footnotes":""},"categories":[2,110],"tags":[],"class_list":["post-6542","post","type-post","status-publish","format-standard","hentry","category-informations","category-revue-de-presse","no-margin"],"_links":{"self":[{"href":"https:\/\/restonsunis.com\/index.php\/wp-json\/wp\/v2\/posts\/6542","targetHints":{"allow":["GET"]}}],"collection":[{"href":"https:\/\/restonsunis.com\/index.php\/wp-json\/wp\/v2\/posts"}],"about":[{"href":"https:\/\/restonsunis.com\/index.php\/wp-json\/wp\/v2\/types\/post"}],"author":[{"embeddable":true,"href":"https:\/\/restonsunis.com\/index.php\/wp-json\/wp\/v2\/users\/1"}],"replies":[{"embeddable":true,"href":"https:\/\/restonsunis.com\/index.php\/wp-json\/wp\/v2\/comments?post=6542"}],"version-history":[{"count":1,"href":"https:\/\/restonsunis.com\/index.php\/wp-json\/wp\/v2\/posts\/6542\/revisions"}],"predecessor-version":[{"id":6547,"href":"https:\/\/restonsunis.com\/index.php\/wp-json\/wp\/v2\/posts\/6542\/revisions\/6547"}],"wp:attachment":[{"href":"https:\/\/restonsunis.com\/index.php\/wp-json\/wp\/v2\/media?parent=6542"}],"wp:term":[{"taxonomy":"category","embeddable":true,"href":"https:\/\/restonsunis.com\/index.php\/wp-json\/wp\/v2\/categories?post=6542"},{"taxonomy":"post_tag","embeddable":true,"href":"https:\/\/restonsunis.com\/index.php\/wp-json\/wp\/v2\/tags?post=6542"}],"curies":[{"name":"wp","href":"https:\/\/api.w.org\/{rel}","templated":true}]}}