{"id":6851,"date":"2021-11-25T06:00:00","date_gmt":"2021-11-25T02:00:00","guid":{"rendered":"https:\/\/restonsunis.com\/?p=6851"},"modified":"2021-11-25T00:53:11","modified_gmt":"2021-11-24T20:53:11","slug":"une-tranche-par-jour-25-novembre-la-maison-du-pere","status":"publish","type":"post","link":"https:\/\/restonsunis.com\/index.php\/2021\/11\/25\/une-tranche-par-jour-25-novembre-la-maison-du-pere\/","title":{"rendered":"Une Tranche Par Jour &#8211; 25 novembre : La maison du P\u00e8re"},"content":{"rendered":"\n<figure class=\"wp-block-image size-large\"><img loading=\"lazy\" decoding=\"async\" width=\"1024\" height=\"1024\" src=\"https:\/\/restonsunis.com\/wp-content\/uploads\/2021\/11\/11-25-1024x1024.png\" alt=\"\" class=\"wp-image-6852\" srcset=\"https:\/\/restonsunis.com\/wp-content\/uploads\/2021\/11\/11-25-1024x1024.png 1024w, https:\/\/restonsunis.com\/wp-content\/uploads\/2021\/11\/11-25-300x300.png 300w, https:\/\/restonsunis.com\/wp-content\/uploads\/2021\/11\/11-25-150x150.png 150w, https:\/\/restonsunis.com\/wp-content\/uploads\/2021\/11\/11-25-768x768.png 768w, https:\/\/restonsunis.com\/wp-content\/uploads\/2021\/11\/11-25-67x67.png 67w, https:\/\/restonsunis.com\/wp-content\/uploads\/2021\/11\/11-25.png 1080w\" sizes=\"auto, (max-width: 1024px) 100vw, 1024px\" \/><\/figure>\n\n\n\n<p>\u00ab\u00a0<em>Que votre c\u0153ur ne se trouble pas\u00a0: vous croyez en Dieu, croyez aussi en moi. Dans la maison de mon P\u00e8re, il y a beaucoup de demeures : sinon vous aurais-je dit que j\u2019allais vous pr\u00e9parer le lieu o\u00f9 vous serez ? Lorsque je serai all\u00e9 vous le pr\u00e9parer, je reviendrai et je vous prendrai avec moi, si bien que l\u00e0 o\u00f9 je suis, vous serez vous aussi<\/em>.\u00a0\u00bb (Jean 14.1-3)<\/p>\n\n\n\n<p>Plus on attend qu\u2019un fruit arrive \u00e0 maturit\u00e9, plus on l\u2019appr\u00e9ciera&nbsp;!<\/p>\n\n\n\n<p>Si la foi permet de croire \u00e0 ce qui ne peut toujours se d\u00e9montrer, elle devient confiance en la Parole du Seigneur. Comme vu plus haut, la foi ne nie pas la r\u00e9alit\u00e9 terrestre, elle l\u2019assume et veut la d\u00e9passer \u00e0 partir du moment o\u00f9 le croyant est mis dans la perspective du royaume des cieux. Et c\u2019est l\u00e0 que la promesse de J\u00e9sus de pr\u00e9parer une place, dans la maison de son P\u00e8re, prend toute sa signification.<\/p>\n\n\n\n<p>Il insiste pour que chacun entende que l\u2019acc\u00e8s \u00e0 la maison de son P\u00e8re est conditionn\u00e9 \u00e0 la foi et non en la capacit\u00e9 d\u2019accueil. Celui qui fait confiance \u00e0 Dieu doit croire que la maison du P\u00e8re existe. Et elle n\u2019est pas petite&nbsp;! C\u2019est J\u00e9sus lui-m\u00eame qui d\u00e9finit la maison paternelle comme pouvant accueillir tous ceux qui veulent croire en Dieu et en son Fils unique. Puisqu\u2019il y a de la place pour vous \u00e9galement, n\u2019h\u00e9sitez pas, vous et vos proches, \u00e0 vous inscrire dans la d\u00e9marche du Christ, \u00e0 l\u2019accepter comme Sauveur et Seigneur et vivre dans l\u2019esp\u00e9rance qu\u2019il vous fera entrer dans la maison du P\u00e8re lorsqu\u2019il viendra chercher tous ceux qui auront cru en lui et en sa promesse.&nbsp;<\/p>\n\n\n\n<p>Gr\u00e2ce \u00e0 J\u00e9sus, nous ne sommes pas en train de chercher un logement. Dans la r\u00e9alit\u00e9 sociale, sur une m\u00eame offre, il y a souvent des dizaines de personnes sur la liste d\u2019attente. Il y a parfois des pr\u00e9f\u00e9rences culturelles, sociales, professionnelles, sans compter qu\u2019il faut chercher toutes sortes de garanties bancaires, salariales ou morales. Malgr\u00e9 des dossiers bien pr\u00e9par\u00e9s, un candidat peut se voir refuser le logement.&nbsp;<\/p>\n\n\n\n<p>Quand J\u00e9sus dit qu\u2019il y a plusieurs demeures dans la maison de son P\u00e8re, il dit qu\u2019il y aura de la place pour tous ceux qui sauront lui faire confiance. Si vous \u00eates s\u00e9rieux, vous aurez votre place.&nbsp;<\/p>\n\n\n\n<p>Quand le fruit de l\u2019Esprit arrivera \u00e0 maturit\u00e9, c\u2019est qu\u2019il sera probablement temps d\u2019entrer dans la demeure du P\u00e8re&nbsp;!<em>Pri\u00e8re du jour<\/em>&nbsp;: \u00ab&nbsp;Grand Dieu nous reconnaissons ton amour et ta puissance. Maintiens-nous dans le salut en J\u00e9sus. Amen&nbsp;!&nbsp;\u00bb<\/p>\n\n\n\n<p class=\"has-text-align-center\"><em><strong>Une tranche par jour est un livre de m\u00e9ditations quotidiennes sur le fruit de l&#8217;Espri<\/strong><\/em><strong><em>t, \u00e9crit par le Pasteur Daniel Jennah<\/em><\/strong><\/p>\n\n\n\n<hr class=\"wp-block-separator\"\/>\n\n\n\n<p class=\"has-text-align-center\"><em>\u00a9 Daniel Jennah \/ Maradil &#8211; 2020<br>Les m\u00e9ditations sont publi\u00e9es sur le site restonsunis.com et les pages Instagram et Facebook d&#8217;Adventiste R\u00e9union avec la permission de l&#8217;auteur. <\/em><\/p>\n\n\n\n<p class=\"has-text-align-center\"><em>Il est rappel\u00e9 que le Code de la propri\u00e9t\u00e9 intellectuelle interdit les copies ou reproductions destin\u00e9es \u00e0 une utilisation collective. Toute repr\u00e9sentation ou reproduction int\u00e9grale ou partielle faite par quelque proc\u00e9d\u00e9 que ce soit, sans le consentement de l\u2019auteur, est illicite et constitue une contrefa\u00e7on, aux termes des articles L.335-2 et suivants du Code de la propri\u00e9t\u00e9 intellectuelle.<\/em><\/p>\n","protected":false},"excerpt":{"rendered":"<p>\u00ab\u00a0Que votre c\u0153ur ne se trouble pas\u00a0: vous croyez en Dieu, croyez aussi en moi. Dans la&hellip;<\/p>\n","protected":false},"author":1,"featured_media":0,"comment_status":"closed","ping_status":"open","sticky":false,"template":"","format":"standard","meta":{"footnotes":""},"categories":[45,44],"tags":[51,53,52],"class_list":["post-6851","post","type-post","status-publish","format-standard","hentry","category-meditations-quotidiennes","category-une-tranche-par-jour","tag-fruit-de-lesprit","tag-meditation-quotidienne","tag-vigile-matinale","no-margin"],"_links":{"self":[{"href":"https:\/\/restonsunis.com\/index.php\/wp-json\/wp\/v2\/posts\/6851","targetHints":{"allow":["GET"]}}],"collection":[{"href":"https:\/\/restonsunis.com\/index.php\/wp-json\/wp\/v2\/posts"}],"about":[{"href":"https:\/\/restonsunis.com\/index.php\/wp-json\/wp\/v2\/types\/post"}],"author":[{"embeddable":true,"href":"https:\/\/restonsunis.com\/index.php\/wp-json\/wp\/v2\/users\/1"}],"replies":[{"embeddable":true,"href":"https:\/\/restonsunis.com\/index.php\/wp-json\/wp\/v2\/comments?post=6851"}],"version-history":[{"count":1,"href":"https:\/\/restonsunis.com\/index.php\/wp-json\/wp\/v2\/posts\/6851\/revisions"}],"predecessor-version":[{"id":6853,"href":"https:\/\/restonsunis.com\/index.php\/wp-json\/wp\/v2\/posts\/6851\/revisions\/6853"}],"wp:attachment":[{"href":"https:\/\/restonsunis.com\/index.php\/wp-json\/wp\/v2\/media?parent=6851"}],"wp:term":[{"taxonomy":"category","embeddable":true,"href":"https:\/\/restonsunis.com\/index.php\/wp-json\/wp\/v2\/categories?post=6851"},{"taxonomy":"post_tag","embeddable":true,"href":"https:\/\/restonsunis.com\/index.php\/wp-json\/wp\/v2\/tags?post=6851"}],"curies":[{"name":"wp","href":"https:\/\/api.w.org\/{rel}","templated":true}]}}