{"id":6930,"date":"2021-12-09T06:00:00","date_gmt":"2021-12-09T02:00:00","guid":{"rendered":"https:\/\/restonsunis.com\/?p=6930"},"modified":"2021-12-07T08:18:28","modified_gmt":"2021-12-07T04:18:28","slug":"une-tranche-par-jour-9-decembre-dieu-merite-le-meilleur","status":"publish","type":"post","link":"https:\/\/restonsunis.com\/index.php\/2021\/12\/09\/une-tranche-par-jour-9-decembre-dieu-merite-le-meilleur\/","title":{"rendered":"Une Tranche Par Jour &#8211; 9 d\u00e9cembre : Dieu m\u00e9rite le meilleur"},"content":{"rendered":"\n<figure class=\"wp-block-image size-large\"><img loading=\"lazy\" decoding=\"async\" width=\"1024\" height=\"1024\" src=\"https:\/\/restonsunis.com\/wp-content\/uploads\/2021\/12\/12-09-1024x1024.png\" alt=\"\" class=\"wp-image-6931\" srcset=\"https:\/\/restonsunis.com\/wp-content\/uploads\/2021\/12\/12-09-1024x1024.png 1024w, https:\/\/restonsunis.com\/wp-content\/uploads\/2021\/12\/12-09-300x300.png 300w, https:\/\/restonsunis.com\/wp-content\/uploads\/2021\/12\/12-09-150x150.png 150w, https:\/\/restonsunis.com\/wp-content\/uploads\/2021\/12\/12-09-768x768.png 768w, https:\/\/restonsunis.com\/wp-content\/uploads\/2021\/12\/12-09-67x67.png 67w, https:\/\/restonsunis.com\/wp-content\/uploads\/2021\/12\/12-09.png 1080w\" sizes=\"auto, (max-width: 1024px) 100vw, 1024px\" \/><\/figure>\n\n\n\n<p>\u00ab\u00a0<em>Au reste fr\u00e8res, tout ce qu\u2019il y a de vrai, tout ce qui est noble, juste, pur, digne d\u2019\u00eatre aim\u00e9, d\u2019\u00eatre honor\u00e9, ce qui s\u2019appelle vertu, ce qui m\u00e9rite l\u2019\u00e9loge, tout cela, portez-le \u00e0 votre actif\u00a0<\/em>\u00bb. (Philippiens 4.8)<\/p>\n\n\n\n<p>La question est de savoir ce que vous et moi sommes dispos\u00e9s \u00e0 engager pour la cause de Dieu&nbsp;! Si Dieu m\u00e9rite le meilleur de la part de ses enfants, c\u2019est parce qu\u2019il les a appel\u00e9s par la cr\u00e9ation aussi bien que par la r\u00e9demption et il s\u2019attend \u00e0 tirer le meilleur de ce qu\u2019il leur a donn\u00e9.<\/p>\n\n\n\n<p>Porter le fruit de l\u2019Esprit \u00e9quivaut \u00e0 rendre \u00e0 Dieu le meilleur de ce qu\u2019il a mis en chacun de nous. Cela signifie que la cause de Dieu devient prioritaire. Elle ne doit pas attirer notre attention seulement si nous n\u2019avons rien \u00e0 faire ou si nous avons r\u00e9alis\u00e9 tout ce qui est essentiel pour le confort de notre vie sur terre. C\u2019est pour cela que Paul nous encourage \u00e0 d\u00e9velopper un mode de pens\u00e9e noble, donnant la priorit\u00e9 au Seigneur.<\/p>\n\n\n\n<p>N\u2019est-ce pas merveilleux et \u00e9galement stimulant de savoir que nous pouvons offrir \u00e0 Dieu ce qu\u2019il y a de plus beau en nous&nbsp;? Porter le fruit spirituel se transforme en recherche de ce potentiel en nous, mais aussi chez nos semblables, c\u2019est l\u2019appr\u00e9cier et lui donner toutes les chances de r\u00e9ussir.<\/p>\n\n\n\n<p>Qu\u2019on se le dise&nbsp;: une telle action ne nous est pas impos\u00e9e. Elle est le r\u00e9sultat d\u2019une soumission \u00e0 la volont\u00e9 de Dieu et d\u2019un apprentissage \u00e0 d\u00e9pendre de lui pour progresser sur le chemin de la foi et de l\u2019esp\u00e9rance.<\/p>\n\n\n\n<p>Le message de votre vie signifie que vous avez un t\u00e9moignage \u00e0 rendre sur la mani\u00e8re dont vous avez d\u00e9couvert J\u00e9sus-Christ. Cette rencontre a \u00e9t\u00e9 rendue possible par la douce influence du Saint-Esprit. N\u2019avez-vous pas, comme des millions de vos fr\u00e8res dans la foi, \u00e9t\u00e9 appel\u00e9 \u00e0 proclamer les \u0153uvres admirables de celui qui vous a appel\u00e9 \u00ab&nbsp;des t\u00e9n\u00e8bres \u00e0 son admirable lumi\u00e8re&nbsp;\u00bb&nbsp;?<\/p>\n\n\n\n<p>Dieu vous donne une nouvelle journ\u00e9e pour appr\u00e9cier et partager la joie du salut en J\u00e9sus-Christ. A vous d\u2019en profiter pleinement&nbsp;!<\/p>\n\n\n\n<p><em>Pri\u00e8re du jour<\/em>&nbsp;: \u00ab&nbsp;Seigneur, donne-nous de rester disponibles pour toi, chaque jour, oui, tous les jours de notre vie. Que celle-ci soit un t\u00e9moignage \u00e0 ta gloire. Amen&nbsp;!&nbsp;\u00bb<\/p>\n\n\n\n<p class=\"has-text-align-center\"><em><strong>Une tranche par jour est un livre de m\u00e9ditations quotidiennes sur le fruit de l&#8217;Espri<\/strong><\/em><strong><em>t, \u00e9crit par le Pasteur Daniel Jennah<\/em><\/strong><\/p>\n\n\n\n<hr class=\"wp-block-separator\"\/>\n\n\n\n<p class=\"has-text-align-center\"><em>\u00a9 Daniel Jennah \/ Maradil &#8211; 2020<br>Les m\u00e9ditations sont publi\u00e9es sur le site restonsunis.com et les pages Instagram et Facebook d&#8217;Adventiste R\u00e9union avec la permission de l&#8217;auteur. <\/em><\/p>\n\n\n\n<p class=\"has-text-align-center\"><em>Il est rappel\u00e9 que le Code de la propri\u00e9t\u00e9 intellectuelle interdit les copies ou reproductions destin\u00e9es \u00e0 une utilisation collective. Toute repr\u00e9sentation ou reproduction int\u00e9grale ou partielle faite par quelque proc\u00e9d\u00e9 que ce soit, sans le consentement de l\u2019auteur, est illicite et constitue une contrefa\u00e7on, aux termes des articles L.335-2 et suivants du Code de la propri\u00e9t\u00e9 intellectuelle.<\/em><\/p>\n","protected":false},"excerpt":{"rendered":"<p>\u00ab\u00a0Au reste fr\u00e8res, tout ce qu\u2019il y a de vrai, tout ce qui est noble, juste, pur,&hellip;<\/p>\n","protected":false},"author":1,"featured_media":0,"comment_status":"closed","ping_status":"open","sticky":false,"template":"","format":"standard","meta":{"footnotes":""},"categories":[45,44],"tags":[51,53,52],"class_list":["post-6930","post","type-post","status-publish","format-standard","hentry","category-meditations-quotidiennes","category-une-tranche-par-jour","tag-fruit-de-lesprit","tag-meditation-quotidienne","tag-vigile-matinale","no-margin"],"_links":{"self":[{"href":"https:\/\/restonsunis.com\/index.php\/wp-json\/wp\/v2\/posts\/6930","targetHints":{"allow":["GET"]}}],"collection":[{"href":"https:\/\/restonsunis.com\/index.php\/wp-json\/wp\/v2\/posts"}],"about":[{"href":"https:\/\/restonsunis.com\/index.php\/wp-json\/wp\/v2\/types\/post"}],"author":[{"embeddable":true,"href":"https:\/\/restonsunis.com\/index.php\/wp-json\/wp\/v2\/users\/1"}],"replies":[{"embeddable":true,"href":"https:\/\/restonsunis.com\/index.php\/wp-json\/wp\/v2\/comments?post=6930"}],"version-history":[{"count":1,"href":"https:\/\/restonsunis.com\/index.php\/wp-json\/wp\/v2\/posts\/6930\/revisions"}],"predecessor-version":[{"id":6932,"href":"https:\/\/restonsunis.com\/index.php\/wp-json\/wp\/v2\/posts\/6930\/revisions\/6932"}],"wp:attachment":[{"href":"https:\/\/restonsunis.com\/index.php\/wp-json\/wp\/v2\/media?parent=6930"}],"wp:term":[{"taxonomy":"category","embeddable":true,"href":"https:\/\/restonsunis.com\/index.php\/wp-json\/wp\/v2\/categories?post=6930"},{"taxonomy":"post_tag","embeddable":true,"href":"https:\/\/restonsunis.com\/index.php\/wp-json\/wp\/v2\/tags?post=6930"}],"curies":[{"name":"wp","href":"https:\/\/api.w.org\/{rel}","templated":true}]}}