{"id":6979,"date":"2021-12-23T06:00:00","date_gmt":"2021-12-23T02:00:00","guid":{"rendered":"https:\/\/restonsunis.com\/?p=6979"},"modified":"2021-12-22T12:46:55","modified_gmt":"2021-12-22T08:46:55","slug":"une-tranche-par-jour-23-decembre-croire-en-une-terre-restauree","status":"publish","type":"post","link":"https:\/\/restonsunis.com\/index.php\/2021\/12\/23\/une-tranche-par-jour-23-decembre-croire-en-une-terre-restauree\/","title":{"rendered":"Une Tranche Par Jour &#8211; 23 d\u00e9cembre : Croire en une terre restaur\u00e9e"},"content":{"rendered":"\n<figure class=\"wp-block-image size-large\"><img loading=\"lazy\" decoding=\"async\" width=\"1024\" height=\"1024\" src=\"https:\/\/restonsunis.com\/wp-content\/uploads\/2021\/12\/12-23-1-1024x1024.png\" alt=\"\" class=\"wp-image-6981\" srcset=\"https:\/\/restonsunis.com\/wp-content\/uploads\/2021\/12\/12-23-1-1024x1024.png 1024w, https:\/\/restonsunis.com\/wp-content\/uploads\/2021\/12\/12-23-1-300x300.png 300w, https:\/\/restonsunis.com\/wp-content\/uploads\/2021\/12\/12-23-1-150x150.png 150w, https:\/\/restonsunis.com\/wp-content\/uploads\/2021\/12\/12-23-1-768x768.png 768w, https:\/\/restonsunis.com\/wp-content\/uploads\/2021\/12\/12-23-1-67x67.png 67w, https:\/\/restonsunis.com\/wp-content\/uploads\/2021\/12\/12-23-1.png 1080w\" sizes=\"auto, (max-width: 1024px) 100vw, 1024px\" \/><\/figure>\n\n\n\n<p><em>\u00ab\u00a0Ne craignez pas, b\u00eates des champs : les p\u00e2turages des steppes reverdissent, les arbres portent leurs fruits, le figuier et la vigne donnent leurs richesses\u00a0<\/em>\u00bb.<strong> (<\/strong>Jo\u00ebl 2.22)<\/p>\n\n\n\n<p>Le temps d\u2019esp\u00e9rance est un temps de croissance et de t\u00e9moignage visible\u2026 comme des fruits sur un fruitier selon la saison&nbsp;!<\/p>\n\n\n\n<p>L\u2019Ancien Testament laisse \u00e9galement entendre la proclamation du proph\u00e8te Jo\u00ebl, porteur de paroles sur les temps eschatologiques. Que la terre reverdisse et que les fruitiers portent \u00e0 nouveau de beaux fruits, n\u2019est-ce pas un espoir merveilleux&nbsp;?<\/p>\n\n\n\n<p>&nbsp;&nbsp;Le proph\u00e8te Jo\u00ebl \u00e9voque la figue et le raisin. Nous sommes ici en pr\u00e9sence de deux fruits hautement symboliques dans l\u2019imaginaire biblique, surtout dans le contexte du Proche-Orient. La vigne et le figuier font partie, avec l\u2019olivier, des fruits repr\u00e9sentant l\u2019espoir, ou devrais-je dire l\u2019esp\u00e9rance. A chaque fois que ces fruits sont \u00e9voqu\u00e9s, il y a l\u2019image de la restauration, du r\u00e9tablissement de l\u2019individu aussi bien que de la communaut\u00e9.<\/p>\n\n\n\n<p>De ce fait, le croyant ne doit pas se sentir d\u00e9sesp\u00e9r\u00e9 face aux turpitudes et aux al\u00e9as de la condition humaine en g\u00e9n\u00e9ral et de sa condition de croyant en particulier. Il peut conna\u00eetre des moments de d\u00e9couragement, ce qui est naturel, mais gr\u00e2ce \u00e0 la Parole du Christ, il vit dans l\u2019esp\u00e9rance, quelles que soient les circonstances. Il apprend, par la foi et la confiance \u00e9prouv\u00e9e, \u00e0 se reposer sur les promesses divines et \u00e0 attendre les signes \u00e9vidents et permanents de la restauration pr\u00e9vue par Dieu lui-m\u00eame.<\/p>\n\n\n\n<p>Par notre vie et notre t\u00e9moignage, par nos paroles et notre philosophie de la vie, nous pouvons annoncer notre foi en une terre restaur\u00e9e, que Dieu nous promet. Nous pouvons \u00e9galement devenir des signes d\u2019esp\u00e9rance dans la perspective du royaume promis par J\u00e9sus lui-m\u00eame. Ne vous laissez pas d\u00e9courager ou distraire par tout ce qui se dit dans le monde. Faites confiance \u00e0 la Parole de Dieu&nbsp;!<\/p>\n\n\n\n<p><em>Pri\u00e8re du jour<\/em>&nbsp;: \u00ab&nbsp;Merci, mon Dieu, pour l\u2019esp\u00e9rance d\u2019une terre nouvelle. Tu es le Tout-Puissant et nous nous attendons \u00e0 toi. Que ton r\u00e8gne vienne vite&nbsp;! Amen&nbsp;!&nbsp;\u00bb<\/p>\n\n\n\n<p class=\"has-text-align-center\"><em><strong>Une tranche par jour est un livre de m\u00e9ditations quotidiennes sur le fruit de l&#8217;Espri<\/strong><\/em><strong><em>t, \u00e9crit par le Pasteur Daniel Jennah<\/em><\/strong><\/p>\n\n\n\n<hr class=\"wp-block-separator\"\/>\n\n\n\n<p class=\"has-text-align-center\"><em>\u00a9 Daniel Jennah \/ Maradil &#8211; 2020<br>Les m\u00e9ditations sont publi\u00e9es sur le site restonsunis.com et les pages Instagram et Facebook d&#8217;Adventiste R\u00e9union avec la permission de l&#8217;auteur. <\/em><\/p>\n\n\n\n<p class=\"has-text-align-center\"><em>Il est rappel\u00e9 que le Code de la propri\u00e9t\u00e9 intellectuelle interdit les copies ou reproductions destin\u00e9es \u00e0 une utilisation collective. Toute repr\u00e9sentation ou reproduction int\u00e9grale ou partielle faite par quelque proc\u00e9d\u00e9 que ce soit, sans le consentement de l\u2019auteur, est illicite et constitue une contrefa\u00e7on, aux termes des articles L.335-2 et suivants du Code de la propri\u00e9t\u00e9 intellectuelle.<\/em><\/p>\n","protected":false},"excerpt":{"rendered":"<p>\u00ab\u00a0Ne craignez pas, b\u00eates des champs : les p\u00e2turages des steppes reverdissent, les arbres portent leurs fruits,&hellip;<\/p>\n","protected":false},"author":1,"featured_media":0,"comment_status":"closed","ping_status":"open","sticky":false,"template":"","format":"standard","meta":{"footnotes":""},"categories":[45,44],"tags":[51,53,52],"class_list":["post-6979","post","type-post","status-publish","format-standard","hentry","category-meditations-quotidiennes","category-une-tranche-par-jour","tag-fruit-de-lesprit","tag-meditation-quotidienne","tag-vigile-matinale","no-margin"],"_links":{"self":[{"href":"https:\/\/restonsunis.com\/index.php\/wp-json\/wp\/v2\/posts\/6979","targetHints":{"allow":["GET"]}}],"collection":[{"href":"https:\/\/restonsunis.com\/index.php\/wp-json\/wp\/v2\/posts"}],"about":[{"href":"https:\/\/restonsunis.com\/index.php\/wp-json\/wp\/v2\/types\/post"}],"author":[{"embeddable":true,"href":"https:\/\/restonsunis.com\/index.php\/wp-json\/wp\/v2\/users\/1"}],"replies":[{"embeddable":true,"href":"https:\/\/restonsunis.com\/index.php\/wp-json\/wp\/v2\/comments?post=6979"}],"version-history":[{"count":1,"href":"https:\/\/restonsunis.com\/index.php\/wp-json\/wp\/v2\/posts\/6979\/revisions"}],"predecessor-version":[{"id":6982,"href":"https:\/\/restonsunis.com\/index.php\/wp-json\/wp\/v2\/posts\/6979\/revisions\/6982"}],"wp:attachment":[{"href":"https:\/\/restonsunis.com\/index.php\/wp-json\/wp\/v2\/media?parent=6979"}],"wp:term":[{"taxonomy":"category","embeddable":true,"href":"https:\/\/restonsunis.com\/index.php\/wp-json\/wp\/v2\/categories?post=6979"},{"taxonomy":"post_tag","embeddable":true,"href":"https:\/\/restonsunis.com\/index.php\/wp-json\/wp\/v2\/tags?post=6979"}],"curies":[{"name":"wp","href":"https:\/\/api.w.org\/{rel}","templated":true}]}}