{"id":6986,"date":"2021-12-25T06:00:00","date_gmt":"2021-12-25T02:00:00","guid":{"rendered":"https:\/\/restonsunis.com\/?p=6986"},"modified":"2021-12-22T12:52:10","modified_gmt":"2021-12-22T08:52:10","slug":"une-tranche-par-jour-25-decembre-dieu-sest-fait-homme","status":"publish","type":"post","link":"https:\/\/restonsunis.com\/index.php\/2021\/12\/25\/une-tranche-par-jour-25-decembre-dieu-sest-fait-homme\/","title":{"rendered":"Une Tranche Par Jour &#8211; 25 d\u00e9cembre : Dieu s\u2019est fait homme"},"content":{"rendered":"\n<figure class=\"wp-block-image size-large\"><img loading=\"lazy\" decoding=\"async\" width=\"1024\" height=\"1024\" src=\"https:\/\/restonsunis.com\/wp-content\/uploads\/2021\/12\/12-25-1024x1024.png\" alt=\"\" class=\"wp-image-6987\" srcset=\"https:\/\/restonsunis.com\/wp-content\/uploads\/2021\/12\/12-25-1024x1024.png 1024w, https:\/\/restonsunis.com\/wp-content\/uploads\/2021\/12\/12-25-300x300.png 300w, https:\/\/restonsunis.com\/wp-content\/uploads\/2021\/12\/12-25-150x150.png 150w, https:\/\/restonsunis.com\/wp-content\/uploads\/2021\/12\/12-25-768x768.png 768w, https:\/\/restonsunis.com\/wp-content\/uploads\/2021\/12\/12-25-67x67.png 67w, https:\/\/restonsunis.com\/wp-content\/uploads\/2021\/12\/12-25.png 1080w\" sizes=\"auto, (max-width: 1024px) 100vw, 1024px\" \/><\/figure>\n\n\n\n<p>\u00ab\u00a0<em>Au commencement \u00e9tait le Verbe, et le Verbe \u00e9tait tourn\u00e9 vers Dieu, et le Verbe \u00e9tait Dieu. Il \u00e9tait au commencement tourn\u00e9 vers Dieu. Tout fut par lui, et rien de ce qui fut, ne fut sans lui<\/em> \u00bb. (Jean 1.1-3)<\/p>\n\n\n\n<p>L\u2019Incarnation est un honneur pour l\u2019humain&nbsp;!&nbsp;<\/p>\n\n\n\n<p>Dieu n\u2019a jamais \u00e9t\u00e9 si proche de l\u2019homme qu\u2019en J\u00e9sus-Christ, ce qui correspond \u00e0 l\u2019expression la plus forte de son amour pour l\u2019\u00eatre humain. C\u2019est dans la proximit\u00e9, dans l\u2019empathie que se dessinent les vrais sentiments et l\u2019int\u00e9r\u00eat pour l\u2019autre.<\/p>\n\n\n\n<p>Dieu s\u2019est fait homme comme il l\u2019a promis. Dieu s\u2019est fait homme pour que l\u2019homme soit sauv\u00e9 et r\u00e9tabli dans les droits de la cr\u00e9ation originelle et dans les droits de la r\u00e9demption. Il est difficile d\u2019imaginer ce que cela repr\u00e9sente pour le ciel mais en tout cas pour la terre cela change tout. La Bible dit que le p\u00e9ch\u00e9 a amen\u00e9 une s\u00e9paration entre Dieu et l\u2019homme et cela a entra\u00een\u00e9 comme cons\u00e9quence terrible la mort, c\u2019est-\u00e0-dire le d\u00e9sespoir, et surtout une s\u00e9rieuse alt\u00e9ration du projet initial divin pour l\u2019\u00eatre humain, cr\u00e9\u00e9 \u00e0 son image.<\/p>\n\n\n\n<p>L\u2019Incarnation annonc\u00e9e est celle de la Parole, la Parole qui au commencement a cr\u00e9\u00e9 le monde, qui a organis\u00e9 l\u2019environnement dans lequel Dieu placera le couple primitif. Puisque cette Parole a \u00e9t\u00e9 l\u2019agent de la cr\u00e9ation, elle devient le moyen par excellence de la r\u00e9v\u00e9lation. Mais l\u2019homme, \u00e9tant inscrit dans le relatif et non dans l\u2019absolu, a besoin de proximit\u00e9 et d\u2019imm\u00e9diatet\u00e9 pour comprendre. La transcendance jusqu\u2019ici r\u00e9v\u00e9l\u00e9e par la parole proph\u00e9tique accepte l\u2019immanence, par la venue d\u2019un enfant qui sera appel\u00e9 \u00ab&nbsp;fils du Tr\u00e8s-Haut&nbsp;\u00bb. (Luc 1.30-37)<\/p>\n\n\n\n<p>L\u2019apparition du Christ parmi les hommes n\u2019est pas synonyme d\u2019intrusion ou d\u2019irruption. Le temps proph\u00e9tique l\u2019avait annonc\u00e9, les temps concordaient et il est n\u00e9, le divin enfant qui sera appel\u00e9 Fils du Dieu Tr\u00e8s-Haut. J\u00e9sus ne se pr\u00e9sente pas aux hommes comme un \u00e9tranger. D\u00e8s le d\u00e9part, c\u2019est lui qui est annonc\u00e9 puisque c\u2019est lui seul qui peut r\u00e9aliser le salut des hommes. R\u00e9jouissons-nous car J\u00e9sus est source de salut pour tous les hommes.&nbsp;<\/p>\n\n\n\n<p>Voulez-vous l\u2019accepter comme votre Sauveur personnel et le Seigneur de votre vie&nbsp;?<\/p>\n\n\n\n<p><em>Pri\u00e8re du jour<\/em>&nbsp;: \u00ab&nbsp;Merci P\u00e8re, de me donner la vie \u00e9ternelle par ton Fils. Je veux accepter J\u00e9sus comme Sauveur et Seigneur de ma vie. Amen&nbsp;!&nbsp;\u00bb<\/p>\n\n\n\n<p class=\"has-text-align-center\"><em><strong>Une tranche par jour est un livre de m\u00e9ditations quotidiennes sur le fruit de l&#8217;Espri<\/strong><\/em><strong><em>t, \u00e9crit par le Pasteur Daniel Jennah<\/em><\/strong><\/p>\n\n\n\n<hr class=\"wp-block-separator\"\/>\n\n\n\n<p class=\"has-text-align-center\"><em>\u00a9 Daniel Jennah \/ Maradil &#8211; 2020<br>Les m\u00e9ditations sont publi\u00e9es sur le site restonsunis.com et les pages Instagram et Facebook d&#8217;Adventiste R\u00e9union avec la permission de l&#8217;auteur. <\/em><\/p>\n\n\n\n<p class=\"has-text-align-center\"><em>Il est rappel\u00e9 que le Code de la propri\u00e9t\u00e9 intellectuelle interdit les copies ou reproductions destin\u00e9es \u00e0 une utilisation collective. Toute repr\u00e9sentation ou reproduction int\u00e9grale ou partielle faite par quelque proc\u00e9d\u00e9 que ce soit, sans le consentement de l\u2019auteur, est illicite et constitue une contrefa\u00e7on, aux termes des articles L.335-2 et suivants du Code de la propri\u00e9t\u00e9 intellectuelle.<\/em><\/p>\n","protected":false},"excerpt":{"rendered":"<p>\u00ab\u00a0Au commencement \u00e9tait le Verbe, et le Verbe \u00e9tait tourn\u00e9 vers Dieu, et le Verbe \u00e9tait Dieu.&hellip;<\/p>\n","protected":false},"author":1,"featured_media":0,"comment_status":"closed","ping_status":"open","sticky":false,"template":"","format":"standard","meta":{"footnotes":""},"categories":[45,44],"tags":[51,53,52],"class_list":["post-6986","post","type-post","status-publish","format-standard","hentry","category-meditations-quotidiennes","category-une-tranche-par-jour","tag-fruit-de-lesprit","tag-meditation-quotidienne","tag-vigile-matinale","no-margin"],"_links":{"self":[{"href":"https:\/\/restonsunis.com\/index.php\/wp-json\/wp\/v2\/posts\/6986","targetHints":{"allow":["GET"]}}],"collection":[{"href":"https:\/\/restonsunis.com\/index.php\/wp-json\/wp\/v2\/posts"}],"about":[{"href":"https:\/\/restonsunis.com\/index.php\/wp-json\/wp\/v2\/types\/post"}],"author":[{"embeddable":true,"href":"https:\/\/restonsunis.com\/index.php\/wp-json\/wp\/v2\/users\/1"}],"replies":[{"embeddable":true,"href":"https:\/\/restonsunis.com\/index.php\/wp-json\/wp\/v2\/comments?post=6986"}],"version-history":[{"count":1,"href":"https:\/\/restonsunis.com\/index.php\/wp-json\/wp\/v2\/posts\/6986\/revisions"}],"predecessor-version":[{"id":6988,"href":"https:\/\/restonsunis.com\/index.php\/wp-json\/wp\/v2\/posts\/6986\/revisions\/6988"}],"wp:attachment":[{"href":"https:\/\/restonsunis.com\/index.php\/wp-json\/wp\/v2\/media?parent=6986"}],"wp:term":[{"taxonomy":"category","embeddable":true,"href":"https:\/\/restonsunis.com\/index.php\/wp-json\/wp\/v2\/categories?post=6986"},{"taxonomy":"post_tag","embeddable":true,"href":"https:\/\/restonsunis.com\/index.php\/wp-json\/wp\/v2\/tags?post=6986"}],"curies":[{"name":"wp","href":"https:\/\/api.w.org\/{rel}","templated":true}]}}