{"id":7016,"date":"2021-12-31T18:30:00","date_gmt":"2021-12-31T14:30:00","guid":{"rendered":"https:\/\/restonsunis.com\/?p=7016"},"modified":"2022-01-01T10:58:13","modified_gmt":"2022-01-01T06:58:13","slug":"laube-du-sabbat-lambition-de-dieu","status":"publish","type":"post","link":"https:\/\/restonsunis.com\/index.php\/2021\/12\/31\/laube-du-sabbat-lambition-de-dieu\/","title":{"rendered":"L&#8217;aube du Sabbat : L\u2019ambition de Dieu\u2060"},"content":{"rendered":"\n<figure class=\"wp-block-image size-large\"><img loading=\"lazy\" decoding=\"async\" width=\"1024\" height=\"1024\" src=\"https:\/\/restonsunis.com\/wp-content\/uploads\/2022\/01\/01-1024x1024.png\" alt=\"\" class=\"wp-image-7030\" srcset=\"https:\/\/restonsunis.com\/wp-content\/uploads\/2022\/01\/01-1024x1024.png 1024w, https:\/\/restonsunis.com\/wp-content\/uploads\/2022\/01\/01-300x300.png 300w, https:\/\/restonsunis.com\/wp-content\/uploads\/2022\/01\/01-150x150.png 150w, https:\/\/restonsunis.com\/wp-content\/uploads\/2022\/01\/01-768x768.png 768w, https:\/\/restonsunis.com\/wp-content\/uploads\/2022\/01\/01-67x67.png 67w, https:\/\/restonsunis.com\/wp-content\/uploads\/2022\/01\/01.png 1080w\" sizes=\"auto, (max-width: 1024px) 100vw, 1024px\" \/><\/figure>\n\n\n\n<h2 class=\"wp-block-heading\">I. <strong>Le d\u00e9sir de Dieu<\/strong><\/h2>\n\n\n\n<h3 class=\"wp-block-heading\"><strong><em>#1 L\u2019ambition de Dieu<\/em><\/strong><\/h3>\n\n\n\n<p><em>\u00ab&nbsp;Cela est bon et agr\u00e9able devant Dieu notre Sauveur, qui veut que tous les hommes soient sauv\u00e9s et parviennent \u00e0 la connaissance de la v\u00e9rit\u00e9.&nbsp;\u00bb 1 Timoth\u00e9e 2:3-4<\/em><\/p>\n\n\n\n<p>Y a-t-il des choses que vous d\u00e9sirez de tout votre coeur ? Nous ne sommes plus des enfants pour attendre des cadeaux du p\u00e8re No\u00ebl et pour croire que les r\u00eaves se r\u00e9alisent comme par magie, mais une nouvelle ann\u00e9e peut r\u00e9veiller en nous le d\u00e9sir de concr\u00e9tiser nos aspirations.&nbsp;<\/p>\n\n\n\n<p>\u00c0 l\u2019aube d\u2019un nouveau sabbat et d\u2019une nouvelle ann\u00e9e, quelle orientation voulons-nous donner \u00e0 notre vie et dans quels projets souhaitons-nous nous investir ?<\/p>\n\n\n\n<p>Avant de penser \u00e0 des plans personnels, demandons-nous quels sont ceux de l\u2019\u00c9ternel. Ses pens\u00e9es ne nous appartiennent pas, mais nous savons que ses plans pour 2022 sont ceux qui l\u2019animent depuis toujours : <em>\u00ab&nbsp;que tous soient sauv\u00e9s&nbsp;\u00bb<\/em>. L\u2019humanit\u00e9 est au coeur du projet de Dieu. Chacun de nous est au coeur de son plan salutaire.&nbsp;<\/p>\n\n\n\n<p><strong><em>Seigneur, merci de mettre le salut de chacun au coeur de tes priorit\u00e9s et aide-moi \u00e0 partager cette m\u00eame ambition.<\/em><\/strong><\/p>\n\n\n\n<h3 class=\"wp-block-heading\"><em>R\u00e9flexion :<\/em><\/h3>\n\n\n\n<p><em>Comment puis-je lutter contre l\u2019\u00e9go\u00efste qui peut s\u2019installer m\u00eame dans la vie spirituelle ?<\/em><\/p>\n\n\n\n<hr class=\"wp-block-separator\"\/>\n\n\n\n<p class=\"has-text-align-center\"><strong><em>&#8220;\u00c0 l&#8217;aube du sabbat&#8221;  est une pens\u00e9e qui interroge sur notre vocation en tant que disciples.<\/em><\/strong><\/p>\n\n\n\n<p class=\"has-text-align-center\"><em><strong>Elle est \u00e9crite et publi\u00e9e par le d\u00e9partement des communications de la FEAR (F\u00e9d\u00e9ration des \u00c9glises Adventistes de La R\u00e9union). <\/strong><\/em><\/p>\n","protected":false},"excerpt":{"rendered":"<p>I. Le d\u00e9sir de Dieu #1 L\u2019ambition de Dieu \u00ab&nbsp;Cela est bon et agr\u00e9able devant Dieu notre&hellip;<\/p>\n","protected":false},"author":1,"featured_media":0,"comment_status":"closed","ping_status":"open","sticky":false,"template":"","format":"standard","meta":{"footnotes":""},"categories":[117],"tags":[115,116],"class_list":["post-7016","post","type-post","status-publish","format-standard","hentry","category-a-laube-du-sabbat","tag-commencement-de-sabbat","tag-meditation","no-margin"],"_links":{"self":[{"href":"https:\/\/restonsunis.com\/index.php\/wp-json\/wp\/v2\/posts\/7016","targetHints":{"allow":["GET"]}}],"collection":[{"href":"https:\/\/restonsunis.com\/index.php\/wp-json\/wp\/v2\/posts"}],"about":[{"href":"https:\/\/restonsunis.com\/index.php\/wp-json\/wp\/v2\/types\/post"}],"author":[{"embeddable":true,"href":"https:\/\/restonsunis.com\/index.php\/wp-json\/wp\/v2\/users\/1"}],"replies":[{"embeddable":true,"href":"https:\/\/restonsunis.com\/index.php\/wp-json\/wp\/v2\/comments?post=7016"}],"version-history":[{"count":5,"href":"https:\/\/restonsunis.com\/index.php\/wp-json\/wp\/v2\/posts\/7016\/revisions"}],"predecessor-version":[{"id":7031,"href":"https:\/\/restonsunis.com\/index.php\/wp-json\/wp\/v2\/posts\/7016\/revisions\/7031"}],"wp:attachment":[{"href":"https:\/\/restonsunis.com\/index.php\/wp-json\/wp\/v2\/media?parent=7016"}],"wp:term":[{"taxonomy":"category","embeddable":true,"href":"https:\/\/restonsunis.com\/index.php\/wp-json\/wp\/v2\/categories?post=7016"},{"taxonomy":"post_tag","embeddable":true,"href":"https:\/\/restonsunis.com\/index.php\/wp-json\/wp\/v2\/tags?post=7016"}],"curies":[{"name":"wp","href":"https:\/\/api.w.org\/{rel}","templated":true}]}}