{"id":7155,"date":"2022-01-18T06:00:00","date_gmt":"2022-01-18T02:00:00","guid":{"rendered":"https:\/\/restonsunis.com\/?p=7155"},"modified":"2022-01-16T08:57:58","modified_gmt":"2022-01-16T04:57:58","slug":"365-jours-avec-jesus-18-janvier-une-voix-dans-le-desert","status":"publish","type":"post","link":"https:\/\/restonsunis.com\/index.php\/2022\/01\/18\/365-jours-avec-jesus-18-janvier-une-voix-dans-le-desert\/","title":{"rendered":"365 jours avec J\u00e9sus &#8211; 18 janvier : Une voix dans le d\u00e9sert (2)"},"content":{"rendered":"\n<figure class=\"wp-block-image size-large\"><img loading=\"lazy\" decoding=\"async\" width=\"1024\" height=\"1024\" src=\"https:\/\/restonsunis.com\/wp-content\/uploads\/2022\/01\/01-18-1024x1024.png\" alt=\"\" class=\"wp-image-7156\" srcset=\"https:\/\/restonsunis.com\/wp-content\/uploads\/2022\/01\/01-18-1024x1024.png 1024w, https:\/\/restonsunis.com\/wp-content\/uploads\/2022\/01\/01-18-300x300.png 300w, https:\/\/restonsunis.com\/wp-content\/uploads\/2022\/01\/01-18-150x150.png 150w, https:\/\/restonsunis.com\/wp-content\/uploads\/2022\/01\/01-18-768x768.png 768w, https:\/\/restonsunis.com\/wp-content\/uploads\/2022\/01\/01-18-67x67.png 67w, https:\/\/restonsunis.com\/wp-content\/uploads\/2022\/01\/01-18.png 1080w\" sizes=\"auto, (max-width: 1024px) 100vw, 1024px\" \/><\/figure>\n\n\n\n<figure class=\"wp-block-table is-style-stripes\"><table><thead><tr><th class=\"has-text-align-center\" data-align=\"center\">Selon Matthieu<\/th><th class=\"has-text-align-center\" data-align=\"center\"><meta charset=\"utf-8\">Selon Marc<\/th><th class=\"has-text-align-center\" data-align=\"center\"><meta charset=\"utf-8\">Selon Luc<\/th><th class=\"has-text-align-center\" data-align=\"center\"><meta charset=\"utf-8\">Selon Jean<\/th><\/tr><\/thead><tbody><tr><td class=\"has-text-align-center\" data-align=\"center\">Mt 3.1-12<\/td><td class=\"has-text-align-center\" data-align=\"center\">Mc 1.2-8<\/td><td class=\"has-text-align-center\" data-align=\"center\">Lc 3.1-18<\/td><td class=\"has-text-align-center\" data-align=\"center\">&#8211;<\/td><\/tr><\/tbody><\/table><\/figure>\n\n\n\n<h3 class=\"wp-block-heading\">Esprit de proph\u00e9tie<\/h3>\n\n\n\n<h4 class=\"wp-block-heading\">J\u00e9sus-Christ, Chapitre 10 <\/h4>\n\n\n\n<p>\u201cMoi, disait Jean, je vous baptise d\u2019eau en vue de la repentance; mais celui qui vient apr\u00e8s moi est plus puissant que moi, et je ne m\u00e9rite pas de porter ses sandales. Lui vous baptisera d\u2019Esprit Saint et de feu.\u201d<sup>Matthieu 3:11.<\/sup> Le proph\u00e8te Esa\u00efe avait annonc\u00e9 que le Seigneur purifierait son peuple de ses iniquit\u00e9s, \u201cen y faisant passer un souffle de justice, un vent de destruction\u201d. Cette parole du Seigneur s\u2019adressait \u00e0 Isra\u00ebl: \u201cJe laisserai de nouveau tomber ma main sur toi; je refondrai tes scories comme avec de la potasse et je te rendrai pure de tout alliage\u201d.<sup>\u00c9sa\u00efe 4:4; 1:25.<\/sup> O\u00f9 que se rencontre le p\u00e9ch\u00e9, \u201cnotre Dieu est aussi un feu d\u00e9vorant<sup>H\u00e9breux 12:29.<\/sup> Chez tous ceux qui se soumettent \u00e0 son action, l\u2019Esprit de Dieu consume le p\u00e9ch\u00e9. Mais si un homme se cramponne \u00e0 son p\u00e9ch\u00e9, il finit par s\u2019identifier avec lui. Alors la gloire de Dieu qui d\u00e9truit le p\u00e9ch\u00e9 doit aussi d\u00e9truire le p\u00e9cheur. Apr\u00e8s la nuit o\u00f9 il avait lutt\u00e9 avec l\u2019ange, Jacob s\u2019\u00e9cria: \u201cJ\u2019ai vu Dieu face \u00e0 face et ma vie a \u00e9t\u00e9 sauv\u00e9e.\u201d<sup>Gen\u00e8se 32:30.<\/sup> Jacob s\u2019\u00e9tait rendu coupable d\u2019un grand p\u00e9ch\u00e9 dans sa conduite \u00e0 l\u2019\u00e9gard d\u2019Esa\u00fc; mais il s\u2019\u00e9tait repenti. Sa transgression avait \u00e9t\u00e9 pardonn\u00e9e, son p\u00e9ch\u00e9 lav\u00e9; c\u2019est pourquoi il pouvait supporter la pr\u00e9sence de Dieu. Mais chaque fois que des hommes se pr\u00e9sent\u00e8rent devant Dieu tout en ch\u00e9rissant volontairement le mal, ils ont \u00e9t\u00e9 d\u00e9truits. Lors du second av\u00e8nement du Christ les m\u00e9chants seront consum\u00e9s \u201cpar le souffle de sa bouche\u201d et an\u00e9antis \u201cpar l\u2019\u00e9clat de son av\u00e8nement\u201d.<sup>2 Thessaloniciens 2:8.<\/sup><\/p>\n\n\n\n<p>La lumi\u00e8re de la gloire de Dieu, source de vie pour les justes, d\u00e9truira les m\u00e9chants. A l\u2019\u00e9poque de Jean-Baptiste, le Christ \u00e9tait sur le point de para\u00eetre afin de r\u00e9v\u00e9ler le caract\u00e8re de Dieu. Sa seule pr\u00e9sence suffirait \u00e0 montrer aux hommes leurs p\u00e9ch\u00e9s. Ceux-l\u00e0 seuls qui seraient dispos\u00e9s \u00e0 se laisser nettoyer du p\u00e9ch\u00e9 pourraient entrer en communion avec lui. Seuls les c\u0153urs purs pourront subsister en sa pr\u00e9sence.<\/p>\n\n\n\n<p>Tel fut le message que le Baptiste apporta \u00e0 Isra\u00ebl de la part de Dieu. Plusieurs pr\u00eat\u00e8rent attention \u00e0 ses instructions. Plusieurs, sacrifiant tout, ob\u00e9irent. Des foules suivirent le nouveau ma\u00eetre de lieu en lieu, et quelques-uns m\u00eames esp\u00e9r\u00e8rent trouver en lui le Messie. Mais alors que Jean voyait ses auditeurs s\u2019attacher \u00e0 sa personne, il ne perdait pas une occasion de diriger leur foi vers celui qui allait venir.<\/p>\n\n\n\n<p class=\"has-text-align-center\"><em><strong>Pour poursuivre l&#8217;\u00e9tude lire le chapitre 10 (pp 85-89) du livre J\u00e9sus-Christ d&#8217;Ellen G. White<\/strong><\/em> :<\/p>\n\n\n\n<div class=\"wp-block-buttons is-content-justification-center is-layout-flex wp-block-buttons-is-layout-flex\">\n<div class=\"wp-block-button\"><a class=\"wp-block-button__link has-pale-cyan-blue-background-color has-background\" href=\"https:\/\/egwwritings.org\/read?panels=p187.410&amp;index=0\" target=\"_blank\" rel=\"noreferrer noopener\">Poursuivre la lecture<\/a><\/div>\n<\/div>\n\n\n\n<hr class=\"wp-block-separator\"\/>\n\n\n\n<p class=\"has-text-align-center\"><em><strong>365 jours avec J\u00e9sus est une compilation de Merle Poirier, gestionnaire des op\u00e9rations de AdventistWorld.<\/strong><\/em><\/p>\n","protected":false},"excerpt":{"rendered":"<p>Selon Matthieu Selon Marc Selon Luc Selon Jean Mt 3.1-12 Mc 1.2-8 Lc 3.1-18 &#8211; Esprit de&hellip;<\/p>\n","protected":false},"author":1,"featured_media":0,"comment_status":"closed","ping_status":"open","sticky":false,"template":"","format":"standard","meta":{"footnotes":""},"categories":[112,45],"tags":[113,114,53,52],"class_list":["post-7155","post","type-post","status-publish","format-standard","hentry","category-365-jours-avec-jesus","category-meditations-quotidiennes","tag-ellen-white","tag-jesus","tag-meditation-quotidienne","tag-vigile-matinale","no-margin"],"_links":{"self":[{"href":"https:\/\/restonsunis.com\/index.php\/wp-json\/wp\/v2\/posts\/7155","targetHints":{"allow":["GET"]}}],"collection":[{"href":"https:\/\/restonsunis.com\/index.php\/wp-json\/wp\/v2\/posts"}],"about":[{"href":"https:\/\/restonsunis.com\/index.php\/wp-json\/wp\/v2\/types\/post"}],"author":[{"embeddable":true,"href":"https:\/\/restonsunis.com\/index.php\/wp-json\/wp\/v2\/users\/1"}],"replies":[{"embeddable":true,"href":"https:\/\/restonsunis.com\/index.php\/wp-json\/wp\/v2\/comments?post=7155"}],"version-history":[{"count":3,"href":"https:\/\/restonsunis.com\/index.php\/wp-json\/wp\/v2\/posts\/7155\/revisions"}],"predecessor-version":[{"id":7162,"href":"https:\/\/restonsunis.com\/index.php\/wp-json\/wp\/v2\/posts\/7155\/revisions\/7162"}],"wp:attachment":[{"href":"https:\/\/restonsunis.com\/index.php\/wp-json\/wp\/v2\/media?parent=7155"}],"wp:term":[{"taxonomy":"category","embeddable":true,"href":"https:\/\/restonsunis.com\/index.php\/wp-json\/wp\/v2\/categories?post=7155"},{"taxonomy":"post_tag","embeddable":true,"href":"https:\/\/restonsunis.com\/index.php\/wp-json\/wp\/v2\/tags?post=7155"}],"curies":[{"name":"wp","href":"https:\/\/api.w.org\/{rel}","templated":true}]}}