{"id":7158,"date":"2022-01-17T06:00:00","date_gmt":"2022-01-17T02:00:00","guid":{"rendered":"https:\/\/restonsunis.com\/?p=7158"},"modified":"2022-01-16T08:57:14","modified_gmt":"2022-01-16T04:57:14","slug":"365-jours-avec-jesus-17-janvier-une-voix-dans-le-desert-1","status":"publish","type":"post","link":"https:\/\/restonsunis.com\/index.php\/2022\/01\/17\/365-jours-avec-jesus-17-janvier-une-voix-dans-le-desert-1\/","title":{"rendered":"365 jours avec J\u00e9sus &#8211; 17 janvier : Une voix dans le d\u00e9sert (1)"},"content":{"rendered":"\n<figure class=\"wp-block-image size-large\"><img loading=\"lazy\" decoding=\"async\" width=\"1024\" height=\"1024\" src=\"https:\/\/restonsunis.com\/wp-content\/uploads\/2022\/01\/01-17-1024x1024.png\" alt=\"\" class=\"wp-image-7159\" srcset=\"https:\/\/restonsunis.com\/wp-content\/uploads\/2022\/01\/01-17-1024x1024.png 1024w, https:\/\/restonsunis.com\/wp-content\/uploads\/2022\/01\/01-17-300x300.png 300w, https:\/\/restonsunis.com\/wp-content\/uploads\/2022\/01\/01-17-150x150.png 150w, https:\/\/restonsunis.com\/wp-content\/uploads\/2022\/01\/01-17-768x768.png 768w, https:\/\/restonsunis.com\/wp-content\/uploads\/2022\/01\/01-17-67x67.png 67w, https:\/\/restonsunis.com\/wp-content\/uploads\/2022\/01\/01-17.png 1080w\" sizes=\"auto, (max-width: 1024px) 100vw, 1024px\" \/><\/figure>\n\n\n\n<figure class=\"wp-block-table is-style-stripes\"><table><thead><tr><th class=\"has-text-align-center\" data-align=\"center\">Selon Matthieu<\/th><th class=\"has-text-align-center\" data-align=\"center\"><meta charset=\"utf-8\">Selon Marc<\/th><th class=\"has-text-align-center\" data-align=\"center\"><meta charset=\"utf-8\">Selon Luc<\/th><th class=\"has-text-align-center\" data-align=\"center\"><meta charset=\"utf-8\">Selon Jean<\/th><\/tr><\/thead><tbody><tr><td class=\"has-text-align-center\" data-align=\"center\">Mt 3.1-12<\/td><td class=\"has-text-align-center\" data-align=\"center\">Mc 1.2-8<\/td><td class=\"has-text-align-center\" data-align=\"center\">Lc 3.1-18<\/td><td class=\"has-text-align-center\" data-align=\"center\">&#8211;<\/td><\/tr><\/tbody><\/table><\/figure>\n\n\n\n<h3 class=\"wp-block-heading\">Esprit de proph\u00e9tie<\/h3>\n\n\n\n<h4 class=\"wp-block-heading\">J\u00e9sus-Christ, Chapitre 10 (page 81)<\/h4>\n\n\n\n<p>Au cours de l\u2019enfance et de la jeunesse le caract\u00e8re est tr\u00e8s impressionnable. C\u2019est alors qu\u2019il faut acqu\u00e9rir la ma\u00eetrise de soi-m\u00eame. Au coin du feu et \u00e0 la table familiale s\u2019exercent des influences dont les r\u00e9sultats ont une dur\u00e9e \u00e9ternelle. Bien plus que les dons naturels, les habitudes contract\u00e9es dans les premi\u00e8res ann\u00e9es d\u00e9cident si un homme sera victorieux ou vaincu dans la bataille de la vie. Le jeune \u00e2ge est le temps des semailles. Il d\u00e9termine la nature de la moisson pour la vie pr\u00e9sente et pour la vie \u00e0 venir.<\/p>\n\n\n\n<p>En qualit\u00e9 de proph\u00e8te, Jean devait \u201cramener le c\u0153ur des p\u00e8res vers les enfants, et les rebelles \u00e0 la sagesse des justes\u201d afin de \u201cpr\u00e9parer au Seigneur un peuple bien dispos\u00e9\u201d. Tout en pr\u00e9parant la voie devant le premier av\u00e8nement du Christ, il repr\u00e9sentait ceux \u00e0 qui incombe la t\u00e2che de pr\u00e9parer un peuple pour la seconde venue de notre Seigneur. Le monde s\u2019abandonne \u00e0 la recherche de soi-m\u00eame. Les erreurs et les fables abondent. Satan multiplie ses pi\u00e8ges pour d\u00e9truire les \u00e2mes. Tous ceux qui d\u00e9sirent achever leur sanctification dans la crainte de Dieu doivent apprendre des le\u00e7ons de temp\u00e9rance et de ma\u00eetrise de soi-m\u00eame. Les app\u00e9tits et les passions doivent \u00eatre assujettis aux plus nobles facult\u00e9s de l\u2019esprit. L\u2019auto-discipline est indispensable pour obtenir une force mentale et un discernement spirituel permettant de comprendre et de mettre en pratique les v\u00e9rit\u00e9s sacr\u00e9es de la Parole de Dieu. Telle est la raison pour laquelle la temp\u00e9rance trouve sa place dans l\u2019\u0153uvre de pr\u00e9paration en vue de la seconde venue du Christ.<\/p>\n\n\n\n<p>&#8230;<\/p>\n\n\n\n<p class=\"has-text-align-center\"><em><strong>Pour poursuivre l&#8217;\u00e9tude lire le chapitre 10 (pp 81-84) du livre J\u00e9sus-Christ d&#8217;Ellen G. White<\/strong><\/em> :<\/p>\n\n\n\n<div class=\"wp-block-buttons is-content-justification-center is-layout-flex wp-block-buttons-is-layout-flex\">\n<div class=\"wp-block-button\"><a class=\"wp-block-button__link has-pale-cyan-blue-background-color has-background\" href=\"https:\/\/egwwritings.org\/read?panels=p187.386&amp;index=0\" target=\"_blank\" rel=\"noreferrer noopener\">Poursuivre la lecture<\/a><\/div>\n<\/div>\n\n\n\n<hr class=\"wp-block-separator\"\/>\n\n\n\n<p class=\"has-text-align-center\"><em><strong>365 jours avec J\u00e9sus est une compilation de Merle Poirier, gestionnaire des op\u00e9rations de AdventistWorld.<\/strong><\/em><\/p>\n","protected":false},"excerpt":{"rendered":"<p>Selon Matthieu Selon Marc Selon Luc Selon Jean Mt 3.1-12 Mc 1.2-8 Lc 3.1-18 &#8211; Esprit de&hellip;<\/p>\n","protected":false},"author":1,"featured_media":0,"comment_status":"closed","ping_status":"open","sticky":false,"template":"","format":"standard","meta":{"footnotes":""},"categories":[112,45],"tags":[113,114,53,52],"class_list":["post-7158","post","type-post","status-publish","format-standard","hentry","category-365-jours-avec-jesus","category-meditations-quotidiennes","tag-ellen-white","tag-jesus","tag-meditation-quotidienne","tag-vigile-matinale","no-margin"],"_links":{"self":[{"href":"https:\/\/restonsunis.com\/index.php\/wp-json\/wp\/v2\/posts\/7158","targetHints":{"allow":["GET"]}}],"collection":[{"href":"https:\/\/restonsunis.com\/index.php\/wp-json\/wp\/v2\/posts"}],"about":[{"href":"https:\/\/restonsunis.com\/index.php\/wp-json\/wp\/v2\/types\/post"}],"author":[{"embeddable":true,"href":"https:\/\/restonsunis.com\/index.php\/wp-json\/wp\/v2\/users\/1"}],"replies":[{"embeddable":true,"href":"https:\/\/restonsunis.com\/index.php\/wp-json\/wp\/v2\/comments?post=7158"}],"version-history":[{"count":1,"href":"https:\/\/restonsunis.com\/index.php\/wp-json\/wp\/v2\/posts\/7158\/revisions"}],"predecessor-version":[{"id":7160,"href":"https:\/\/restonsunis.com\/index.php\/wp-json\/wp\/v2\/posts\/7158\/revisions\/7160"}],"wp:attachment":[{"href":"https:\/\/restonsunis.com\/index.php\/wp-json\/wp\/v2\/media?parent=7158"}],"wp:term":[{"taxonomy":"category","embeddable":true,"href":"https:\/\/restonsunis.com\/index.php\/wp-json\/wp\/v2\/categories?post=7158"},{"taxonomy":"post_tag","embeddable":true,"href":"https:\/\/restonsunis.com\/index.php\/wp-json\/wp\/v2\/tags?post=7158"}],"curies":[{"name":"wp","href":"https:\/\/api.w.org\/{rel}","templated":true}]}}