{"id":7201,"date":"2022-01-24T06:00:00","date_gmt":"2022-01-24T02:00:00","guid":{"rendered":"https:\/\/restonsunis.com\/?p=7201"},"modified":"2022-01-22T18:55:20","modified_gmt":"2022-01-22T14:55:20","slug":"365-jours-avec-jesus-24-janvier-nous-avons-trouve-le-messie-2","status":"publish","type":"post","link":"https:\/\/restonsunis.com\/index.php\/2022\/01\/24\/365-jours-avec-jesus-24-janvier-nous-avons-trouve-le-messie-2\/","title":{"rendered":"365 jours avec J\u00e9sus &#8211; 24 janvier : Nous avons trouv\u00e9 le Messie (2)"},"content":{"rendered":"\n<figure class=\"wp-block-image size-large\"><img loading=\"lazy\" decoding=\"async\" width=\"1024\" height=\"1024\" src=\"https:\/\/restonsunis.com\/wp-content\/uploads\/2022\/01\/01-24-1024x1024.png\" alt=\"\" class=\"wp-image-7202\" srcset=\"https:\/\/restonsunis.com\/wp-content\/uploads\/2022\/01\/01-24-1024x1024.png 1024w, https:\/\/restonsunis.com\/wp-content\/uploads\/2022\/01\/01-24-300x300.png 300w, https:\/\/restonsunis.com\/wp-content\/uploads\/2022\/01\/01-24-150x150.png 150w, https:\/\/restonsunis.com\/wp-content\/uploads\/2022\/01\/01-24-768x768.png 768w, https:\/\/restonsunis.com\/wp-content\/uploads\/2022\/01\/01-24-67x67.png 67w, https:\/\/restonsunis.com\/wp-content\/uploads\/2022\/01\/01-24.png 1080w\" sizes=\"auto, (max-width: 1024px) 100vw, 1024px\" \/><\/figure>\n\n\n\n<figure class=\"wp-block-table is-style-stripes\"><table><thead><tr><th class=\"has-text-align-center\" data-align=\"center\">Selon Matthieu<\/th><th class=\"has-text-align-center\" data-align=\"center\"><meta charset=\"utf-8\">Selon Marc<\/th><th class=\"has-text-align-center\" data-align=\"center\"><meta charset=\"utf-8\">Selon Luc<\/th><th class=\"has-text-align-center\" data-align=\"center\"><meta charset=\"utf-8\">Selon Jean<\/th><\/tr><\/thead><tbody><tr><td class=\"has-text-align-center\" data-align=\"center\">&#8211;<\/td><td class=\"has-text-align-center\" data-align=\"center\">&#8211;<\/td><td class=\"has-text-align-center\" data-align=\"center\">&#8211;<\/td><td class=\"has-text-align-center\" data-align=\"center\">Jean 1.19-51<\/td><\/tr><\/tbody><\/table><\/figure>\n\n\n\n<h3 class=\"wp-block-heading\">Esprit de proph\u00e9tie<\/h3>\n\n\n\n<h4 class=\"wp-block-heading\">J\u00e9sus-Christ, Chapitre 15 (pp 123.3-124.3)<\/h4>\n\n\n\n<p>Il recevra une b\u00e9n\u00e9diction, celui qui cherche \u00e0 communiquer la lumi\u00e8re \u00e0 d\u2019autres. \u201cL\u2019\u00e2me bienfaisante sera rassasi\u00e9e et celui qui arrose sera lui-m\u00eame arros\u00e9.\u201d<sup>Proverbes 11:25.<\/sup> Dieu pourrait atteindre son but en sauvant les p\u00e9cheurs sans notre concours; mais si nous voulons former un caract\u00e8re semblable \u00e0 celui du Christ, nous devons participer \u00e0 son \u0153uvre. Si nous voulons participer \u00e0 sa joie \u2014 la joie que procure la vue des \u00e2mes rachet\u00e9es par son sacrifice \u2014 il nous faut prendre part \u00e0 ses efforts salutaires.<\/p>\n\n\n\n<p>Les paroles par lesquelles Nathana\u00ebl donna la premi\u00e8re expression \u00e0 sa foi, paroles si ardentes et sinc\u00e8res, furent une douce musique aux oreilles de J\u00e9sus, qui lui r\u00e9pondit: \u201cParce que je t\u2019ai dit que je t\u2019avais vu sous le figuier, tu crois; tu verras de plus grandes choses que celles-ci!\u201d Le Sauveur consid\u00e9rait avec joie l\u2019\u0153uvre qui lui \u00e9tait r\u00e9serv\u00e9e: pr\u00eacher la bonne nouvelle aux d\u00e9bonnaires, panser les c\u0153urs bris\u00e9s, et publier la libert\u00e9 \u00e0 ceux que Satan retenait captifs. Il ajouta, songeant aux pr\u00e9cieuses b\u00e9n\u00e9dictions qu\u2019il apportait aux hommes: \u201cEn v\u00e9rit\u00e9, en v\u00e9rit\u00e9, je vous le dis, vous verrez le ciel ouvert, et les anges de Dieu monter et descendre sur le Fils de l\u2019homme.\u201d<\/p>\n\n\n\n<p>J\u00e9sus disait ainsi: Sur les rives du Jourdain les cieux se sont ouverts, et l\u2019Esprit est descendu sur moi sous la forme d\u2019une colombe, signe indiquant que je suis le Fils de Dieu. Votre foi sera vivifi\u00e9e si vous croyez en moi. Vous verrez alors les cieux ouverts pour toujours. C\u2019est moi qui vous les ai ouverts. Les anges de Dieu montent, portant au P\u00e8re c\u00e9leste les pri\u00e8res des \u00e2mes qui sont dans la d\u00e9tresse ou dans le besoin; ils descendent apportant aux enfants des hommes la b\u00e9n\u00e9diction et l\u2019espoir, le courage, le secours et la vie.<\/p>\n\n\n\n<p>Les anges de Dieu vont continuellement de la terre au ciel et du ciel \u00e0 la terre. Par leur minist\u00e8re la puissance de Dieu accomplit les miracles du Christ, en faveur des afflig\u00e9s et des souffrants. Par leur minist\u00e8re, tout bienfait nous vient, en Christ, de la part de Dieu. En assumant l\u2019humanit\u00e9, le Sauveur associe ses propres int\u00e9r\u00eats \u00e0 ceux des fils et des filles d\u00e9chus d\u2019Adam, en m\u00eame temps que par sa divinit\u00e9 il saisit le tr\u00f4ne de Dieu. Ainsi le Christ est le moyen qui met en communication les hommes avec Dieu, et Dieu avec les hommes.<\/p>\n\n\n\n<p class=\"has-text-align-center\"><em><strong>Pour poursuivre l&#8217;\u00e9tude lire le chapitre 14 du livre J\u00e9sus-Christ d&#8217;Ellen G. White<\/strong><\/em> :<\/p>\n\n\n\n<div class=\"wp-block-buttons is-content-justification-center is-layout-flex wp-block-buttons-is-layout-flex\">\n<div class=\"wp-block-button\"><a class=\"wp-block-button__link has-pale-cyan-blue-background-color has-background\" href=\"https:\/\/egwwritings.org\/read?panels=p187.548&amp;index=0\" target=\"_blank\" rel=\"noreferrer noopener\">Poursuivre la lecture<\/a><\/div>\n<\/div>\n\n\n\n<hr class=\"wp-block-separator\"\/>\n\n\n\n<p class=\"has-text-align-center\"><em><strong>365 jours avec J\u00e9sus est une compilation de Merle Poirier, gestionnaire des op\u00e9rations de AdventistWorld.<\/strong><\/em><\/p>\n","protected":false},"excerpt":{"rendered":"<p>Selon Matthieu Selon Marc Selon Luc Selon Jean &#8211; &#8211; &#8211; Jean 1.19-51 Esprit de proph\u00e9tie J\u00e9sus-Christ,&hellip;<\/p>\n","protected":false},"author":1,"featured_media":0,"comment_status":"closed","ping_status":"open","sticky":false,"template":"","format":"standard","meta":{"footnotes":""},"categories":[112,45],"tags":[113,114,53,52],"class_list":["post-7201","post","type-post","status-publish","format-standard","hentry","category-365-jours-avec-jesus","category-meditations-quotidiennes","tag-ellen-white","tag-jesus","tag-meditation-quotidienne","tag-vigile-matinale","no-margin"],"_links":{"self":[{"href":"https:\/\/restonsunis.com\/index.php\/wp-json\/wp\/v2\/posts\/7201","targetHints":{"allow":["GET"]}}],"collection":[{"href":"https:\/\/restonsunis.com\/index.php\/wp-json\/wp\/v2\/posts"}],"about":[{"href":"https:\/\/restonsunis.com\/index.php\/wp-json\/wp\/v2\/types\/post"}],"author":[{"embeddable":true,"href":"https:\/\/restonsunis.com\/index.php\/wp-json\/wp\/v2\/users\/1"}],"replies":[{"embeddable":true,"href":"https:\/\/restonsunis.com\/index.php\/wp-json\/wp\/v2\/comments?post=7201"}],"version-history":[{"count":1,"href":"https:\/\/restonsunis.com\/index.php\/wp-json\/wp\/v2\/posts\/7201\/revisions"}],"predecessor-version":[{"id":7203,"href":"https:\/\/restonsunis.com\/index.php\/wp-json\/wp\/v2\/posts\/7201\/revisions\/7203"}],"wp:attachment":[{"href":"https:\/\/restonsunis.com\/index.php\/wp-json\/wp\/v2\/media?parent=7201"}],"wp:term":[{"taxonomy":"category","embeddable":true,"href":"https:\/\/restonsunis.com\/index.php\/wp-json\/wp\/v2\/categories?post=7201"},{"taxonomy":"post_tag","embeddable":true,"href":"https:\/\/restonsunis.com\/index.php\/wp-json\/wp\/v2\/tags?post=7201"}],"curies":[{"name":"wp","href":"https:\/\/api.w.org\/{rel}","templated":true}]}}