{"id":7205,"date":"2022-01-25T06:00:00","date_gmt":"2022-01-25T02:00:00","guid":{"rendered":"https:\/\/restonsunis.com\/?p=7205"},"modified":"2022-01-24T12:18:21","modified_gmt":"2022-01-24T08:18:21","slug":"365-jours-avec-jesus-25-janvier-au-repas-des-noces-1","status":"publish","type":"post","link":"https:\/\/restonsunis.com\/index.php\/2022\/01\/25\/365-jours-avec-jesus-25-janvier-au-repas-des-noces-1\/","title":{"rendered":"365 jours avec J\u00e9sus &#8211; 25 janvier : Au repas des noces (1)"},"content":{"rendered":"\n<figure class=\"wp-block-image size-large\"><img loading=\"lazy\" decoding=\"async\" width=\"1024\" height=\"1024\" src=\"https:\/\/restonsunis.com\/wp-content\/uploads\/2022\/01\/01-25-1024x1024.png\" alt=\"\" class=\"wp-image-7206\" srcset=\"https:\/\/restonsunis.com\/wp-content\/uploads\/2022\/01\/01-25-1024x1024.png 1024w, https:\/\/restonsunis.com\/wp-content\/uploads\/2022\/01\/01-25-300x300.png 300w, https:\/\/restonsunis.com\/wp-content\/uploads\/2022\/01\/01-25-150x150.png 150w, https:\/\/restonsunis.com\/wp-content\/uploads\/2022\/01\/01-25-768x768.png 768w, https:\/\/restonsunis.com\/wp-content\/uploads\/2022\/01\/01-25-67x67.png 67w, https:\/\/restonsunis.com\/wp-content\/uploads\/2022\/01\/01-25.png 1080w\" sizes=\"auto, (max-width: 1024px) 100vw, 1024px\" \/><\/figure>\n\n\n\n<figure class=\"wp-block-table is-style-stripes\"><table><thead><tr><th class=\"has-text-align-center\" data-align=\"center\">Selon Matthieu<\/th><th class=\"has-text-align-center\" data-align=\"center\"><meta charset=\"utf-8\">Selon Marc<\/th><th class=\"has-text-align-center\" data-align=\"center\"><meta charset=\"utf-8\">Selon Luc<\/th><th class=\"has-text-align-center\" data-align=\"center\"><meta charset=\"utf-8\">Selon Jean<\/th><\/tr><\/thead><tbody><tr><td class=\"has-text-align-center\" data-align=\"center\">&#8211;<\/td><td class=\"has-text-align-center\" data-align=\"center\">&#8211;<\/td><td class=\"has-text-align-center\" data-align=\"center\">&#8211;<\/td><td class=\"has-text-align-center\" data-align=\"center\">Jean 2.1-12<\/td><\/tr><\/tbody><\/table><\/figure>\n\n\n\n<h3 class=\"wp-block-heading\">Esprit de proph\u00e9tie<\/h3>\n\n\n\n<h4 class=\"wp-block-heading\">J\u00e9sus-Christ, Chapitre 15 (pp 121.1-129.1)<\/h4>\n\n\n\n<p>Ce n\u2019est pas en accomplissant quelque grand exploit, \u00e0 J\u00e9rusalem, en pr\u00e9sence du sanh\u00e9drin, que J\u00e9sus commen\u00e7a son minist\u00e8re. Il manifesta sa puissance dans un petit village galil\u00e9en, pour accro\u00eetre la joie d\u2019une f\u00eate de noces. Par l\u00e0 il montrait sa sympathie pour les hommes, et son d\u00e9sir de les rendre heureux. Au d\u00e9sert, il avait bu \u00e0 la coupe de douleur de la tentation. Il tendait aux hommes la coupe de b\u00e9n\u00e9diction, sanctifiant par sa pr\u00e9sence les relations de la vie humaine.<\/p>\n\n\n\n<p>Apr\u00e8s avoir quitt\u00e9 le Jourdain, J\u00e9sus \u00e9tait retourn\u00e9 en Galil\u00e9e. Un mariage devait avoir lieu \u00e0 Cana, petite ville voisine de Nazareth; J\u00e9sus, \u00e9tant inform\u00e9 de cette r\u00e9union de famille, se rendit pr\u00e8s des fianc\u00e9s, parents de Joseph et de Marie, et fut invit\u00e9 ainsi que ses disciples, aux noces.<\/p>\n\n\n\n<p>&#8230;<\/p>\n\n\n\n<p>Les f\u00eates de noces duraient ordinairement plusieurs jours. Il se trouva que la provision de vin fut \u00e9puis\u00e9e avant la fin de la f\u00eate. Cette d\u00e9couverte occasionna de la perplexit\u00e9 et du regret car on n\u2019avait pas l\u2019habitude de se priver de vin les jours de f\u00eate, et c\u2019\u00e9tait manquer d\u2019hospitalit\u00e9 que de n\u2019en point donner. En tant que parente des fianc\u00e9s, Marie avait particip\u00e9 \u00e0 l\u2019organisation de la f\u00eate; elle confia son souci \u00e0 J\u00e9sus: \u201cIls n\u2019ont pas de vin.\u201d C\u2019\u00e9tait lui sugg\u00e9rer de pourvoir aux besoins. Mais J\u00e9sus r\u00e9pondit: \u201cFemme, que veux-tu de moi? Mon heure n\u2019est pas encore venue.\u201d<\/p>\n\n\n\n<p>Cette r\u00e9ponse, qui peut nous para\u00eetre un peu rude, n\u2019exprimait ni froideur, ni manque de courtoisie. Le langage que le Sauveur tint \u00e0 sa m\u00e8re \u00e9tait parfaitement en accord avec les coutumes orientales. On se servait des m\u00eames expressions pour s\u2019adresser \u00e0 des personnes auxquelles on t\u00e9moignait le plus grand respect. Tous les actes de la vie terrestre du Christ ont d\u2019ailleurs \u00e9t\u00e9 en harmonie avec le pr\u00e9cepte qu\u2019il avait donn\u00e9 lui-m\u00eame: \u201cHonore ton p\u00e8re et ta m\u00e8re.\u201d<sup>Exode 20:12.<\/sup> Sur la croix, accomplissant un dernier acte de tendresse envers sa m\u00e8re, J\u00e9sus s\u2019adressa \u00e0 elle dans les m\u00eames termes en la remettant aux soins de son disciple bien-aim\u00e9. A la f\u00eate de noces et plus tard, sur la croix, l\u2019affection, que J\u00e9sus exprimait par le ton, le regard et le geste, servait \u00e0 interpr\u00e9ter ses paroles.<\/p>\n\n\n\n<p>&#8230;<\/p>\n\n\n\n<p class=\"has-text-align-center\"><em><strong>Pour poursuivre l&#8217;\u00e9tude lire le chapitre 15 du livre J\u00e9sus-Christ d&#8217;Ellen G. White<\/strong><\/em> :<\/p>\n\n\n\n<div class=\"wp-block-buttons is-content-justification-center is-layout-flex wp-block-buttons-is-layout-flex\">\n<div class=\"wp-block-button\"><a class=\"wp-block-button__link has-pale-cyan-blue-background-color has-background\" href=\"https:\/\/egwwritings.org\/read?panels=p187.628&amp;index=0\" target=\"_blank\" rel=\"noreferrer noopener\">Poursuivre la lecture<\/a><\/div>\n<\/div>\n\n\n\n<hr class=\"wp-block-separator\"\/>\n\n\n\n<p class=\"has-text-align-center\"><em><strong>365 jours avec J\u00e9sus est une compilation de Merle Poirier, gestionnaire des op\u00e9rations de AdventistWorld.<\/strong><\/em><\/p>\n","protected":false},"excerpt":{"rendered":"<p>Selon Matthieu Selon Marc Selon Luc Selon Jean &#8211; &#8211; &#8211; Jean 2.1-12 Esprit de proph\u00e9tie J\u00e9sus-Christ,&hellip;<\/p>\n","protected":false},"author":1,"featured_media":0,"comment_status":"closed","ping_status":"open","sticky":false,"template":"","format":"standard","meta":{"footnotes":""},"categories":[112,45],"tags":[113,114,53,52],"class_list":["post-7205","post","type-post","status-publish","format-standard","hentry","category-365-jours-avec-jesus","category-meditations-quotidiennes","tag-ellen-white","tag-jesus","tag-meditation-quotidienne","tag-vigile-matinale","no-margin"],"_links":{"self":[{"href":"https:\/\/restonsunis.com\/index.php\/wp-json\/wp\/v2\/posts\/7205","targetHints":{"allow":["GET"]}}],"collection":[{"href":"https:\/\/restonsunis.com\/index.php\/wp-json\/wp\/v2\/posts"}],"about":[{"href":"https:\/\/restonsunis.com\/index.php\/wp-json\/wp\/v2\/types\/post"}],"author":[{"embeddable":true,"href":"https:\/\/restonsunis.com\/index.php\/wp-json\/wp\/v2\/users\/1"}],"replies":[{"embeddable":true,"href":"https:\/\/restonsunis.com\/index.php\/wp-json\/wp\/v2\/comments?post=7205"}],"version-history":[{"count":1,"href":"https:\/\/restonsunis.com\/index.php\/wp-json\/wp\/v2\/posts\/7205\/revisions"}],"predecessor-version":[{"id":7207,"href":"https:\/\/restonsunis.com\/index.php\/wp-json\/wp\/v2\/posts\/7205\/revisions\/7207"}],"wp:attachment":[{"href":"https:\/\/restonsunis.com\/index.php\/wp-json\/wp\/v2\/media?parent=7205"}],"wp:term":[{"taxonomy":"category","embeddable":true,"href":"https:\/\/restonsunis.com\/index.php\/wp-json\/wp\/v2\/categories?post=7205"},{"taxonomy":"post_tag","embeddable":true,"href":"https:\/\/restonsunis.com\/index.php\/wp-json\/wp\/v2\/tags?post=7205"}],"curies":[{"name":"wp","href":"https:\/\/api.w.org\/{rel}","templated":true}]}}