{"id":7208,"date":"2022-01-26T06:00:00","date_gmt":"2022-01-26T02:00:00","guid":{"rendered":"https:\/\/restonsunis.com\/?p=7208"},"modified":"2022-01-24T12:31:56","modified_gmt":"2022-01-24T08:31:56","slug":"365-jours-avec-jesus-25-janvier-au-repas-des-noces-1-2","status":"publish","type":"post","link":"https:\/\/restonsunis.com\/index.php\/2022\/01\/26\/365-jours-avec-jesus-25-janvier-au-repas-des-noces-1-2\/","title":{"rendered":"365 jours avec J\u00e9sus &#8211; 26 janvier : Au repas de noces (2)"},"content":{"rendered":"\n<figure class=\"wp-block-image size-large\"><img loading=\"lazy\" decoding=\"async\" width=\"1024\" height=\"1024\" src=\"https:\/\/restonsunis.com\/wp-content\/uploads\/2022\/01\/01-26-1024x1024.png\" alt=\"\" class=\"wp-image-7209\" srcset=\"https:\/\/restonsunis.com\/wp-content\/uploads\/2022\/01\/01-26-1024x1024.png 1024w, https:\/\/restonsunis.com\/wp-content\/uploads\/2022\/01\/01-26-300x300.png 300w, https:\/\/restonsunis.com\/wp-content\/uploads\/2022\/01\/01-26-150x150.png 150w, https:\/\/restonsunis.com\/wp-content\/uploads\/2022\/01\/01-26-768x768.png 768w, https:\/\/restonsunis.com\/wp-content\/uploads\/2022\/01\/01-26-67x67.png 67w, https:\/\/restonsunis.com\/wp-content\/uploads\/2022\/01\/01-26.png 1080w\" sizes=\"auto, (max-width: 1024px) 100vw, 1024px\" \/><\/figure>\n\n\n\n<figure class=\"wp-block-table is-style-stripes\"><table><thead><tr><th class=\"has-text-align-center\" data-align=\"center\">Selon Matthieu<\/th><th class=\"has-text-align-center\" data-align=\"center\"><meta charset=\"utf-8\">Selon Marc<\/th><th class=\"has-text-align-center\" data-align=\"center\"><meta charset=\"utf-8\">Selon Luc<\/th><th class=\"has-text-align-center\" data-align=\"center\"><meta charset=\"utf-8\">Selon Jean<\/th><\/tr><\/thead><tbody><tr><td class=\"has-text-align-center\" data-align=\"center\">&#8211;<\/td><td class=\"has-text-align-center\" data-align=\"center\">&#8211;<\/td><td class=\"has-text-align-center\" data-align=\"center\">&#8211;<\/td><td class=\"has-text-align-center\" data-align=\"center\">Jean 2.1-12<\/td><\/tr><\/tbody><\/table><\/figure>\n\n\n\n<h3 class=\"wp-block-heading\">Esprit de proph\u00e9tie<\/h3>\n\n\n\n<h4 class=\"wp-block-heading\">J\u00e9sus-Christ, Chapitre 15 (pp 130.2-131.1)<\/h4>\n\n\n\n<p>Les paroles: \u201cMon heure n\u2019est pas encore venue\u201d montrent que tous les actes de la vie terrestre du Christ ont \u00e9t\u00e9 accomplis conform\u00e9ment \u00e0 un plan existant de toute \u00e9ternit\u00e9. Avant m\u00eame qu\u2019il v\u00eent sur la terre, le plan \u00e9tait pr\u00e9sent \u00e0 son esprit, achev\u00e9 dans tous ses d\u00e9tails. A mesure qu\u2019il s\u2019avan\u00e7ait au milieu des hommes, il \u00e9tait conduit, pas \u00e0 pas, par la volont\u00e9 de son P\u00e8re. Au moment fix\u00e9, il n\u2019h\u00e9sitait pas \u00e0 agir. Il attendait avec la m\u00eame soumission que le temps f\u00fbt venu.<\/p>\n\n\n\n<p>En disant que son heure n\u2019\u00e9tait pas encore venue, J\u00e9sus r\u00e9pondait \u00e0 la pens\u00e9e non exprim\u00e9e par Marie, au sujet de l\u2019attente qu\u2019elle ch\u00e9rissait en commun avec son peuple. Elle esp\u00e9rait qu\u2019il allait se manifester en qualit\u00e9 de Messie et monter sur le tr\u00f4ne d\u2019Isra\u00ebl. Mais le moment n\u2019\u00e9tait pas arriv\u00e9. J\u00e9sus avait accept\u00e9 de partager le lot de l\u2019humanit\u00e9 non en tant que Roi, mais en tant qu\u2019Homme de douleurs, connaissant la souffrance.<\/p>\n\n\n\n<p>Bien que Marie n\u2019e\u00fbt pas une juste conception de la mission du Christ, elle avait en lui une foi implicite. Aussi J\u00e9sus r\u00e9pondit-il \u00e0 cette foi. Ce fut pour honorer la confiance de Marie et pour affermir la foi des disciples, que le premier miracle fut accompli. Nombreuses et fortes allaient \u00eatre les tentations que l\u2019incr\u00e9dulit\u00e9 pr\u00e9senterait aux disciples. A leurs yeux, les proph\u00e9ties montraient que J\u00e9sus \u00e9tait le Messie, et cela avec une clart\u00e9 invincible. Ils pensaient que les conducteurs religieux le recevraient avec une confiance encore plus grande que celle qu\u2019eux-m\u00eames nourrissaient. Ils faisaient part au peuple de ses \u0153uvres merveilleuses et de la confiance avec laquelle ils consid\u00e9raient sa mission, mais ils \u00e9taient stup\u00e9faits et am\u00e8rement d\u00e9\u00e7us en constatant l\u2019incr\u00e9dulit\u00e9, les pr\u00e9jug\u00e9s fortement enracin\u00e9s, la haine manifest\u00e9e contre J\u00e9sus par les pr\u00eatres et les rabbins. Les premiers miracles du Sauveur avaient pour but de fortifier les disciples en face de cette opposition.<\/p>\n\n\n\n<p>Nullement d\u00e9concert\u00e9e par les paroles de J\u00e9sus, Marie dit aux serviteurs charg\u00e9s de servir le repas: \u201cTout ce qu\u2019il vous dira, faites-le.\u201d Elle fit ainsi ce qui d\u00e9pendait d\u2019elle pour pr\u00e9parer la voie \u00e0 l\u2019\u0153uvre du Christ.<\/p>\n\n\n\n<p>&#8230;<\/p>\n\n\n\n<p class=\"has-text-align-center\"><em><strong>Pour poursuivre l&#8217;\u00e9tude lire le chapitre 15 du livre J\u00e9sus-Christ d&#8217;Ellen G. White<\/strong><\/em> :<\/p>\n\n\n\n<div class=\"wp-block-buttons is-content-justification-center is-layout-flex wp-block-buttons-is-layout-flex\">\n<div class=\"wp-block-button\"><a class=\"wp-block-button__link has-pale-cyan-blue-background-color has-background\" href=\"https:\/\/egwwritings.org\/read?panels=p187.628&amp;index=0\" target=\"_blank\" rel=\"noreferrer noopener\">Poursuivre la lecture<\/a><\/div>\n<\/div>\n\n\n\n<hr class=\"wp-block-separator\"\/>\n\n\n\n<p class=\"has-text-align-center\"><em><strong>365 jours avec J\u00e9sus est une compilation de Merle Poirier, gestionnaire des op\u00e9rations de AdventistWorld.<\/strong><\/em><\/p>\n","protected":false},"excerpt":{"rendered":"<p>Selon Matthieu Selon Marc Selon Luc Selon Jean &#8211; &#8211; &#8211; Jean 2.1-12 Esprit de proph\u00e9tie J\u00e9sus-Christ,&hellip;<\/p>\n","protected":false},"author":1,"featured_media":0,"comment_status":"closed","ping_status":"open","sticky":false,"template":"","format":"standard","meta":{"footnotes":""},"categories":[112,45],"tags":[113,114,53,52],"class_list":["post-7208","post","type-post","status-publish","format-standard","hentry","category-365-jours-avec-jesus","category-meditations-quotidiennes","tag-ellen-white","tag-jesus","tag-meditation-quotidienne","tag-vigile-matinale","no-margin"],"_links":{"self":[{"href":"https:\/\/restonsunis.com\/index.php\/wp-json\/wp\/v2\/posts\/7208","targetHints":{"allow":["GET"]}}],"collection":[{"href":"https:\/\/restonsunis.com\/index.php\/wp-json\/wp\/v2\/posts"}],"about":[{"href":"https:\/\/restonsunis.com\/index.php\/wp-json\/wp\/v2\/types\/post"}],"author":[{"embeddable":true,"href":"https:\/\/restonsunis.com\/index.php\/wp-json\/wp\/v2\/users\/1"}],"replies":[{"embeddable":true,"href":"https:\/\/restonsunis.com\/index.php\/wp-json\/wp\/v2\/comments?post=7208"}],"version-history":[{"count":2,"href":"https:\/\/restonsunis.com\/index.php\/wp-json\/wp\/v2\/posts\/7208\/revisions"}],"predecessor-version":[{"id":7212,"href":"https:\/\/restonsunis.com\/index.php\/wp-json\/wp\/v2\/posts\/7208\/revisions\/7212"}],"wp:attachment":[{"href":"https:\/\/restonsunis.com\/index.php\/wp-json\/wp\/v2\/media?parent=7208"}],"wp:term":[{"taxonomy":"category","embeddable":true,"href":"https:\/\/restonsunis.com\/index.php\/wp-json\/wp\/v2\/categories?post=7208"},{"taxonomy":"post_tag","embeddable":true,"href":"https:\/\/restonsunis.com\/index.php\/wp-json\/wp\/v2\/tags?post=7208"}],"curies":[{"name":"wp","href":"https:\/\/api.w.org\/{rel}","templated":true}]}}