{"id":7219,"date":"2022-01-28T06:00:00","date_gmt":"2022-01-28T02:00:00","guid":{"rendered":"https:\/\/restonsunis.com\/?p=7219"},"modified":"2022-01-26T17:11:10","modified_gmt":"2022-01-26T13:11:10","slug":"365-jours-avec-jesus-28-janvier-dans-son-temple-2","status":"publish","type":"post","link":"https:\/\/restonsunis.com\/index.php\/2022\/01\/28\/365-jours-avec-jesus-28-janvier-dans-son-temple-2\/","title":{"rendered":"365 jours avec J\u00e9sus &#8211; 28 janvier : Dans son temple (2)"},"content":{"rendered":"\n<figure class=\"wp-block-image size-large\"><img loading=\"lazy\" decoding=\"async\" width=\"1024\" height=\"1024\" src=\"https:\/\/restonsunis.com\/wp-content\/uploads\/2022\/01\/01-28-1024x1024.png\" alt=\"\" class=\"wp-image-7220\" srcset=\"https:\/\/restonsunis.com\/wp-content\/uploads\/2022\/01\/01-28-1024x1024.png 1024w, https:\/\/restonsunis.com\/wp-content\/uploads\/2022\/01\/01-28-300x300.png 300w, https:\/\/restonsunis.com\/wp-content\/uploads\/2022\/01\/01-28-150x150.png 150w, https:\/\/restonsunis.com\/wp-content\/uploads\/2022\/01\/01-28-768x768.png 768w, https:\/\/restonsunis.com\/wp-content\/uploads\/2022\/01\/01-28-67x67.png 67w, https:\/\/restonsunis.com\/wp-content\/uploads\/2022\/01\/01-28.png 1080w\" sizes=\"auto, (max-width: 1024px) 100vw, 1024px\" \/><\/figure>\n\n\n\n<figure class=\"wp-block-table is-style-stripes\"><table><thead><tr><th class=\"has-text-align-center\" data-align=\"center\">Selon Matthieu<\/th><th class=\"has-text-align-center\" data-align=\"center\"><meta charset=\"utf-8\">Selon Marc<\/th><th class=\"has-text-align-center\" data-align=\"center\"><meta charset=\"utf-8\">Selon Luc<\/th><th class=\"has-text-align-center\" data-align=\"center\"><meta charset=\"utf-8\">Selon Jean<\/th><\/tr><\/thead><tbody><tr><td class=\"has-text-align-center\" data-align=\"center\">&#8211;<\/td><td class=\"has-text-align-center\" data-align=\"center\">&#8211;<\/td><td class=\"has-text-align-center\" data-align=\"center\">&#8211;<\/td><td class=\"has-text-align-center\" data-align=\"center\">Jean 2.13-25<\/td><\/tr><\/tbody><\/table><\/figure>\n\n\n\n<h3 class=\"wp-block-heading\">Esprit de proph\u00e9tie<\/h3>\n\n\n\n<h4 class=\"wp-block-heading\">J\u00e9sus-Christ, Chapitre 16 (pp 146.3-139.3)<\/h4>\n\n\n\n<p>Ces paroles avaient une double signification. J\u00e9sus faisait non seulement allusion \u00e0 la destruction du temple juif et de ses services, mais aussi \u00e0 sa propre mort \u2014 la destruction du temple de son corps. D\u00e9j\u00e0 les Juifs la tramaient. Revenus au temple, pr\u00eatres et chefs proposaient de mettre \u00e0 mort J\u00e9sus et de se d\u00e9barrasser de ce trouble-f\u00eate. Cependant, ils ne le comprirent pas, alors qu\u2019il d\u00e9voilait leur dessein. Ils firent comme si J\u00e9sus n\u2019avait parl\u00e9 que du temple de J\u00e9rusalem, et ils s\u2019\u00e9cri\u00e8rent indign\u00e9s: \u201cIl a fallu quarante-six ans pour b\u00e2tir ce temple, et toi, en trois jours, tu le rel\u00e8veras!\u201d Il leur sembla que J\u00e9sus avait justifi\u00e9 leur incr\u00e9dulit\u00e9 et plus que jamais ils \u00e9taient d\u00e9cid\u00e9s \u00e0 le rejeter.<\/p>\n\n\n\n<p>Le Christ n\u2019entendait pas que ses paroles fussent comprises par les Juifs incr\u00e9dules, ni m\u00eame par ses disciples, \u00e0 ce moment-l\u00e0. Il pr\u00e9voyait que ses ennemis les interpr\u00e9teraient de mani\u00e8re \u00e0 s\u2019en faire une arme contre lui. Lors de son proc\u00e8s on s\u2019en servirait pour l\u2019accuser, et au Calvaire on en ferait un sujet de raillerie. Mais s\u2019il les avait expliqu\u00e9es \u00e0 cette occasion il aurait fait conna\u00eetre ses souffrances \u00e0 ses disciples et leur aurait caus\u00e9 un chagrin qu\u2019ils n\u2019\u00e9taient pas en \u00e9tat de supporter pour le moment. Une explication aurait eu pour effet de d\u00e9couvrir aux Juifs l\u2019aboutissement de leur pr\u00e9jug\u00e9 et de leur incr\u00e9dulit\u00e9. Ils s\u2019\u00e9taient d\u00e9j\u00e0 engag\u00e9s dans une voie au terme de laquelle il serait conduit comme un agneau \u00e0 la boucherie.<\/p>\n\n\n\n<p>Le Christ pronon\u00e7a ces paroles en pensant \u00e0 ceux qui croiraient en lui. Il savait qu\u2019elles seraient r\u00e9p\u00e9t\u00e9es. Prononc\u00e9es \u00e0 l\u2019occasion d\u2019une P\u00e2que, elles parviendraient aux oreilles de milliers de personnes, dans toutes les parties du monde. Leur signification deviendrait \u00e9vidente \u00e0 la suite de sa r\u00e9surrection d\u2019entre les morts. Elles apporteraient \u00e0 plusieurs une preuve concluante de sa divinit\u00e9.<\/p>\n\n\n\n<p>Les t\u00e9n\u00e8bres spirituelles qui enveloppaient les disciples de J\u00e9sus les emp\u00eachaient souvent de comprendre ses le\u00e7ons. Beaucoup de ces le\u00e7ons, toutefois, allaient \u00eatre expliqu\u00e9es par les \u00e9v\u00e9nements subs\u00e9quents. Ses paroles \u00e9taient destin\u00e9es \u00e0 demeurer dans leurs c\u0153urs quand il ne cheminerait plus au milieu d\u2019eux.<\/p>\n\n\n\n<p>Appliqu\u00e9es au temple de J\u00e9rusalem, les paroles du Sauveur: \u201cD\u00e9truisez ce temple, et en trois jours je le rel\u00e8verai\u201d, avaient une port\u00e9e que ses auditeurs ne devinaient pas. Le Christ \u00e9tait le fondement et la vie du temple, dont les services pr\u00e9figuraient le sacrifice du Fils de Dieu. Le sacerdoce avait \u00e9t\u00e9 \u00e9tabli pour repr\u00e9senter le caract\u00e8re et l\u2019\u0153uvre du Christ comme m\u00e9diateur. Tout le plan des sacrifices annon\u00e7ait la mort du Sauveur pour le rachat du monde. Ces offrandes perdraient toute valeur d\u00e8s que serait consomm\u00e9 le grand \u00e9v\u00e9nement qu\u2019elles avaient pour but de symboliser.<\/p>\n\n\n\n<p>&#8230;<\/p>\n\n\n\n<p class=\"has-text-align-center\"><em><strong>Pour poursuivre l&#8217;\u00e9tude lire le chapitre 16 du livre J\u00e9sus-Christ d&#8217;Ellen G. White<\/strong><\/em> :<\/p>\n\n\n\n<div class=\"wp-block-buttons is-content-justification-center is-layout-flex wp-block-buttons-is-layout-flex\">\n<div class=\"wp-block-button\"><a class=\"wp-block-button__link has-pale-cyan-blue-background-color has-background\" href=\"https:\/\/egwwritings.org\/read?panels=p187.685&amp;index=0\" target=\"_blank\" rel=\"noreferrer noopener\">Poursuivre la lecture<\/a><\/div>\n<\/div>\n\n\n\n<hr class=\"wp-block-separator\"\/>\n\n\n\n<p class=\"has-text-align-center\"><em><strong>365 jours avec J\u00e9sus est une compilation de Merle Poirier, gestionnaire des op\u00e9rations de AdventistWorld.<\/strong><\/em><\/p>\n","protected":false},"excerpt":{"rendered":"<p>Selon Matthieu Selon Marc Selon Luc Selon Jean &#8211; &#8211; &#8211; Jean 2.13-25 Esprit de proph\u00e9tie J\u00e9sus-Christ,&hellip;<\/p>\n","protected":false},"author":1,"featured_media":0,"comment_status":"closed","ping_status":"open","sticky":false,"template":"","format":"standard","meta":{"footnotes":""},"categories":[112,45],"tags":[113,114,53,52],"class_list":["post-7219","post","type-post","status-publish","format-standard","hentry","category-365-jours-avec-jesus","category-meditations-quotidiennes","tag-ellen-white","tag-jesus","tag-meditation-quotidienne","tag-vigile-matinale","no-margin"],"_links":{"self":[{"href":"https:\/\/restonsunis.com\/index.php\/wp-json\/wp\/v2\/posts\/7219","targetHints":{"allow":["GET"]}}],"collection":[{"href":"https:\/\/restonsunis.com\/index.php\/wp-json\/wp\/v2\/posts"}],"about":[{"href":"https:\/\/restonsunis.com\/index.php\/wp-json\/wp\/v2\/types\/post"}],"author":[{"embeddable":true,"href":"https:\/\/restonsunis.com\/index.php\/wp-json\/wp\/v2\/users\/1"}],"replies":[{"embeddable":true,"href":"https:\/\/restonsunis.com\/index.php\/wp-json\/wp\/v2\/comments?post=7219"}],"version-history":[{"count":1,"href":"https:\/\/restonsunis.com\/index.php\/wp-json\/wp\/v2\/posts\/7219\/revisions"}],"predecessor-version":[{"id":7221,"href":"https:\/\/restonsunis.com\/index.php\/wp-json\/wp\/v2\/posts\/7219\/revisions\/7221"}],"wp:attachment":[{"href":"https:\/\/restonsunis.com\/index.php\/wp-json\/wp\/v2\/media?parent=7219"}],"wp:term":[{"taxonomy":"category","embeddable":true,"href":"https:\/\/restonsunis.com\/index.php\/wp-json\/wp\/v2\/categories?post=7219"},{"taxonomy":"post_tag","embeddable":true,"href":"https:\/\/restonsunis.com\/index.php\/wp-json\/wp\/v2\/tags?post=7219"}],"curies":[{"name":"wp","href":"https:\/\/api.w.org\/{rel}","templated":true}]}}