{"id":7234,"date":"2022-01-28T18:30:00","date_gmt":"2022-01-28T14:30:00","guid":{"rendered":"https:\/\/restonsunis.com\/?p=7234"},"modified":"2022-01-28T15:26:23","modified_gmt":"2022-01-28T11:26:23","slug":"laube-du-sabbat-tous-les-peuples","status":"publish","type":"post","link":"https:\/\/restonsunis.com\/index.php\/2022\/01\/28\/laube-du-sabbat-tous-les-peuples\/","title":{"rendered":"L&#8217;aube du Sabbat : Tous les peuples"},"content":{"rendered":"\n<figure class=\"wp-block-image size-large\"><img loading=\"lazy\" decoding=\"async\" width=\"1024\" height=\"1024\" src=\"https:\/\/restonsunis.com\/wp-content\/uploads\/2022\/01\/05-1024x1024.png\" alt=\"\" class=\"wp-image-7236\" srcset=\"https:\/\/restonsunis.com\/wp-content\/uploads\/2022\/01\/05-1024x1024.png 1024w, https:\/\/restonsunis.com\/wp-content\/uploads\/2022\/01\/05-300x300.png 300w, https:\/\/restonsunis.com\/wp-content\/uploads\/2022\/01\/05-150x150.png 150w, https:\/\/restonsunis.com\/wp-content\/uploads\/2022\/01\/05-768x768.png 768w, https:\/\/restonsunis.com\/wp-content\/uploads\/2022\/01\/05-67x67.png 67w, https:\/\/restonsunis.com\/wp-content\/uploads\/2022\/01\/05.png 1080w\" sizes=\"auto, (max-width: 1024px) 100vw, 1024px\" \/><\/figure>\n\n\n\n<h2 class=\"wp-block-heading\">I. <strong>Le d\u00e9sir de Dieu<\/strong><\/h2>\n\n\n\n<h3 class=\"wp-block-heading\"><strong><em>#<strong><em>5 <strong><em>Tous les peuples<\/em><\/strong><\/em><\/strong><\/em><\/strong><\/h3>\n\n\n\n<p><em>\u00ab&nbsp;Quand tous les peuples s\u2019assembleront, Et tous les royaumes, pour servir l\u2019\u00c9ternel.&nbsp;\u00bb Psaume 102:22<\/em><\/p>\n\n\n\n<p>L\u2019\u00c9ternel n\u2019est pas le Dieu d\u2019une seule nation, il ne l\u2019a jamais \u00e9t\u00e9. S\u2019il a conclu une alliance avec Abraham et ses descendants, ce n\u2019est pas pour exclure les autres peuples. Comme nous l\u2019avons d\u00e9j\u00e0 dit pr\u00e9c\u00e9demment, Isra\u00ebl devait \u00eatre un puissant t\u00e9moin de la grandeur de Dieu, un exemple d\u2019ob\u00e9issance, de fid\u00e9lit\u00e9 et de service dans le but de conduire les nations \u00e0 l\u2019\u00c9ternel. Mais le lecteur de l\u2019Ancien Testament sait que le peuple de Dieu s\u2019est bien souvent \u00e9gar\u00e9.&nbsp;<\/p>\n\n\n\n<p>Je crois qu\u2019Isra\u00ebl a oubli\u00e9 sa raison d\u2019\u00eatre, de la m\u00eame mani\u00e8re que le chr\u00e9tien, appel\u00e9 \u00e0 \u00eatre un lumi\u00e8re pour le monde, pourrait facilement oublier le plan de Dieu qui <em>\u00ab&nbsp;du haut de sa demeure sainte [\u2026] observe la terre<\/em> <em>pour \u00e9couter les g\u00e9missements des prisonniers, pour d\u00e9livrer ceux qui sont destin\u00e9s \u00e0 la mort.&nbsp;On proclamera dans Sion le nom de l\u2019\u00c9ternel, et ses louanges dans J\u00e9rusalem, quand tous les peuples et tous les royaumes se rassembleront pour servir l\u2019\u00c9ternel.&nbsp;\u00bb<\/em><\/p>\n\n\n\n<p>La vie d\u2019ob\u00e9issance, de fid\u00e9lit\u00e9 et de service du chr\u00e9tien participe au plan de Dieu pour l\u2019humanit\u00e9.&nbsp;<\/p>\n\n\n\n<p><strong><em>Seigneur, place en moi le d\u00e9sir de voir les nations te servir et dispose mon c\u0153ur \u00e0 comprendre que ma vie est un puissant t\u00e9moignage.<\/em><\/strong><\/p>\n\n\n\n<h3 class=\"wp-block-heading\"><em>R\u00e9flexion :<\/em><\/h3>\n\n\n\n<p><em>En quoi la raison d\u2019\u00eatre du peuple d\u2019Isra\u00ebl n\u2019est pas si diff\u00e9rente que celle des chr\u00e9tiens ?<\/em><\/p>\n\n\n\n<p><em>Se pourrait-il que nous ayons n\u00e9glig\u00e9 le meilleur outil d\u2019\u00e9vang\u00e9lisation \u00e0 notre disposition&nbsp;: notre mode de vie&nbsp;?<\/em><\/p>\n\n\n\n<p><em>Nous disons souvent que le monde nous observe, est-ce r\u00e9ellement le cas, collectivement et individuellement ?<\/em><\/p>\n\n\n\n<p class=\"has-text-align-center\"><strong><em>&#8220;\u00c0 l&#8217;aube du sabbat&#8221;  est une pens\u00e9e qui interroge sur notre vocation en tant que disciples.<\/em><\/strong><\/p>\n\n\n\n<p class=\"has-text-align-center\"><em><strong>Elle est \u00e9crite et publi\u00e9e par le d\u00e9partement des communications de la FEAR (F\u00e9d\u00e9ration des \u00c9glises Adventistes de La R\u00e9union). <\/strong><\/em><\/p>\n","protected":false},"excerpt":{"rendered":"<p>I. Le d\u00e9sir de Dieu #5 Tous les peuples \u00ab&nbsp;Quand tous les peuples s\u2019assembleront, Et tous les&hellip;<\/p>\n","protected":false},"author":1,"featured_media":0,"comment_status":"closed","ping_status":"open","sticky":false,"template":"","format":"standard","meta":{"footnotes":""},"categories":[117],"tags":[115,116],"class_list":["post-7234","post","type-post","status-publish","format-standard","hentry","category-a-laube-du-sabbat","tag-commencement-de-sabbat","tag-meditation","no-margin"],"_links":{"self":[{"href":"https:\/\/restonsunis.com\/index.php\/wp-json\/wp\/v2\/posts\/7234","targetHints":{"allow":["GET"]}}],"collection":[{"href":"https:\/\/restonsunis.com\/index.php\/wp-json\/wp\/v2\/posts"}],"about":[{"href":"https:\/\/restonsunis.com\/index.php\/wp-json\/wp\/v2\/types\/post"}],"author":[{"embeddable":true,"href":"https:\/\/restonsunis.com\/index.php\/wp-json\/wp\/v2\/users\/1"}],"replies":[{"embeddable":true,"href":"https:\/\/restonsunis.com\/index.php\/wp-json\/wp\/v2\/comments?post=7234"}],"version-history":[{"count":1,"href":"https:\/\/restonsunis.com\/index.php\/wp-json\/wp\/v2\/posts\/7234\/revisions"}],"predecessor-version":[{"id":7237,"href":"https:\/\/restonsunis.com\/index.php\/wp-json\/wp\/v2\/posts\/7234\/revisions\/7237"}],"wp:attachment":[{"href":"https:\/\/restonsunis.com\/index.php\/wp-json\/wp\/v2\/media?parent=7234"}],"wp:term":[{"taxonomy":"category","embeddable":true,"href":"https:\/\/restonsunis.com\/index.php\/wp-json\/wp\/v2\/categories?post=7234"},{"taxonomy":"post_tag","embeddable":true,"href":"https:\/\/restonsunis.com\/index.php\/wp-json\/wp\/v2\/tags?post=7234"}],"curies":[{"name":"wp","href":"https:\/\/api.w.org\/{rel}","templated":true}]}}