{"id":7306,"date":"2022-01-31T06:00:00","date_gmt":"2022-01-31T02:00:00","guid":{"rendered":"https:\/\/restonsunis.com\/?p=7306"},"modified":"2022-01-31T12:19:34","modified_gmt":"2022-01-31T08:19:34","slug":"365-jours-avec-jesus-30-janvier-il-faut-quil-croisse","status":"publish","type":"post","link":"https:\/\/restonsunis.com\/index.php\/2022\/01\/31\/365-jours-avec-jesus-30-janvier-il-faut-quil-croisse\/","title":{"rendered":"365 jours avec J\u00e9sus &#8211; 31 janvier : Il faut qu&#8217;il croisse"},"content":{"rendered":"\n<figure class=\"wp-block-image size-large\"><img loading=\"lazy\" decoding=\"async\" width=\"1024\" height=\"1024\" src=\"https:\/\/restonsunis.com\/wp-content\/uploads\/2022\/01\/01-31-1024x1024.png\" alt=\"\" class=\"wp-image-7307\" srcset=\"https:\/\/restonsunis.com\/wp-content\/uploads\/2022\/01\/01-31-1024x1024.png 1024w, https:\/\/restonsunis.com\/wp-content\/uploads\/2022\/01\/01-31-300x300.png 300w, https:\/\/restonsunis.com\/wp-content\/uploads\/2022\/01\/01-31-150x150.png 150w, https:\/\/restonsunis.com\/wp-content\/uploads\/2022\/01\/01-31-768x768.png 768w, https:\/\/restonsunis.com\/wp-content\/uploads\/2022\/01\/01-31-67x67.png 67w, https:\/\/restonsunis.com\/wp-content\/uploads\/2022\/01\/01-31.png 1080w\" sizes=\"auto, (max-width: 1024px) 100vw, 1024px\" \/><\/figure>\n\n\n\n<figure class=\"wp-block-table is-style-stripes\"><table><thead><tr><th class=\"has-text-align-center\" data-align=\"center\">Selon Matthieu<\/th><th class=\"has-text-align-center\" data-align=\"center\"><meta charset=\"utf-8\">Selon Marc<\/th><th class=\"has-text-align-center\" data-align=\"center\"><meta charset=\"utf-8\">Selon Luc<\/th><th class=\"has-text-align-center\" data-align=\"center\"><meta charset=\"utf-8\">Selon Jean<\/th><\/tr><\/thead><tbody><tr><td class=\"has-text-align-center\" data-align=\"center\">Mt 4.2<\/td><td class=\"has-text-align-center\" data-align=\"center\">Mc 1.14<\/td><td class=\"has-text-align-center\" data-align=\"center\">Lc 3.19-20<\/td><td class=\"has-text-align-center\" data-align=\"center\">Jean 3.22-36<\/td><\/tr><\/tbody><\/table><\/figure>\n\n\n\n<h3 class=\"wp-block-heading\">Esprit de proph\u00e9tie<\/h3>\n\n\n\n<h4 class=\"wp-block-heading\">J\u00e9sus-Christ, Chapitre 18 (pp 160.3-161.2)<\/h4>\n\n\n\n<p>Les disciples de Jean lui \u00e9nonc\u00e8rent leurs griefs en ces termes: \u201cRabbi, celui qui \u00e9tait avec toi au-del\u00e0 du Jourdain et \u00e0 qui tu as rendu t\u00e9moignage, voici qu\u2019il baptise et que tous vont \u00e0 lui.\u201d Par ces paroles Satan voulait tenter Jean. Bien que la mission de Jean f\u00fbt sur le point de se terminer, il avait encore la possibilit\u00e9 de faire obstacle \u00e0 l\u2019\u0153uvre du Christ. S\u2019il s\u2019\u00e9tait pris en piti\u00e9, s\u2019il avait exprim\u00e9 un chagrin ou un d\u00e9sappointement \u00e0 la pens\u00e9e de se voir supplant\u00e9, il e\u00fbt jet\u00e9 des semences de dissension, il e\u00fbt encourag\u00e9 des sentiments d\u2019envie et de jalousie, il e\u00fbt g\u00ean\u00e9 s\u00e9rieusement les progr\u00e8s de l\u2019Evangile.<\/p>\n\n\n\n<p>Par nature Jean partageait les fautes et les faiblesses inh\u00e9rentes \u00e0 l\u2019humanit\u00e9, mais l\u2019attouchement de l\u2019amour divin l\u2019avait transform\u00e9. Il demeurait dans une atmosph\u00e8re exempte d\u2019\u00e9go\u00efsme et d\u2019ambition, il se pla\u00e7ait bien au-dessus des miasmes de la jalousie. Loin d\u2019approuver le m\u00e9contentement de ses disciples, il montra clairement qu\u2019il avait une juste compr\u00e9hension de sa relation avec le Messie, et qu\u2019il accueillait avec bonheur celui auquel il avait pr\u00e9par\u00e9 la voie.<\/p>\n\n\n\n<p>Il dit: \u201cUn homme ne peut recevoir que ce qui lui a \u00e9t\u00e9 donn\u00e9 du ciel. Vous-m\u00eames m\u2019\u00eates t\u00e9moins que j\u2019ai dit: Moi, je ne suis pas le Christ, mais j\u2019ai \u00e9t\u00e9 envoy\u00e9 devant lui. Celui qui a l\u2019\u00e9pouse, c\u2019est l\u2019\u00e9poux; mais l\u2019ami de l\u2019\u00e9poux qui se tient l\u00e0 et qui l\u2019entend, \u00e9prouve une grande joie \u00e0 cause de la voix de l\u2019\u00e9poux.\u201d Jean se comparait \u00e0 l\u2019ami qui servait d\u2019interm\u00e9diaire entre les fianc\u00e9s, ouvrant la voie au mariage. La mission de l\u2019ami prenait fin quand l\u2019\u00e9poux avait re\u00e7u son \u00e9pouse. Il ne lui restait plus qu\u2019\u00e0 se r\u00e9jouir du bonheur qu\u2019il avait procur\u00e9 par cette union. De m\u00eame, Jean avait \u00e9t\u00e9 envoy\u00e9 pour amener les \u00e2mes \u00e0 J\u00e9sus et il assistait avec joie au succ\u00e8s de l\u2019\u0153uvre du Sauveur. Il ajouta: \u201cAussi cette joie qui est la mienne est \u00e0 son comble. Il faut qu\u2019il croisse et que je diminue.\u201d<\/p>\n\n\n\n<p>&#8230;<\/p>\n\n\n\n<p class=\"has-text-align-center\"><em><strong>Pour poursuivre l&#8217;\u00e9tude lire le chapitre 18 du livre J\u00e9sus-Christ d&#8217;Ellen G. White<\/strong><\/em> :<\/p>\n\n\n\n<div class=\"wp-block-buttons is-content-justification-center is-layout-flex wp-block-buttons-is-layout-flex\">\n<div class=\"wp-block-button\"><a class=\"wp-block-button__link has-pale-cyan-blue-background-color has-background\" href=\"https:\/\/egwwritings.org\/read?panels=p187.801&amp;index=0\" target=\"_blank\" rel=\"noreferrer noopener\">Poursuivre la lecture<\/a><\/div>\n<\/div>\n\n\n\n<hr class=\"wp-block-separator\"\/>\n\n\n\n<p class=\"has-text-align-center\"><em><strong>365 jours avec J\u00e9sus est une compilation de Merle Poirier, gestionnaire des op\u00e9rations de AdventistWorld.<\/strong><\/em><\/p>\n","protected":false},"excerpt":{"rendered":"<p>Selon Matthieu Selon Marc Selon Luc Selon Jean Mt 4.2 Mc 1.14 Lc 3.19-20 Jean 3.22-36 Esprit&hellip;<\/p>\n","protected":false},"author":1,"featured_media":0,"comment_status":"closed","ping_status":"open","sticky":false,"template":"","format":"standard","meta":{"footnotes":""},"categories":[112,45],"tags":[113,114,53,52],"class_list":["post-7306","post","type-post","status-publish","format-standard","hentry","category-365-jours-avec-jesus","category-meditations-quotidiennes","tag-ellen-white","tag-jesus","tag-meditation-quotidienne","tag-vigile-matinale","no-margin"],"_links":{"self":[{"href":"https:\/\/restonsunis.com\/index.php\/wp-json\/wp\/v2\/posts\/7306","targetHints":{"allow":["GET"]}}],"collection":[{"href":"https:\/\/restonsunis.com\/index.php\/wp-json\/wp\/v2\/posts"}],"about":[{"href":"https:\/\/restonsunis.com\/index.php\/wp-json\/wp\/v2\/types\/post"}],"author":[{"embeddable":true,"href":"https:\/\/restonsunis.com\/index.php\/wp-json\/wp\/v2\/users\/1"}],"replies":[{"embeddable":true,"href":"https:\/\/restonsunis.com\/index.php\/wp-json\/wp\/v2\/comments?post=7306"}],"version-history":[{"count":2,"href":"https:\/\/restonsunis.com\/index.php\/wp-json\/wp\/v2\/posts\/7306\/revisions"}],"predecessor-version":[{"id":7312,"href":"https:\/\/restonsunis.com\/index.php\/wp-json\/wp\/v2\/posts\/7306\/revisions\/7312"}],"wp:attachment":[{"href":"https:\/\/restonsunis.com\/index.php\/wp-json\/wp\/v2\/media?parent=7306"}],"wp:term":[{"taxonomy":"category","embeddable":true,"href":"https:\/\/restonsunis.com\/index.php\/wp-json\/wp\/v2\/categories?post=7306"},{"taxonomy":"post_tag","embeddable":true,"href":"https:\/\/restonsunis.com\/index.php\/wp-json\/wp\/v2\/tags?post=7306"}],"curies":[{"name":"wp","href":"https:\/\/api.w.org\/{rel}","templated":true}]}}