{"id":7352,"date":"2022-02-04T18:00:00","date_gmt":"2022-02-04T14:00:00","guid":{"rendered":"https:\/\/restonsunis.com\/?p=7352"},"modified":"2022-02-04T07:15:21","modified_gmt":"2022-02-04T03:15:21","slug":"laube-du-sabbat-raison-detre","status":"publish","type":"post","link":"https:\/\/restonsunis.com\/index.php\/2022\/02\/04\/laube-du-sabbat-raison-detre\/","title":{"rendered":"L&#8217;aube du Sabbat : Raison d&#8217;\u00eatre"},"content":{"rendered":"\n<figure class=\"wp-block-image size-large\"><img loading=\"lazy\" decoding=\"async\" width=\"1024\" height=\"1024\" src=\"https:\/\/restonsunis.com\/wp-content\/uploads\/2022\/02\/06-1024x1024.png\" alt=\"\" class=\"wp-image-7353\" srcset=\"https:\/\/restonsunis.com\/wp-content\/uploads\/2022\/02\/06-1024x1024.png 1024w, https:\/\/restonsunis.com\/wp-content\/uploads\/2022\/02\/06-300x300.png 300w, https:\/\/restonsunis.com\/wp-content\/uploads\/2022\/02\/06-150x150.png 150w, https:\/\/restonsunis.com\/wp-content\/uploads\/2022\/02\/06-768x768.png 768w, https:\/\/restonsunis.com\/wp-content\/uploads\/2022\/02\/06-67x67.png 67w, https:\/\/restonsunis.com\/wp-content\/uploads\/2022\/02\/06.png 1080w\" sizes=\"auto, (max-width: 1024px) 100vw, 1024px\" \/><\/figure>\n\n\n\n<h2 class=\"wp-block-heading\">I. <strong>Le d\u00e9sir de Dieu<\/strong><\/h2>\n\n\n\n<h3 class=\"wp-block-heading\"><strong><em>#<strong><em>6 Raison d&#8217;\u00eatre<\/em><\/strong><\/em><\/strong><\/h3>\n\n\n\n<p><em>\u00ab&nbsp;Je ferai de toi une grande nation, je te b\u00e9nirai, je rendrai ton nom grand et tu seras une source de b\u00e9n\u00e9diction.&nbsp;\u00bb Gen\u00e8se 12:2<\/em><\/p>\n\n\n\n<p>Dans l\u2019\u00e9p\u00eetre aux Galates, Paul pr\u00e9sente le chr\u00e9tien comme la <em>\u00ab&nbsp;descendance d\u2019Abraham&nbsp;\u00bb<\/em> et ses <em>\u00ab&nbsp;h\u00e9ritiers&nbsp;\u00bb (Galates 3:29). <\/em>Nous savons d\u00e9j\u00e0 que le Seigneur n\u2019a pas choisi Abraham pour constituer un peuple et un salut exclusifs. La nation qu\u2019il forma d\u2019Abraham devait \u00eatre <em>\u00ab&nbsp;une source de b\u00e9n\u00e9diction&nbsp;\u00bb<\/em> pour <em>\u00ab&nbsp;toutes les familles de la terre&nbsp;\u00bb (Gen\u00e8se 12:2,3<\/em>).&nbsp;<\/p>\n\n\n\n<p>En qualit\u00e9 de descendant d\u2019Abraham, ne devrions-nous pas poursuivre le m\u00eame but&nbsp;? Si l\u2019ambition de Dieu est de sauver l\u2019humanit\u00e9, nous devons participer \u00e0 cette \u0153uvre en \u00e9tant une source de b\u00e9n\u00e9diction pour nos proches.<\/p>\n\n\n\n<p>Depuis mercredi, le cyclone Batsira\u00ef ravage notre \u00eele. Il laissera derri\u00e8re lui des d\u00e9g\u00e2ts de tout genre. Et c\u2019est dans ce contexte que le peuple de Dieu doit naturellement \u00eatre une b\u00e9n\u00e9diction pour <em>\u00ab&nbsp;toutes les familles de la terre&nbsp;\u00bb, <\/em>chacun l\u00e0 o\u00f9 il se trouve.<\/p>\n\n\n\n<p>Et si nous regardions au-del\u00e0 de nos propres besoins pour nous soucier aussi de ceux de notre prochain. N\u2019est-ce pas l\u00e0 notre raison d\u2019\u00eatre&nbsp;? Si nous ne sommes pas une source de b\u00e9n\u00e9diction dans les moments difficiles, quand le serons-nous ?<\/p>\n\n\n\n<p><strong><em>Seigneur, aide-moi \u00e0 partager ton amour pour l\u2019humanit\u00e9, car je veux \u00eatre une source de b\u00e9n\u00e9diction pour ta gloire.<\/em><\/strong><\/p>\n\n\n\n<h3 class=\"wp-block-heading\"><em>R\u00e9flexion :<\/em><\/h3>\n\n\n\n<p><em>Comment le mode de vie du chr\u00e9tien peut-il impacter concr\u00e8tement le quotidien des autres&nbsp;? En quoi la vie de J\u00e9sus peut-elle nous aider \u00e0 comprendre ce que Dieu attend de nous&nbsp;?<\/em><\/p>\n\n\n\n<p><em>Au milieu des cyclones, le chr\u00e9tien ne devait-il pas \u00eatre un phare qui rassure et une bou\u00e9e qui secoure&nbsp;? Pouvons-nous le devenir apr\u00e8s la temp\u00eate qui a frapp\u00e9 notre \u00eele&nbsp;?<\/em><\/p>\n\n\n\n<p><em>Comment pourrions-nous \u00eatre une source de b\u00e9n\u00e9diction pour ceux qui nous c\u00f4toient de pr\u00e8s et m\u00eame de loin ?<\/em><\/p>\n\n\n\n<p class=\"has-text-align-center\"><strong><em>&#8220;\u00c0 l&#8217;aube du sabbat&#8221;  est une pens\u00e9e qui interroge sur notre vocation en tant que disciples.<\/em><\/strong><\/p>\n\n\n\n<p class=\"has-text-align-center\"><em><strong>Elle est \u00e9crite et publi\u00e9e par le d\u00e9partement des communications de la FEAR (F\u00e9d\u00e9ration des \u00c9glises Adventistes de La R\u00e9union). <\/strong><\/em><\/p>\n","protected":false},"excerpt":{"rendered":"<p>I. Le d\u00e9sir de Dieu #6 Raison d&#8217;\u00eatre \u00ab&nbsp;Je ferai de toi une grande nation, je te&hellip;<\/p>\n","protected":false},"author":1,"featured_media":0,"comment_status":"closed","ping_status":"open","sticky":false,"template":"","format":"standard","meta":{"footnotes":""},"categories":[117],"tags":[115,116],"class_list":["post-7352","post","type-post","status-publish","format-standard","hentry","category-a-laube-du-sabbat","tag-commencement-de-sabbat","tag-meditation","no-margin"],"_links":{"self":[{"href":"https:\/\/restonsunis.com\/index.php\/wp-json\/wp\/v2\/posts\/7352","targetHints":{"allow":["GET"]}}],"collection":[{"href":"https:\/\/restonsunis.com\/index.php\/wp-json\/wp\/v2\/posts"}],"about":[{"href":"https:\/\/restonsunis.com\/index.php\/wp-json\/wp\/v2\/types\/post"}],"author":[{"embeddable":true,"href":"https:\/\/restonsunis.com\/index.php\/wp-json\/wp\/v2\/users\/1"}],"replies":[{"embeddable":true,"href":"https:\/\/restonsunis.com\/index.php\/wp-json\/wp\/v2\/comments?post=7352"}],"version-history":[{"count":1,"href":"https:\/\/restonsunis.com\/index.php\/wp-json\/wp\/v2\/posts\/7352\/revisions"}],"predecessor-version":[{"id":7354,"href":"https:\/\/restonsunis.com\/index.php\/wp-json\/wp\/v2\/posts\/7352\/revisions\/7354"}],"wp:attachment":[{"href":"https:\/\/restonsunis.com\/index.php\/wp-json\/wp\/v2\/media?parent=7352"}],"wp:term":[{"taxonomy":"category","embeddable":true,"href":"https:\/\/restonsunis.com\/index.php\/wp-json\/wp\/v2\/categories?post=7352"},{"taxonomy":"post_tag","embeddable":true,"href":"https:\/\/restonsunis.com\/index.php\/wp-json\/wp\/v2\/tags?post=7352"}],"curies":[{"name":"wp","href":"https:\/\/api.w.org\/{rel}","templated":true}]}}