{"id":7388,"date":"2022-02-07T06:08:03","date_gmt":"2022-02-07T02:08:03","guid":{"rendered":"https:\/\/restonsunis.com\/?p=7388"},"modified":"2022-02-07T08:02:39","modified_gmt":"2022-02-07T04:02:39","slug":"365-jours-avec-jesus-6-fevrier-le-royaume-de-dieu-est-proche-2","status":"publish","type":"post","link":"https:\/\/restonsunis.com\/index.php\/2022\/02\/07\/365-jours-avec-jesus-6-fevrier-le-royaume-de-dieu-est-proche-2\/","title":{"rendered":"365 jours avec J\u00e9sus &#8211; 7 f\u00e9vrier : Le royaume de Dieu est proche (2)"},"content":{"rendered":"\n<figure class=\"wp-block-image size-large\"><img loading=\"lazy\" decoding=\"async\" width=\"1024\" height=\"1024\" src=\"https:\/\/restonsunis.com\/wp-content\/uploads\/2022\/02\/02-07-1024x1024.png\" alt=\"\" class=\"wp-image-7389\" srcset=\"https:\/\/restonsunis.com\/wp-content\/uploads\/2022\/02\/02-07-1024x1024.png 1024w, https:\/\/restonsunis.com\/wp-content\/uploads\/2022\/02\/02-07-300x300.png 300w, https:\/\/restonsunis.com\/wp-content\/uploads\/2022\/02\/02-07-150x150.png 150w, https:\/\/restonsunis.com\/wp-content\/uploads\/2022\/02\/02-07-768x768.png 768w, https:\/\/restonsunis.com\/wp-content\/uploads\/2022\/02\/02-07-67x67.png 67w, https:\/\/restonsunis.com\/wp-content\/uploads\/2022\/02\/02-07.png 1080w\" sizes=\"auto, (max-width: 1024px) 100vw, 1024px\" \/><\/figure>\n\n\n\n<figure class=\"wp-block-table is-style-stripes\"><table><thead><tr><th class=\"has-text-align-center\" data-align=\"center\">Selon Matthieu<\/th><th class=\"has-text-align-center\" data-align=\"center\"><meta charset=\"utf-8\">Selon Marc<\/th><th class=\"has-text-align-center\" data-align=\"center\"><meta charset=\"utf-8\">Selon Luc<\/th><th class=\"has-text-align-center\" data-align=\"center\"><meta charset=\"utf-8\">Selon Jean<\/th><\/tr><\/thead><tbody><tr><td class=\"has-text-align-center\" data-align=\"center\">Mt 8.14-17<\/td><td class=\"has-text-align-center\" data-align=\"center\">Mc 1.21-38<\/td><td class=\"has-text-align-center\" data-align=\"center\">Lc 4.31-44<\/td><td class=\"has-text-align-center\" data-align=\"center\">&#8211;<\/td><\/tr><\/tbody><\/table><\/figure>\n\n\n\n<h3 class=\"wp-block-heading\">Esprit de proph\u00e9tie<\/h3>\n\n\n\n<h4 class=\"wp-block-heading\">J\u00e9sus-Christ, Chapitre 23 (pp 215.1-216.5)<\/h4>\n\n\n\n<p>La pr\u00e9dication du Christ se r\u00e9sumait en ces mots: \u201cLe temps est accompli, et le royaume de Dieu est proche. Repentez-vous, et croyez \u00e0 l\u2019Evangile.\u201d Le message \u00e9vang\u00e9lique donn\u00e9 par le Sauveur avait sa base dans les proph\u00e9ties. Le \u201ctemps\u201d qu\u2019il disait accompli \u00e9tait la p\u00e9riode r\u00e9v\u00e9l\u00e9e \u00e0 Daniel par l\u2019ange Gabriel: \u201cSoixante-dix semaines ont \u00e9t\u00e9 fix\u00e9es comme terme \u00e0 ton peuple et \u00e0 ta ville sainte pour \u00e9teindre la r\u00e9bellion, mettre fin aux p\u00e9ch\u00e9s, effacer l\u2019iniquit\u00e9 et \u00e9tablir une justice \u00e9ternelle, de fa\u00e7on \u00e0 r\u00e9aliser la vision et la parole du proph\u00e8te et faire l\u2019onction du saint des saints.\u201d<sup>Daniel 9:24 (V. rabbinique).<\/sup> Un jour proph\u00e9tique vaut une ann\u00e9e.<sup>Voir Nombres 14:34; Ez\u00e9chiel 4:6.<\/sup> Les soixante-dix semaines, ou 490 jours, repr\u00e9sentent donc 490 ann\u00e9es. Le point de d\u00e9part de la p\u00e9riode est indiqu\u00e9: \u201cSache donc et comprends: depuis la sortie d\u2019une parole ordonnant de reb\u00e2tir J\u00e9rusalem jusqu\u2019\u00e0 un oint, un chef, il y a sept semaines, et soixante-deux semaines<sup>version Crampon.<\/sup> soixante-neuf semaines, ou 483 ans. Le d\u00e9cret ordonnant la reconstruction de J\u00e9rusalem, compl\u00e9t\u00e9 par Artaxerx\u00e8s Longue-main,<sup>Esdras 6:14; 7:1, 9.<\/sup> entra en vigueur en automne 457 av. J.-C. A partir de cette date, 483 ann\u00e9es nous am\u00e8nent \u00e0 l\u2019ann\u00e9e 27 de notre \u00e8re, en automne. Selon la proph\u00e9tie, cette p\u00e9riode aboutissait au Messie, l\u2019Oint. Lors de son bapt\u00eame, en l\u2019an 27, J\u00e9sus fut oint du Saint-Esprit et ne tarda pas \u00e0 commencer son minist\u00e8re.<\/p>\n\n\n\n<p>D\u00e8s lors s\u2019est produite la proclamation du message: \u201cLe temps est accompli.\u201d<\/p>\n\n\n\n<p>L\u2019ange avait ajout\u00e9: Il \u201cconclura une alliance ferme avec un grand nombre pendant une semaine\u201d, c\u2019est-\u00e0-dire sept ann\u00e9es litt\u00e9rales. Pendant ces sept ann\u00e9es, \u00e0 partir du commencement de son minist\u00e8re, l\u2019Evangile devait \u00eatre pr\u00each\u00e9 en particulier aux Juifs; par J\u00e9sus lui-m\u00eame pendant trois ann\u00e9es et demie, puis par les ap\u00f4tres.<\/p>\n\n\n\n<p>\u201cAu milieu de la semaine, il fera cesser le sacrifice et l\u2019oblation.\u201d<sup>Daniel 9:27.<\/sup> Au printemps de l\u2019ann\u00e9e 31, le Christ offrit le vrai sacrifice au Calvaire. A ce moment-l\u00e0 le voile du temple se d\u00e9chira en deux, ce qui montrait que le service des sacrifices avait perdu son caract\u00e8re sacr\u00e9 et sa signification. Le temps \u00e9tait venu o\u00f9 devaient cesser le sacrifice et l\u2019oblation.<\/p>\n\n\n\n<p>La derni\u00e8re semaine \u2014 sept ann\u00e9es \u2014 arriva \u00e0 son terme en l\u2019ann\u00e9e 34 de notre \u00e8re. La lapidation d\u2019Etienne mit le sceau au rejet de l\u2019Evangile par les Juifs; les disciples dispers\u00e9s par la pers\u00e9cution \u201callaient de lieu en lieu, en annon\u00e7ant la bonne nouvelle de la parole\u201d;<sup>Actes 8:4.<\/sup> bient\u00f4t Saul, le pers\u00e9cuteur, allait se convertir et devenir Paul, l\u2019ap\u00f4tre des Gentils.<\/p>\n\n\n\n<p>Le temps de la venue du Christ, son onction par le Saint-Esprit, sa mort et la proclamation de l\u2019Evangile aux Gentils \u00e9taient indiqu\u00e9s avec pr\u00e9cision. Le peuple juif avait l\u2019avantage de comprendre ces proph\u00e9ties et d\u2019en constater l\u2019accomplissement dans la mission de J\u00e9sus. Le Christ recommanda \u00e0 ses disciples d\u2019\u00e9tudier les proph\u00e9ties. Il dit: \u201cQue le lecteur comprenne.\u201d<sup>Matthieu 24:15.<\/sup> Apr\u00e8s sa r\u00e9surrection il expliqua aux disciples \u201cdans toutes les Ecritures ce qui le concernait\u201d.<sup>Luc 24:27.<\/sup> Le Sauveur avait parl\u00e9 par l\u2019interm\u00e9diaire de tous les proph\u00e8tes. \u201cL\u2019Esprit de Christ qui \u00e9tait en eux, &#8230; d\u2019avance, attestait les souffrances de Christ et la gloire qui s\u2019ensuivrait\u201d.<sup>1 Pierre 1:11<\/sup><\/p>\n\n\n\n<p>C\u2019est l\u2019ange Gabriel, qui occupe le premier rang apr\u00e8s le Fils de Dieu, qui avait apport\u00e9 \u00e0 Daniel le message divin. C\u2019est lui encore, \u201cson ange\u201d, que le Christ envoya \u00e0 Jean, le bien-aim\u00e9, pour lui d\u00e9voiler l\u2019avenir; et une b\u00e9n\u00e9diction est promise \u00e0 ceux qui lisent et \u00e9coutent les paroles de la proph\u00e9tie pour garder ce qui s\u2019y trouve \u00e9crit.<sup>Apocalypse 1:3.<\/sup><\/p>\n\n\n\n<p>\u201cLe Seigneur, l\u2019Eternel, n\u2019accomplit aucun de ses desseins qu\u2019il ne l\u2019ait d\u2019abord r\u00e9v\u00e9l\u00e9 \u00e0 ses serviteurs, les proph\u00e8tes.\u201d \u201cLes choses cach\u00e9es appartiennent \u00e0 l\u2019Eternel, notre Dieu; mais les choses r\u00e9v\u00e9l\u00e9es sont pour nous et pour nos enfants \u00e0 jamais.\u201d<sup>Amos 3:7; Deut\u00e9ronome 29:29.<\/sup> Ces choses Dieu nous les a donn\u00e9es; et sa b\u00e9n\u00e9diction accompagnera une \u00e9tude respectueuse des \u00e9critures proph\u00e9tiques, faite dans un esprit de pri\u00e8re.<\/p>\n\n\n\n<p class=\"has-text-align-center\"><em><strong>Pour poursuivre l&#8217;\u00e9tude lire le chapitre 23 du livre J\u00e9sus-Christ d&#8217;Ellen G. White<\/strong><\/em> :<\/p>\n\n\n\n<div class=\"wp-block-buttons is-content-justification-center is-layout-flex wp-block-buttons-is-layout-flex\">\n<div class=\"wp-block-button\"><a class=\"wp-block-button__link has-pale-cyan-blue-background-color has-background\" href=\"https:\/\/egwwritings.org\/read?panels=p187.1060(187.1065)&amp;index=0#highlight=187.1065|0\" target=\"_blank\" rel=\"noreferrer noopener\">Poursuivre la lecture<\/a><\/div>\n<\/div>\n\n\n\n<hr class=\"wp-block-separator\"\/>\n\n\n\n<p class=\"has-text-align-center\"><em><strong>365 jours avec J\u00e9sus est une compilation de Merle Poirier, gestionnaire des op\u00e9rations de AdventistWorld.<\/strong><\/em><\/p>\n","protected":false},"excerpt":{"rendered":"<p>Selon Matthieu Selon Marc Selon Luc Selon Jean Mt 8.14-17 Mc 1.21-38 Lc 4.31-44 &#8211; Esprit de&hellip;<\/p>\n","protected":false},"author":1,"featured_media":0,"comment_status":"closed","ping_status":"open","sticky":false,"template":"","format":"standard","meta":{"footnotes":""},"categories":[112,45],"tags":[113,114,53,52],"class_list":["post-7388","post","type-post","status-publish","format-standard","hentry","category-365-jours-avec-jesus","category-meditations-quotidiennes","tag-ellen-white","tag-jesus","tag-meditation-quotidienne","tag-vigile-matinale","no-margin"],"_links":{"self":[{"href":"https:\/\/restonsunis.com\/index.php\/wp-json\/wp\/v2\/posts\/7388","targetHints":{"allow":["GET"]}}],"collection":[{"href":"https:\/\/restonsunis.com\/index.php\/wp-json\/wp\/v2\/posts"}],"about":[{"href":"https:\/\/restonsunis.com\/index.php\/wp-json\/wp\/v2\/types\/post"}],"author":[{"embeddable":true,"href":"https:\/\/restonsunis.com\/index.php\/wp-json\/wp\/v2\/users\/1"}],"replies":[{"embeddable":true,"href":"https:\/\/restonsunis.com\/index.php\/wp-json\/wp\/v2\/comments?post=7388"}],"version-history":[{"count":2,"href":"https:\/\/restonsunis.com\/index.php\/wp-json\/wp\/v2\/posts\/7388\/revisions"}],"predecessor-version":[{"id":7393,"href":"https:\/\/restonsunis.com\/index.php\/wp-json\/wp\/v2\/posts\/7388\/revisions\/7393"}],"wp:attachment":[{"href":"https:\/\/restonsunis.com\/index.php\/wp-json\/wp\/v2\/media?parent=7388"}],"wp:term":[{"taxonomy":"category","embeddable":true,"href":"https:\/\/restonsunis.com\/index.php\/wp-json\/wp\/v2\/categories?post=7388"},{"taxonomy":"post_tag","embeddable":true,"href":"https:\/\/restonsunis.com\/index.php\/wp-json\/wp\/v2\/tags?post=7388"}],"curies":[{"name":"wp","href":"https:\/\/api.w.org\/{rel}","templated":true}]}}