{"id":7395,"date":"2022-02-08T06:11:36","date_gmt":"2022-02-08T02:11:36","guid":{"rendered":"https:\/\/restonsunis.com\/?p=7395"},"modified":"2022-02-08T06:18:11","modified_gmt":"2022-02-08T02:18:11","slug":"365-jours-avec-jesus-8-fevrier-le-royaume-de-dieu-est-proche-2","status":"publish","type":"post","link":"https:\/\/restonsunis.com\/index.php\/2022\/02\/08\/365-jours-avec-jesus-8-fevrier-le-royaume-de-dieu-est-proche-2\/","title":{"rendered":"365 jours avec J\u00e9sus &#8211; 8 f\u00e9vrier : L&#8217;appel des disciples"},"content":{"rendered":"\n<figure class=\"wp-block-image size-large\"><img loading=\"lazy\" decoding=\"async\" width=\"1024\" height=\"1024\" src=\"https:\/\/restonsunis.com\/wp-content\/uploads\/2022\/02\/02-08-1024x1024.png\" alt=\"\" class=\"wp-image-7396\" srcset=\"https:\/\/restonsunis.com\/wp-content\/uploads\/2022\/02\/02-08-1024x1024.png 1024w, https:\/\/restonsunis.com\/wp-content\/uploads\/2022\/02\/02-08-300x300.png 300w, https:\/\/restonsunis.com\/wp-content\/uploads\/2022\/02\/02-08-150x150.png 150w, https:\/\/restonsunis.com\/wp-content\/uploads\/2022\/02\/02-08-768x768.png 768w, https:\/\/restonsunis.com\/wp-content\/uploads\/2022\/02\/02-08-67x67.png 67w, https:\/\/restonsunis.com\/wp-content\/uploads\/2022\/02\/02-08.png 1080w\" sizes=\"auto, (max-width: 1024px) 100vw, 1024px\" \/><\/figure>\n\n\n\n<figure class=\"wp-block-table is-style-stripes\"><table><thead><tr><th class=\"has-text-align-center\" data-align=\"center\">Selon Matthieu<\/th><th class=\"has-text-align-center\" data-align=\"center\"><meta charset=\"utf-8\">Selon Marc<\/th><th class=\"has-text-align-center\" data-align=\"center\"><meta charset=\"utf-8\">Selon Luc<\/th><th class=\"has-text-align-center\" data-align=\"center\"><meta charset=\"utf-8\">Selon Jean<\/th><\/tr><\/thead><tbody><tr><td class=\"has-text-align-center\" data-align=\"center\">Mt 4.23-24<\/td><td class=\"has-text-align-center\" data-align=\"center\">Mc 1.39<\/td><td class=\"has-text-align-center\" data-align=\"center\">Lc 5.1-11<\/td><td class=\"has-text-align-center\" data-align=\"center\">&#8211;<\/td><\/tr><\/tbody><\/table><\/figure>\n\n\n\n<h3 class=\"wp-block-heading\">Esprit de proph\u00e9tie<\/h3>\n\n\n\n<h4 class=\"wp-block-heading\">J\u00e9sus-Christ, Chapitre 25 (pp 228.1-228.3)<\/h4>\n\n\n\n<p>Le jour se levait sur la mer de Galil\u00e9e. Les disciples, fatigu\u00e9s par une nuit d\u2019efforts inutiles, se trouvaient encore dans leurs barques. J\u00e9sus, venu au bord de l\u2019eau, esp\u00e9rait, \u00e0 cette heure matinale, trouver un peu de repos, loin de la foule qui l\u2019assi\u00e9geait constamment. Mais le peuple ne tarda pas \u00e0 se rassembler en si grand nombre autour de lui, qu\u2019il se vit press\u00e9 de tous c\u00f4t\u00e9s. Les disciples s\u2019\u00e9taient approch\u00e9s du rivage. Pour \u00e9chapper \u00e0 la multitude, J\u00e9sus entra dans la barque de Pierre et demanda \u00e0 celui-ci de s\u2019\u00e9loigner un peu. Ainsi il pouvait \u00eatre mieux vu et entendu de tous, et, de son bateau, il commen\u00e7a \u00e0 enseigner ceux qui se tenaient sur la plage.<\/p>\n\n\n\n<p>Quel spectacle s\u2019offrait \u00e0 la vue des anges: leur glorieux Commandant, assis dans une barque de p\u00eacheurs, balanc\u00e9 sans arr\u00eat par les vagues, occup\u00e9 \u00e0 proclamer la bonne nouvelle du salut \u00e0 la foule qui se pressait sur la rive! Celui que le ciel honore enseignait, en plein air et aux gens les plus ordinaires, les grandes v\u00e9rit\u00e9s concernant son royaume. A bien prendre, il n\u2019aurait pu choisir un champ de travail mieux adapt\u00e9. Le lac, les montagnes, les champs qui s\u2019\u00e9tendaient devant lui, le soleil inondant la terre de sa lumi\u00e8re, tout lui fournissait des objets aptes \u00e0 illustrer ses le\u00e7ons et \u00e0 les graver dans les esprits. Aucune de ces le\u00e7ons du Christ ne restait st\u00e9rile. Chaque message issu de ses l\u00e8vres apportait \u00e0 quelque \u00e2me la parole de la vie \u00e9ternelle.<\/p>\n\n\n\n<p>La foule grossissait de plus en plus. Des vieillards appuy\u00e9s sur leurs b\u00e2tons, de robustes paysans descendus des collines, des p\u00eacheurs habitu\u00e9s \u00e0 peiner sur le lac, des marchands et des rabbins, des riches et des savants, des personnes de tout \u00e2ge amenant avec elles des malades et des afflig\u00e9s, se pressaient pour entendre les paroles du Ma\u00eetre divin.<\/p>\n\n\n\n<p>&#8230;<\/p>\n\n\n\n<p class=\"has-text-align-center\"><em><strong>Pour poursuivre l&#8217;\u00e9tude lire le chapitre 25 du livre J\u00e9sus-Christ d&#8217;Ellen G. White<\/strong><\/em> :<\/p>\n\n\n\n<div class=\"wp-block-buttons is-content-justification-center is-layout-flex wp-block-buttons-is-layout-flex\">\n<div class=\"wp-block-button\"><a class=\"wp-block-button__link has-pale-cyan-blue-background-color has-background\" href=\"https:\/\/egwwritings.org\/read?panels=p187.1140(187.1143)&amp;index=0#highlight=187.1143|0\" target=\"_blank\" rel=\"noreferrer noopener\">Poursuivre la lecture<\/a><\/div>\n<\/div>\n\n\n\n<hr class=\"wp-block-separator\"\/>\n\n\n\n<p class=\"has-text-align-center\"><em><strong>365 jours avec J\u00e9sus est une compilation de Merle Poirier, gestionnaire des op\u00e9rations de AdventistWorld.<\/strong><\/em><\/p>\n","protected":false},"excerpt":{"rendered":"<p>Selon Matthieu Selon Marc Selon Luc Selon Jean Mt 4.23-24 Mc 1.39 Lc 5.1-11 &#8211; Esprit de&hellip;<\/p>\n","protected":false},"author":1,"featured_media":0,"comment_status":"closed","ping_status":"open","sticky":false,"template":"","format":"standard","meta":{"footnotes":""},"categories":[112,45],"tags":[113,114,53,52],"class_list":["post-7395","post","type-post","status-publish","format-standard","hentry","category-365-jours-avec-jesus","category-meditations-quotidiennes","tag-ellen-white","tag-jesus","tag-meditation-quotidienne","tag-vigile-matinale","no-margin"],"_links":{"self":[{"href":"https:\/\/restonsunis.com\/index.php\/wp-json\/wp\/v2\/posts\/7395","targetHints":{"allow":["GET"]}}],"collection":[{"href":"https:\/\/restonsunis.com\/index.php\/wp-json\/wp\/v2\/posts"}],"about":[{"href":"https:\/\/restonsunis.com\/index.php\/wp-json\/wp\/v2\/types\/post"}],"author":[{"embeddable":true,"href":"https:\/\/restonsunis.com\/index.php\/wp-json\/wp\/v2\/users\/1"}],"replies":[{"embeddable":true,"href":"https:\/\/restonsunis.com\/index.php\/wp-json\/wp\/v2\/comments?post=7395"}],"version-history":[{"count":2,"href":"https:\/\/restonsunis.com\/index.php\/wp-json\/wp\/v2\/posts\/7395\/revisions"}],"predecessor-version":[{"id":7398,"href":"https:\/\/restonsunis.com\/index.php\/wp-json\/wp\/v2\/posts\/7395\/revisions\/7398"}],"wp:attachment":[{"href":"https:\/\/restonsunis.com\/index.php\/wp-json\/wp\/v2\/media?parent=7395"}],"wp:term":[{"taxonomy":"category","embeddable":true,"href":"https:\/\/restonsunis.com\/index.php\/wp-json\/wp\/v2\/categories?post=7395"},{"taxonomy":"post_tag","embeddable":true,"href":"https:\/\/restonsunis.com\/index.php\/wp-json\/wp\/v2\/tags?post=7395"}],"curies":[{"name":"wp","href":"https:\/\/api.w.org\/{rel}","templated":true}]}}