{"id":7399,"date":"2022-02-09T06:15:59","date_gmt":"2022-02-09T02:15:59","guid":{"rendered":"https:\/\/restonsunis.com\/?p=7399"},"modified":"2022-02-09T06:16:01","modified_gmt":"2022-02-09T02:16:01","slug":"365-jours-avec-jesus-9-fevrier-a-capernaum","status":"publish","type":"post","link":"https:\/\/restonsunis.com\/index.php\/2022\/02\/09\/365-jours-avec-jesus-9-fevrier-a-capernaum\/","title":{"rendered":"365 jours avec J\u00e9sus &#8211; 9 f\u00e9vrier :  \u00c0 Caperna\u00fcm"},"content":{"rendered":"\n<figure class=\"wp-block-image size-large\"><img loading=\"lazy\" decoding=\"async\" width=\"1024\" height=\"1024\" src=\"https:\/\/restonsunis.com\/wp-content\/uploads\/2022\/02\/02-09-1024x1024.png\" alt=\"\" class=\"wp-image-7400\" srcset=\"https:\/\/restonsunis.com\/wp-content\/uploads\/2022\/02\/02-09-1024x1024.png 1024w, https:\/\/restonsunis.com\/wp-content\/uploads\/2022\/02\/02-09-300x300.png 300w, https:\/\/restonsunis.com\/wp-content\/uploads\/2022\/02\/02-09-150x150.png 150w, https:\/\/restonsunis.com\/wp-content\/uploads\/2022\/02\/02-09-768x768.png 768w, https:\/\/restonsunis.com\/wp-content\/uploads\/2022\/02\/02-09-67x67.png 67w, https:\/\/restonsunis.com\/wp-content\/uploads\/2022\/02\/02-09.png 1080w\" sizes=\"auto, (max-width: 1024px) 100vw, 1024px\" \/><\/figure>\n\n\n\n<figure class=\"wp-block-table is-style-stripes\"><table><thead><tr><th class=\"has-text-align-center\" data-align=\"center\">Selon Matthieu<\/th><th class=\"has-text-align-center\" data-align=\"center\"><meta charset=\"utf-8\">Selon Marc<\/th><th class=\"has-text-align-center\" data-align=\"center\"><meta charset=\"utf-8\">Selon Luc<\/th><th class=\"has-text-align-center\" data-align=\"center\"><meta charset=\"utf-8\">Selon Jean<\/th><\/tr><\/thead><tbody><tr><td class=\"has-text-align-center\" data-align=\"center\">Mt 8.1-4<\/td><td class=\"has-text-align-center\" data-align=\"center\">Mc 1.40-45<\/td><td class=\"has-text-align-center\" data-align=\"center\">Lc 5.12-16<\/td><td class=\"has-text-align-center\" data-align=\"center\">&#8211;<\/td><\/tr><\/tbody><\/table><\/figure>\n\n\n\n<h3 class=\"wp-block-heading\">Esprit de proph\u00e9tie<\/h3>\n\n\n\n<h4 class=\"wp-block-heading\">J\u00e9sus-Christ, Chapitre 26 (pp 235.1-236.2)<\/h4>\n\n\n\n<p>Dans les intervalles qui s\u2019\u00e9coulaient entre ses divers voyages, J\u00e9sus demeurait \u00e0 Caperna\u00fcm; on finit par d\u00e9signer cette ville comme \u00e9tant sa propre ville. Elle \u00e9tait situ\u00e9e au bord de la mer de Galil\u00e9e, \u00e0 proximit\u00e9 de la magnifique plaine de G\u00e9n\u00e9sareth.<\/p>\n\n\n\n<p>La profonde d\u00e9pression du lac assure un climat m\u00e9ridional \u00e0 la plaine qui l\u2019entoure. Au temps du Christ on y voyait prosp\u00e9rer le palmier et l\u2019olivier; il y avait des vergers, des vignes, des champs verdoyants, une abondance de fleurs vari\u00e9es, le tout arros\u00e9 par des ruisseaux descendant des hauteurs. Les rives du lac et les collines voisines \u00e9taient \u00e9maill\u00e9es de villes et de villages. Le lac \u00e9tait couvert de barques de p\u00eache. Partout une vie active.<\/p>\n\n\n\n<p>Caperna\u00fcm convenait comme centre d\u2019activit\u00e9 pour le Sauveur. Situ\u00e9e sur la route qui va de Damas \u00e0 J\u00e9rusalem et en Egypte, ainsi que vers la mer M\u00e9diterran\u00e9e, c\u2019\u00e9tait un lieu de passage tr\u00e8s fr\u00e9quent\u00e9. Des gens venant de diff\u00e9rentes contr\u00e9es passaient par la ville ou s\u2019y arr\u00eataient au cours de leur voyage, pour s\u2019y reposer. J\u00e9sus y rencontrait des personnes appartenant \u00e0 toutes les nations et \u00e0 tous les rangs, des riches et des grands aussi bien que des pauvres et des humbles, et de l\u00e0 ses enseignements \u00e9taient transport\u00e9s dans d\u2019autres pays et dans beaucoup de familles. On \u00e9tait pouss\u00e9 \u00e0 \u00e9tudier les proph\u00e9ties, l\u2019attention se dirigeait vers le Sauveur, et le monde apprenait \u00e0 conna\u00eetre sa mission.<\/p>\n\n\n\n<p>Malgr\u00e9 l\u2019action intent\u00e9e contre J\u00e9sus par le sanh\u00e9drin, on attendait avec anxi\u00e9t\u00e9 la suite de sa mission. Le ciel tout entier \u00e9prouvait le plus vif int\u00e9r\u00eat. Des anges ouvraient la voie devant son minist\u00e8re, remuant les c\u0153urs et les attirant au Sauveur.<\/p>\n\n\n\n<p>A Caperna\u00fcm, le fils de l\u2019officier, qui avait \u00e9t\u00e9 gu\u00e9ri, \u00e9tait un t\u00e9moignage rendu \u00e0 la puissance du Christ. Le fonctionnaire et sa famille affirmaient joyeusement leur foi. Quand on apprit l\u2019arriv\u00e9e du Ma\u00eetre, la ville enti\u00e8re fut \u00e9mue. Des foules accouraient en sa pr\u00e9sence. La synagogue fut tellement remplie, le jour du sabbat, que beaucoup de personnes durent s\u2019en retourner sans avoir trouv\u00e9 une place.<\/p>\n\n\n\n<p>Quand on entendait le Sauveur, \u201con \u00e9tait frapp\u00e9 de son enseignement; car il parlait avec autorit\u00e9\u201d. \u201cIl les enseignait comme quelqu\u2019un qui a autorit\u00e9, et non pas comme leurs scribes.\u201d<sup>Luc 4:32; Matthieu 7:29.<\/sup> L\u2019enseignement des scribes et des anciens \u00e9tait froid, formaliste, comme une le\u00e7on r\u00e9p\u00e9t\u00e9e machinalement. Chez eux la Parole de Dieu \u00e9tait d\u00e9pourvue de puissance vitale. Ils lui substituaient leurs propres id\u00e9es, leurs traditions. Aucune inspiration divine ne venait remuer leurs c\u0153urs ou ceux de leurs auditeurs pendant qu\u2019ils expliquaient la loi au cours de leurs services habituels.<\/p>\n\n\n\n<p>&#8230;<\/p>\n\n\n\n<p class=\"has-text-align-center\"><em><strong>Pour poursuivre l&#8217;\u00e9tude lire le chapitre 26 du livre J\u00e9sus-Christ d&#8217;Ellen G. White<\/strong><\/em> :<\/p>\n\n\n\n<div class=\"wp-block-buttons is-content-justification-center is-layout-flex wp-block-buttons-is-layout-flex\">\n<div class=\"wp-block-button\"><a class=\"wp-block-button__link has-pale-cyan-blue-background-color has-background\" href=\"https:\/\/egwwritings.org\/read?panels=p187.1177(187.1178)&amp;index=0#highlight=187.1178|0\" target=\"_blank\" rel=\"noreferrer noopener\">Poursuivre la lecture<\/a><\/div>\n<\/div>\n\n\n\n<hr class=\"wp-block-separator\"\/>\n\n\n\n<p class=\"has-text-align-center\"><em><strong>365 jours avec J\u00e9sus est une compilation de Merle Poirier, gestionnaire des op\u00e9rations de AdventistWorld.<\/strong><\/em><\/p>\n","protected":false},"excerpt":{"rendered":"<p>Selon Matthieu Selon Marc Selon Luc Selon Jean Mt 8.1-4 Mc 1.40-45 Lc 5.12-16 &#8211; Esprit de&hellip;<\/p>\n","protected":false},"author":1,"featured_media":0,"comment_status":"closed","ping_status":"open","sticky":false,"template":"","format":"standard","meta":{"footnotes":""},"categories":[112,45],"tags":[113,114,53,52],"class_list":["post-7399","post","type-post","status-publish","format-standard","hentry","category-365-jours-avec-jesus","category-meditations-quotidiennes","tag-ellen-white","tag-jesus","tag-meditation-quotidienne","tag-vigile-matinale","no-margin"],"_links":{"self":[{"href":"https:\/\/restonsunis.com\/index.php\/wp-json\/wp\/v2\/posts\/7399","targetHints":{"allow":["GET"]}}],"collection":[{"href":"https:\/\/restonsunis.com\/index.php\/wp-json\/wp\/v2\/posts"}],"about":[{"href":"https:\/\/restonsunis.com\/index.php\/wp-json\/wp\/v2\/types\/post"}],"author":[{"embeddable":true,"href":"https:\/\/restonsunis.com\/index.php\/wp-json\/wp\/v2\/users\/1"}],"replies":[{"embeddable":true,"href":"https:\/\/restonsunis.com\/index.php\/wp-json\/wp\/v2\/comments?post=7399"}],"version-history":[{"count":1,"href":"https:\/\/restonsunis.com\/index.php\/wp-json\/wp\/v2\/posts\/7399\/revisions"}],"predecessor-version":[{"id":7401,"href":"https:\/\/restonsunis.com\/index.php\/wp-json\/wp\/v2\/posts\/7399\/revisions\/7401"}],"wp:attachment":[{"href":"https:\/\/restonsunis.com\/index.php\/wp-json\/wp\/v2\/media?parent=7399"}],"wp:term":[{"taxonomy":"category","embeddable":true,"href":"https:\/\/restonsunis.com\/index.php\/wp-json\/wp\/v2\/categories?post=7399"},{"taxonomy":"post_tag","embeddable":true,"href":"https:\/\/restonsunis.com\/index.php\/wp-json\/wp\/v2\/tags?post=7399"}],"curies":[{"name":"wp","href":"https:\/\/api.w.org\/{rel}","templated":true}]}}