{"id":7402,"date":"2022-02-10T06:22:36","date_gmt":"2022-02-10T02:22:36","guid":{"rendered":"https:\/\/restonsunis.com\/?p=7402"},"modified":"2022-02-10T06:25:00","modified_gmt":"2022-02-10T02:25:00","slug":"365-jours-avec-jesus-10-fevrier-a-capernaum","status":"publish","type":"post","link":"https:\/\/restonsunis.com\/index.php\/2022\/02\/10\/365-jours-avec-jesus-10-fevrier-a-capernaum\/","title":{"rendered":"365 jours avec J\u00e9sus &#8211; 10 f\u00e9vrier :  \u00c0 Caperna\u00fcm (2)"},"content":{"rendered":"\n<figure class=\"wp-block-image size-large\"><img loading=\"lazy\" decoding=\"async\" width=\"1024\" height=\"1024\" src=\"https:\/\/restonsunis.com\/wp-content\/uploads\/2022\/02\/02-10-1024x1024.png\" alt=\"\" class=\"wp-image-7403\" srcset=\"https:\/\/restonsunis.com\/wp-content\/uploads\/2022\/02\/02-10-1024x1024.png 1024w, https:\/\/restonsunis.com\/wp-content\/uploads\/2022\/02\/02-10-300x300.png 300w, https:\/\/restonsunis.com\/wp-content\/uploads\/2022\/02\/02-10-150x150.png 150w, https:\/\/restonsunis.com\/wp-content\/uploads\/2022\/02\/02-10-768x768.png 768w, https:\/\/restonsunis.com\/wp-content\/uploads\/2022\/02\/02-10-67x67.png 67w, https:\/\/restonsunis.com\/wp-content\/uploads\/2022\/02\/02-10.png 1080w\" sizes=\"auto, (max-width: 1024px) 100vw, 1024px\" \/><\/figure>\n\n\n\n<figure class=\"wp-block-table is-style-stripes\"><table><thead><tr><th class=\"has-text-align-center\" data-align=\"center\">Selon Matthieu<\/th><th class=\"has-text-align-center\" data-align=\"center\"><meta charset=\"utf-8\">Selon Marc<\/th><th class=\"has-text-align-center\" data-align=\"center\"><meta charset=\"utf-8\">Selon Luc<\/th><th class=\"has-text-align-center\" data-align=\"center\"><meta charset=\"utf-8\">Selon Jean<\/th><\/tr><\/thead><tbody><tr><td class=\"has-text-align-center\" data-align=\"center\">Mt 8.1-4<\/td><td class=\"has-text-align-center\" data-align=\"center\">Mc 1.40-45<\/td><td class=\"has-text-align-center\" data-align=\"center\">Lc 5.12-16<\/td><td class=\"has-text-align-center\" data-align=\"center\">&#8211;<\/td><\/tr><\/tbody><\/table><\/figure>\n\n\n\n<h3 class=\"wp-block-heading\">Esprit de proph\u00e9tie<\/h3>\n\n\n\n<h4 class=\"wp-block-heading\">J\u00e9sus-Christ, Chapitre 26 (pp 236.2-237.1)<\/h4>\n\n\n\n<p>Quand on entendait le Sauveur, \u201con \u00e9tait frapp\u00e9 de son enseignement; car il parlait avec autorit\u00e9\u201d. \u201cIl les enseignait comme quelqu\u2019un qui a autorit\u00e9, et non pas comme leurs scribes.\u201d<sup>Luc 4:32; Matthieu 7:29.<\/sup> L\u2019enseignement des scribes et des anciens \u00e9tait froid, formaliste, comme une le\u00e7on r\u00e9p\u00e9t\u00e9e machinalement. Chez eux la Parole de Dieu \u00e9tait d\u00e9pourvue de puissance vitale. Ils lui substituaient leurs propres id\u00e9es, leurs traditions. Aucune inspiration divine ne venait remuer leurs c\u0153urs ou ceux de leurs auditeurs pendant qu\u2019ils expliquaient la loi au cours de leurs services habituels.<\/p>\n\n\n\n<p>J\u00e9sus ne s\u2019occupait nullement des sujets discut\u00e9s par les Juifs. Son r\u00f4le se bornait \u00e0 pr\u00e9senter la v\u00e9rit\u00e9. Ses paroles r\u00e9pandaient un flot de lumi\u00e8re sur les enseignements des patriarches et des proph\u00e8tes, et les Ecritures prenaient l\u2019allure d\u2019une r\u00e9v\u00e9lation toute nouvelle. Ses auditeurs n\u2019avaient encore jamais aper\u00e7u, auparavant, la signification profonde de la Parole de Dieu.<\/p>\n\n\n\n<p>J\u00e9sus se pla\u00e7ait au niveau de ses auditeurs et montrait que leurs probl\u00e8mes lui \u00e9taient familiers. Il faisait ressortir la beaut\u00e9 de la v\u00e9rit\u00e9 en la pr\u00e9sentant de la mani\u00e8re la plus directe et la plus simple. Son langage \u00e9tait pur, distingu\u00e9, clair comme le cristal. Sa voix faisait l\u2019effet d\u2019une douce musique sur ceux qui \u00e9taient habitu\u00e9s \u00e0 la voix monotone des rabbins. Malgr\u00e9 la simplicit\u00e9 de son enseignement, il parlait comme ayant autorit\u00e9, ce qui \u00e9tablissait un contraste avec l\u2019enseignement donn\u00e9 par d\u2019autres docteurs. Les rabbins s\u2019exprimaient avec des doutes et de l\u2019h\u00e9sitation, comme si les Ecritures \u00e9taient susceptibles d\u2019interpr\u00e9tations oppos\u00e9es. Leurs auditeurs \u00e9taient dans une incertitude croissante. Mais J\u00e9sus enseignait les Ecritures en leur attribuant une autorit\u00e9 indiscutable. Quel que f\u00fbt le sujet, il le pr\u00e9sentait avec puissance, et ses arguments \u00e9taient irr\u00e9futables.<\/p>\n\n\n\n<p>Il \u00e9tait plus fervent que v\u00e9h\u00e9ment. Il parlait comme ayant une t\u00e2che bien d\u00e9finie \u00e0 remplir. Il mettait en lumi\u00e8re les r\u00e9alit\u00e9s du monde \u00e9ternel. Dieu se trouvait r\u00e9v\u00e9l\u00e9 dans chaque th\u00e8me. J\u00e9sus s\u2019effor\u00e7ait de rompre le charme qui retenait les hommes absorb\u00e9s par les choses de la terre. Il montrait les choses de la vie dans leurs vrais rapports, les subordonnant aux int\u00e9r\u00eats \u00e9ternels, sans toutefois en m\u00e9conna\u00eetre l\u2019importance. Il montrait comment le ciel et la terre sont reli\u00e9s l\u2019un \u00e0 l\u2019autre, comment la connaissance de la v\u00e9rit\u00e9 divine pr\u00e9pare les hommes \u00e0 mieux accomplir leurs devoirs quotidiens. Il parlait comme quelqu\u2019un \u00e0 qui le ciel \u00e9tait familier, conscient de ses rapports avec Dieu ainsi que de son unit\u00e9 avec chaque membre de la famille humaine.<\/p>\n\n\n\n<p>&#8230;<\/p>\n\n\n\n<p class=\"has-text-align-center\"><em><strong>Pour poursuivre l&#8217;\u00e9tude lire le chapitre 26 du livre J\u00e9sus-Christ d&#8217;Ellen G. White<\/strong><\/em> :<\/p>\n\n\n\n<div class=\"wp-block-buttons is-content-justification-center is-layout-flex wp-block-buttons-is-layout-flex\">\n<div class=\"wp-block-button\"><a class=\"wp-block-button__link has-pale-cyan-blue-background-color has-background\" href=\"https:\/\/egwwritings.org\/read?panels=p187.1177(187.1178)&amp;index=0#highlight=187.1178|0\" target=\"_blank\" rel=\"noreferrer noopener\">Poursuivre la lecture<\/a><\/div>\n<\/div>\n\n\n\n<hr class=\"wp-block-separator\"\/>\n\n\n\n<p class=\"has-text-align-center\"><em><strong>365 jours avec J\u00e9sus est une compilation de Merle Poirier, gestionnaire des op\u00e9rations de AdventistWorld.<\/strong><\/em><\/p>\n","protected":false},"excerpt":{"rendered":"<p>Selon Matthieu Selon Marc Selon Luc Selon Jean Mt 8.1-4 Mc 1.40-45 Lc 5.12-16 &#8211; Esprit de&hellip;<\/p>\n","protected":false},"author":1,"featured_media":0,"comment_status":"closed","ping_status":"open","sticky":false,"template":"","format":"standard","meta":{"footnotes":""},"categories":[112,45],"tags":[113,114,53,52],"class_list":["post-7402","post","type-post","status-publish","format-standard","hentry","category-365-jours-avec-jesus","category-meditations-quotidiennes","tag-ellen-white","tag-jesus","tag-meditation-quotidienne","tag-vigile-matinale","no-margin"],"_links":{"self":[{"href":"https:\/\/restonsunis.com\/index.php\/wp-json\/wp\/v2\/posts\/7402","targetHints":{"allow":["GET"]}}],"collection":[{"href":"https:\/\/restonsunis.com\/index.php\/wp-json\/wp\/v2\/posts"}],"about":[{"href":"https:\/\/restonsunis.com\/index.php\/wp-json\/wp\/v2\/types\/post"}],"author":[{"embeddable":true,"href":"https:\/\/restonsunis.com\/index.php\/wp-json\/wp\/v2\/users\/1"}],"replies":[{"embeddable":true,"href":"https:\/\/restonsunis.com\/index.php\/wp-json\/wp\/v2\/comments?post=7402"}],"version-history":[{"count":2,"href":"https:\/\/restonsunis.com\/index.php\/wp-json\/wp\/v2\/posts\/7402\/revisions"}],"predecessor-version":[{"id":7405,"href":"https:\/\/restonsunis.com\/index.php\/wp-json\/wp\/v2\/posts\/7402\/revisions\/7405"}],"wp:attachment":[{"href":"https:\/\/restonsunis.com\/index.php\/wp-json\/wp\/v2\/media?parent=7402"}],"wp:term":[{"taxonomy":"category","embeddable":true,"href":"https:\/\/restonsunis.com\/index.php\/wp-json\/wp\/v2\/categories?post=7402"},{"taxonomy":"post_tag","embeddable":true,"href":"https:\/\/restonsunis.com\/index.php\/wp-json\/wp\/v2\/tags?post=7402"}],"curies":[{"name":"wp","href":"https:\/\/api.w.org\/{rel}","templated":true}]}}