{"id":7459,"date":"2022-02-18T18:00:00","date_gmt":"2022-02-18T14:00:00","guid":{"rendered":"https:\/\/restonsunis.com\/?p=7459"},"modified":"2022-02-18T16:12:06","modified_gmt":"2022-02-18T12:12:06","slug":"laube-du-sabbat-partenaire","status":"publish","type":"post","link":"https:\/\/restonsunis.com\/index.php\/2022\/02\/18\/laube-du-sabbat-partenaire\/","title":{"rendered":"L&#8217;aube du Sabbat : Partenaire"},"content":{"rendered":"\n<figure class=\"wp-block-image size-large\"><img loading=\"lazy\" decoding=\"async\" width=\"1024\" height=\"1024\" src=\"https:\/\/restonsunis.com\/wp-content\/uploads\/2022\/02\/2-1-1024x1024.png\" alt=\"\" class=\"wp-image-7460\" srcset=\"https:\/\/restonsunis.com\/wp-content\/uploads\/2022\/02\/2-1-1024x1024.png 1024w, https:\/\/restonsunis.com\/wp-content\/uploads\/2022\/02\/2-1-300x300.png 300w, https:\/\/restonsunis.com\/wp-content\/uploads\/2022\/02\/2-1-150x150.png 150w, https:\/\/restonsunis.com\/wp-content\/uploads\/2022\/02\/2-1-768x768.png 768w, https:\/\/restonsunis.com\/wp-content\/uploads\/2022\/02\/2-1-67x67.png 67w, https:\/\/restonsunis.com\/wp-content\/uploads\/2022\/02\/2-1.png 1080w\" sizes=\"auto, (max-width: 1024px) 100vw, 1024px\" \/><\/figure>\n\n\n\n<h2 class=\"wp-block-heading\">II. <strong><strong>Un d\u00e9sir de collaboration<\/strong><\/strong><\/h2>\n\n\n\n<h3 class=\"wp-block-heading\"><strong><em>#<strong><em><strong><em>1 <strong><em>Partenaire<\/em><\/strong><\/em><\/strong><\/em><\/strong><\/em><\/strong><\/h3>\n\n\n\n<p><em>\u00ab&nbsp;Le Seigneur, apr\u00e8s leur avoir parl\u00e9, fut enlev\u00e9 au ciel, et il s\u2019assit \u00e0 la droite de Dieu. Et ils s\u2019en all\u00e8rent pr\u00eacher partout. Le Seigneur travaillait avec eux, et confirmait la parole par les miracles qui l\u2019accompagnaient.&nbsp;\u00bb Marc 16:19,20<\/em><\/p>\n\n\n\n<p>Dieu d\u00e9sire sauver les perdus et pour cela il sollicite des partenaires : ses disciples, autrement dit vous et moi. Je suis persuad\u00e9 qu\u2019il aurait pu se passer de nous et s\u2019adresser aux perdus sans interm\u00e9diaire comme il l\u2019a fait pour Paul sur le chemin de Damas. Mais, m\u00eame dans ce cas, nous savons que Paul n\u2019a pas appris seulement de Dieu. Au pied de Gamaliel, Dieu commen\u00e7a \u00e0 faire de lui le missionnaire z\u00e9l\u00e9 qu\u2019il deviendra par la suite. Paul continua \u00e0 apprendre avec l\u2019\u00e9coute d\u2019Ananias, puis en compagnie des ap\u00f4tres et au contact des chr\u00e9tiens.&nbsp;<\/p>\n\n\n\n<p>Ce n\u2019est pas la connaissance, l\u2019exp\u00e9rience ou la qualification qui diff\u00e9rencie Saul, le pers\u00e9cuteur de l\u2019\u00e9glise de Paul, le grand \u00e9vang\u00e9liste. Ce qui a tout chang\u00e9 c\u2019est l\u2019oeuvre que J\u00e9sus a entreprise sur le chemin de Damas dans le coeur et l\u2019esprit de Paul. Paul fut transform\u00e9 lorsqu\u2019il laissa <em>\u00ab&nbsp;le Seigneur travaillait avec lui&nbsp;\u00bb.<\/em><\/p>\n\n\n\n<p>Pour une raison que nous pourrions tenter d\u2019expliquer, mais qui nous \u00e9chapperait quand m\u00eame un peu, Dieu veut collaborer avec des instruments humains aussi imparfaits que nous. Travailler \u00e0 ses c\u00f4t\u00e9s n\u2019est pas un fardeau, c\u2019est plus qu\u2019une mission, c\u2019est un privil\u00e8ge.<\/p>\n\n\n\n<p><strong><em>Seigneur, merci de me donner un r\u00f4le dans ton oeuvre. Je veux saisir cet appel \u00e0 la mission.<\/em><\/strong><\/p>\n\n\n\n<h3 class=\"wp-block-heading\"><em>R\u00e9flexion :<\/em><\/h3>\n\n\n\n<p><em>Nous arrive-t-il de consid\u00e9rer la mission de Dieu comme un fardeau ? Comme expliquer un tel \u00e9tat d\u2019esprit ?<\/em><\/p>\n\n\n\n<p><em>Alors m\u00eame qu\u2019il \u00e9tait persuad\u00e9 d\u2019\u00eatre un instrument de Dieu, Paul servait en r\u00e9alit\u00e9 et malgr\u00e9 lui l\u2019ennemi. Toute proportion gard\u00e9e, pouvons-nous manquer la mission que nous croyons servir ?<\/em><\/p>\n\n\n\n<p class=\"has-text-align-center\"><strong><em>&#8220;\u00c0 l&#8217;aube du sabbat&#8221;  est une pens\u00e9e qui interroge sur notre vocation en tant que disciples.<\/em><\/strong><\/p>\n\n\n\n<p class=\"has-text-align-center\"><em><strong>Elle est \u00e9crite et publi\u00e9e par le d\u00e9partement des communications de la FEAR (F\u00e9d\u00e9ration des \u00c9glises Adventistes de La R\u00e9union). <\/strong><\/em><\/p>\n","protected":false},"excerpt":{"rendered":"<p>II. Un d\u00e9sir de collaboration #1 Partenaire \u00ab&nbsp;Le Seigneur, apr\u00e8s leur avoir parl\u00e9, fut enlev\u00e9 au ciel,&hellip;<\/p>\n","protected":false},"author":1,"featured_media":0,"comment_status":"closed","ping_status":"open","sticky":false,"template":"","format":"standard","meta":{"footnotes":""},"categories":[117],"tags":[115,116],"class_list":["post-7459","post","type-post","status-publish","format-standard","hentry","category-a-laube-du-sabbat","tag-commencement-de-sabbat","tag-meditation","no-margin"],"_links":{"self":[{"href":"https:\/\/restonsunis.com\/index.php\/wp-json\/wp\/v2\/posts\/7459","targetHints":{"allow":["GET"]}}],"collection":[{"href":"https:\/\/restonsunis.com\/index.php\/wp-json\/wp\/v2\/posts"}],"about":[{"href":"https:\/\/restonsunis.com\/index.php\/wp-json\/wp\/v2\/types\/post"}],"author":[{"embeddable":true,"href":"https:\/\/restonsunis.com\/index.php\/wp-json\/wp\/v2\/users\/1"}],"replies":[{"embeddable":true,"href":"https:\/\/restonsunis.com\/index.php\/wp-json\/wp\/v2\/comments?post=7459"}],"version-history":[{"count":2,"href":"https:\/\/restonsunis.com\/index.php\/wp-json\/wp\/v2\/posts\/7459\/revisions"}],"predecessor-version":[{"id":7462,"href":"https:\/\/restonsunis.com\/index.php\/wp-json\/wp\/v2\/posts\/7459\/revisions\/7462"}],"wp:attachment":[{"href":"https:\/\/restonsunis.com\/index.php\/wp-json\/wp\/v2\/media?parent=7459"}],"wp:term":[{"taxonomy":"category","embeddable":true,"href":"https:\/\/restonsunis.com\/index.php\/wp-json\/wp\/v2\/categories?post=7459"},{"taxonomy":"post_tag","embeddable":true,"href":"https:\/\/restonsunis.com\/index.php\/wp-json\/wp\/v2\/tags?post=7459"}],"curies":[{"name":"wp","href":"https:\/\/api.w.org\/{rel}","templated":true}]}}