{"id":7466,"date":"2022-02-19T06:34:49","date_gmt":"2022-02-19T02:34:49","guid":{"rendered":"https:\/\/restonsunis.com\/?p=7466"},"modified":"2022-02-19T06:34:52","modified_gmt":"2022-02-19T02:34:52","slug":"365-jours-avec-jesus-19-fevrier-bethesda-et-le-sanhedrin-3","status":"publish","type":"post","link":"https:\/\/restonsunis.com\/index.php\/2022\/02\/19\/365-jours-avec-jesus-19-fevrier-bethesda-et-le-sanhedrin-3\/","title":{"rendered":"365 jours avec J\u00e9sus &#8211; 19 f\u00e9vrier : B\u00e9thesda et le sanh\u00e9drin (3)"},"content":{"rendered":"\n<figure class=\"wp-block-image size-large\"><img loading=\"lazy\" decoding=\"async\" width=\"1024\" height=\"1024\" src=\"https:\/\/restonsunis.com\/wp-content\/uploads\/2022\/02\/02-19-1024x1024.png\" alt=\"\" class=\"wp-image-7467\" srcset=\"https:\/\/restonsunis.com\/wp-content\/uploads\/2022\/02\/02-19-1024x1024.png 1024w, https:\/\/restonsunis.com\/wp-content\/uploads\/2022\/02\/02-19-300x300.png 300w, https:\/\/restonsunis.com\/wp-content\/uploads\/2022\/02\/02-19-150x150.png 150w, https:\/\/restonsunis.com\/wp-content\/uploads\/2022\/02\/02-19-768x768.png 768w, https:\/\/restonsunis.com\/wp-content\/uploads\/2022\/02\/02-19-67x67.png 67w, https:\/\/restonsunis.com\/wp-content\/uploads\/2022\/02\/02-19.png 1080w\" sizes=\"auto, (max-width: 1024px) 100vw, 1024px\" \/><\/figure>\n\n\n\n<figure class=\"wp-block-table is-style-stripes\"><table><thead><tr><th class=\"has-text-align-center\" data-align=\"center\">Selon Matthieu<\/th><th class=\"has-text-align-center\" data-align=\"center\"><meta charset=\"utf-8\">Selon Marc<\/th><th class=\"has-text-align-center\" data-align=\"center\"><meta charset=\"utf-8\">Selon Luc<\/th><th class=\"has-text-align-center\" data-align=\"center\"><meta charset=\"utf-8\">Selon Jean<\/th><\/tr><\/thead><tbody><tr><td class=\"has-text-align-center\" data-align=\"center\">&#8211;<\/td><td class=\"has-text-align-center\" data-align=\"center\">&#8211;<\/td><td class=\"has-text-align-center\" data-align=\"center\">&#8211;<\/td><td class=\"has-text-align-center\" data-align=\"center\">Jn 5.1-47<\/td><\/tr><\/tbody><\/table><\/figure>\n\n\n\n<h3 class=\"wp-block-heading\">Esprit de proph\u00e9tie<\/h3>\n\n\n\n<h4 class=\"wp-block-heading\">J\u00e9sus-Christ, Chapitre 21 (pp 186.1-187.2)<\/h4>\n\n\n\n<p>Les Juifs avaient perverti la loi et en avaient fait un joug insupportable. Par leurs exigences absurdes ils \u00e9taient pass\u00e9s en proverbe chez les nations. Une haie de restrictions d\u00e9raisonnables entourait le sabbat. Cette institution avait cess\u00e9 de faire leurs d\u00e9lices, comme une chose honorable, consacr\u00e9e au Seigneur. Par la faute des scribes et des pharisiens, l\u2019observation de ce jour \u00e9tait devenu un fardeau insupportable. Il n\u2019\u00e9tait pas permis \u00e0 un Juif d\u2019allumer un feu, m\u00eame pas une chandelle, le jour du sabbat. Il en r\u00e9sultait qu\u2019ils devaient s\u2019adresser \u00e0 des pa\u00efens et leur demander des services que leurs propres r\u00e8gles leur d\u00e9fendaient d\u2019accomplir. Ils ne voyaient pas que si ces actes \u00e9taient entach\u00e9s de p\u00e9ch\u00e9 ceux qui les exigeaient de leurs employ\u00e9s \u00e9taient aussi coupables que s\u2019ils les avaient accomplis eux-m\u00eames. Ils s\u2019attribuaient l\u2019exclusivit\u00e9 du salut, en tant que Juifs, et se disaient que puisque la condition des autres \u00e9tait d\u00e9sesp\u00e9r\u00e9e rien ne pouvait l\u2019empirer. Mais Dieu n\u2019a donn\u00e9 aucun commandement qui ne puisse \u00eatre observ\u00e9 par tous. Sa loi ne sanctionne aucune restriction d\u00e9raisonnable ou \u00e9go\u00efste.<\/p>\n\n\n\n<p>J\u00e9sus rencontra dans le temple l\u2019homme qu\u2019il avait gu\u00e9ri. Celui-ci y \u00e9tait venu apporter un sacrifice pour le p\u00e9ch\u00e9 et un sacrifice d\u2019actions de gr\u00e2ces en raison de la gr\u00e2ce immense dont il avait \u00e9t\u00e9 l\u2019objet. Le v<\/p>\n\n\n\n<p>oyant parmi les adorateurs, J\u00e9sus se fit conna\u00eetre et lui adressa ces paroles d\u2019avertissement: \u201cVoici, tu as retrouv\u00e9 la sant\u00e9, ne p\u00e8che plus, de peur qu\u2019il ne t\u2019arrive quelque chose de pire.\u201d<\/p>\n\n\n\n<p>En rencontrant son lib\u00e9rateur, la joie de ce miracul\u00e9 fut \u00e0 son comble. Sans se rendre compte de la haine dont J\u00e9sus \u00e9tait l\u2019objet, il s\u2019empressa de le d\u00e9signer aux pharisiens qui l\u2019avaient interrog\u00e9, comme l\u2019auteur de sa gu\u00e9rison. \u201cC\u2019est pourquoi les Juifs poursuivaient J\u00e9sus, parce qu\u2019il faisait cela pendant le sabbat.\u201d<\/p>\n\n\n\n<p>J\u00e9sus fut amen\u00e9 devant le sanh\u00e9drin sous l\u2019accusation d\u2019avoir viol\u00e9 le sabbat. Si \u00e0 ce moment-l\u00e0 les Juifs avaient \u00e9t\u00e9 ind\u00e9pendants, cette accusation e\u00fbt suffi pour justifier sa condamnation \u00e0 mort. Assujettis aux Romains, ils ne pouvaient r\u00e9aliser leur dessein. Les Juifs n\u2019\u00e9taient pas autoris\u00e9s \u00e0 infliger la peine de mort et les accusations formul\u00e9es contre le Christ ne pouvaient \u00eatre prises en consid\u00e9ration par un tribunal romain. On esp\u00e9rait toutefois atteindre d\u2019autres buts. En d\u00e9pit d\u2019une vive opposition, l\u2019influence du Christ s\u2019\u00e9tendait de plus en plus, m\u00eame \u00e0 J\u00e9rusalem. Des quantit\u00e9s de gens qui ne pr\u00eataient aucune attention aux harangues des rabbins \u00e9taient attir\u00e9s par son enseignement. Ses paroles, qui \u00e9taient \u00e0 la port\u00e9e de leurs intelligences, r\u00e9chauffaient et r\u00e9confortaient leurs c\u0153urs. Il leur pr\u00e9sentait Dieu non comme un juge vengeur, mais comme un tendre p\u00e8re, et lui-m\u00eame r\u00e9fl\u00e9chissait l\u2019image de Dieu dans sa vie. Ses paroles faisaient l\u2019effet d\u2019un baume sur les esprits meurtris. Autant par ses paroles que par ses \u0153uvres de mis\u00e9ricorde il brisait le joug des vieilles traditions et des commandements humains qui pesait sur eux; il leur pr\u00e9sentait l\u2019amour de Dieu dans sa pl\u00e9nitude in\u00e9puisable.<\/p>\n\n\n\n<p>&#8230;<\/p>\n\n\n\n<p class=\"has-text-align-center\"><em><strong>Pour poursuivre l&#8217;\u00e9tude lire le chapitre 21 du livre J\u00e9sus-Christ d&#8217;Ellen G. White<\/strong><\/em> :<\/p>\n\n\n\n<div class=\"wp-block-buttons is-content-justification-center is-layout-flex wp-block-buttons-is-layout-flex\">\n<div class=\"wp-block-button\"><a class=\"wp-block-button__link has-pale-cyan-blue-background-color has-background\" href=\"https:\/\/egwwritings.org\/read?panels=p187.920(187.922)&amp;index=0#highlight=187.922|0\" target=\"_blank\" rel=\"noreferrer noopener\">Poursuivre la lecture<\/a><\/div>\n<\/div>\n\n\n\n<hr class=\"wp-block-separator\"\/>\n\n\n\n<p class=\"has-text-align-center\"><em><strong>365 jours avec J\u00e9sus est une compilation de Merle Poirier, gestionnaire des op\u00e9rations de AdventistWorld.<\/strong><\/em><\/p>\n","protected":false},"excerpt":{"rendered":"<p>Selon Matthieu Selon Marc Selon Luc Selon Jean &#8211; &#8211; &#8211; Jn 5.1-47 Esprit de proph\u00e9tie J\u00e9sus-Christ,&hellip;<\/p>\n","protected":false},"author":1,"featured_media":0,"comment_status":"closed","ping_status":"open","sticky":false,"template":"","format":"standard","meta":{"footnotes":""},"categories":[112,45],"tags":[113,114,53,52],"class_list":["post-7466","post","type-post","status-publish","format-standard","hentry","category-365-jours-avec-jesus","category-meditations-quotidiennes","tag-ellen-white","tag-jesus","tag-meditation-quotidienne","tag-vigile-matinale","no-margin"],"_links":{"self":[{"href":"https:\/\/restonsunis.com\/index.php\/wp-json\/wp\/v2\/posts\/7466","targetHints":{"allow":["GET"]}}],"collection":[{"href":"https:\/\/restonsunis.com\/index.php\/wp-json\/wp\/v2\/posts"}],"about":[{"href":"https:\/\/restonsunis.com\/index.php\/wp-json\/wp\/v2\/types\/post"}],"author":[{"embeddable":true,"href":"https:\/\/restonsunis.com\/index.php\/wp-json\/wp\/v2\/users\/1"}],"replies":[{"embeddable":true,"href":"https:\/\/restonsunis.com\/index.php\/wp-json\/wp\/v2\/comments?post=7466"}],"version-history":[{"count":1,"href":"https:\/\/restonsunis.com\/index.php\/wp-json\/wp\/v2\/posts\/7466\/revisions"}],"predecessor-version":[{"id":7468,"href":"https:\/\/restonsunis.com\/index.php\/wp-json\/wp\/v2\/posts\/7466\/revisions\/7468"}],"wp:attachment":[{"href":"https:\/\/restonsunis.com\/index.php\/wp-json\/wp\/v2\/media?parent=7466"}],"wp:term":[{"taxonomy":"category","embeddable":true,"href":"https:\/\/restonsunis.com\/index.php\/wp-json\/wp\/v2\/categories?post=7466"},{"taxonomy":"post_tag","embeddable":true,"href":"https:\/\/restonsunis.com\/index.php\/wp-json\/wp\/v2\/tags?post=7466"}],"curies":[{"name":"wp","href":"https:\/\/api.w.org\/{rel}","templated":true}]}}