{"id":7669,"date":"2022-04-22T18:30:00","date_gmt":"2022-04-22T14:30:00","guid":{"rendered":"https:\/\/restonsunis.com\/?p=7669"},"modified":"2022-04-22T15:39:26","modified_gmt":"2022-04-22T11:39:26","slug":"laube-du-sabbat-lunite","status":"publish","type":"post","link":"https:\/\/restonsunis.com\/index.php\/2022\/04\/22\/laube-du-sabbat-lunite\/","title":{"rendered":"L&#8217;aube du Sabbat : L&#8217;unit\u00e9"},"content":{"rendered":"\n<figure class=\"wp-block-image size-large\"><img loading=\"lazy\" decoding=\"async\" width=\"1024\" height=\"1024\" src=\"https:\/\/restonsunis.com\/wp-content\/uploads\/2022\/04\/3-3-1024x1024.png\" alt=\"\" class=\"wp-image-7670\" srcset=\"https:\/\/restonsunis.com\/wp-content\/uploads\/2022\/04\/3-3-1024x1024.png 1024w, https:\/\/restonsunis.com\/wp-content\/uploads\/2022\/04\/3-3-300x300.png 300w, https:\/\/restonsunis.com\/wp-content\/uploads\/2022\/04\/3-3-150x150.png 150w, https:\/\/restonsunis.com\/wp-content\/uploads\/2022\/04\/3-3-768x768.png 768w, https:\/\/restonsunis.com\/wp-content\/uploads\/2022\/04\/3-3-67x67.png 67w, https:\/\/restonsunis.com\/wp-content\/uploads\/2022\/04\/3-3.png 1080w\" sizes=\"auto, (max-width: 1024px) 100vw, 1024px\" \/><\/figure>\n\n\n\n<h2 class=\"wp-block-heading\">III. <strong><strong>Les facteurs de croissance<\/strong><\/strong><\/h2>\n\n\n\n<h3 class=\"wp-block-heading\"><strong><em>#3 L&#8217;unit\u00e9<\/em><\/strong><\/h3>\n\n\n\n<p><em>\u00ab&nbsp;\u00c0 ceci tous conna\u00eetront que vous \u00eates mes disciples, si vous avez de l\u2019amour les uns pour les autres. \u00bb Jean 13:35<\/em><\/p>\n\n\n\n<p>\u00catre disciple de J\u00e9sus ne se r\u00e9sume pas \u00e0 l\u2019amour r\u00e9gnant au sein d\u2019un groupe de croyants, mais c\u2019est \u00e0 ceci que le disciple est reconnu comme tel. L\u2019amour qui s\u2019exprime parmi les disciples de J\u00e9sus est une caract\u00e9ristique centrale permettant de d\u00e9montrer leur appartenance \u00e0 Dieu.&nbsp;<\/p>\n\n\n\n<p>Le Christ aurait pu parler de l\u2019ob\u00e9issance, de la connaissance biblique ou encore de la spiritualit\u00e9. Ce sont des aspects essentiels du christianisme. Mais par ses mots r\u00e9v\u00e9l\u00e9s dans Jean 13:35, J\u00e9sus d\u00e9voile un important facteur de croissance de l\u2019\u00e9glise : l\u2019amour mutuel.<\/p>\n\n\n\n<p>L\u2019amour est la premi\u00e8re tranche du fruit de l\u2019Esprit, selon Galates 5:22. Elle est la plus grande des choses, selon 1 Corinthiens 13:13, parmi la foi et l\u2019esp\u00e9rance.<\/p>\n\n\n\n<p>De fa\u00e7on pragmatique, l\u2019amour authentique impacte le monde de fa\u00e7on unique puisqu\u2019il s\u2019agit du trait de caract\u00e8re que nous avons h\u00e9rit\u00e9 de Dieu.<\/p>\n\n\n\n<p><em>\u00ab&nbsp;Dieu est amour<\/em>\u202f<em>; et celui qui demeure dans l\u2019amour demeure en Dieu, et Dieu demeure en lui.&nbsp;\u00bb<\/em> 1 Jean 4:14<\/p>\n\n\n\n<p>L\u2019amour est la premi\u00e8re et plus grande manifestation d\u2019une vie abandonn\u00e9e \u00e0 Dieu. Il agit comme un puissant t\u00e9moin du changement que provoque l\u2019\u00c9vangile \u00e9ternel. L\u2019amour qui r\u00e8gne au sein de la communaut\u00e9 des disciples se manifeste par l\u2019unit\u00e9, l\u2019harmonie et la communion, des attributs pr\u00e9cieux et rarissimes de nos jours.<\/p>\n\n\n\n<p>Une telle \u00e9glise est plaisante \u00e0 observer, on la rejoint avec enthousiasme et l\u2019on y demeure sans regret.&nbsp;<\/p>\n\n\n\n<p><strong>Seigneur, je veux participer \u00e0 la formation d\u2019une communaut\u00e9 aimante, harmonieuse et unie.<\/strong><\/p>\n\n\n\n<h3 class=\"wp-block-heading\"><em>R\u00e9flexion :<\/em><\/h3>\n\n\n\n<p><em>Pour la communaut\u00e9, les relations sociales sont des facteurs importants d\u2019affiliation ou de s\u00e9paration selon qu\u2019elles sont solides ou pas. Sans porter de jugement, pensez-vous que votre congr\u00e9gation soit un lieu d\u2019amour mutuel ?&nbsp;<\/em><\/p>\n\n\n\n<p><em>Que pouvez-vous faire, \u00e0 titre personnel, pour am\u00e9liorer l&#8217;unit\u00e9, l\u2019harmonie et la communion de votre \u00e9glise ?<\/em><\/p>\n\n\n\n<p class=\"has-text-align-center\"><strong><em>&#8220;\u00c0 l&#8217;aube du sabbat&#8221;  est une pens\u00e9e qui interroge sur notre vocation en tant que disciples.<\/em><\/strong><\/p>\n\n\n\n<p class=\"has-text-align-center\"><em><strong>Elle est \u00e9crite et publi\u00e9e par le d\u00e9partement des communications de la FEAR (F\u00e9d\u00e9ration des \u00c9glises Adventistes de La R\u00e9union). <\/strong><\/em><\/p>\n","protected":false},"excerpt":{"rendered":"<p>III. Les facteurs de croissance #3 L&#8217;unit\u00e9 \u00ab&nbsp;\u00c0 ceci tous conna\u00eetront que vous \u00eates mes disciples, si&hellip;<\/p>\n","protected":false},"author":1,"featured_media":0,"comment_status":"closed","ping_status":"open","sticky":false,"template":"","format":"standard","meta":{"footnotes":""},"categories":[117],"tags":[115,116],"class_list":["post-7669","post","type-post","status-publish","format-standard","hentry","category-a-laube-du-sabbat","tag-commencement-de-sabbat","tag-meditation","no-margin"],"_links":{"self":[{"href":"https:\/\/restonsunis.com\/index.php\/wp-json\/wp\/v2\/posts\/7669","targetHints":{"allow":["GET"]}}],"collection":[{"href":"https:\/\/restonsunis.com\/index.php\/wp-json\/wp\/v2\/posts"}],"about":[{"href":"https:\/\/restonsunis.com\/index.php\/wp-json\/wp\/v2\/types\/post"}],"author":[{"embeddable":true,"href":"https:\/\/restonsunis.com\/index.php\/wp-json\/wp\/v2\/users\/1"}],"replies":[{"embeddable":true,"href":"https:\/\/restonsunis.com\/index.php\/wp-json\/wp\/v2\/comments?post=7669"}],"version-history":[{"count":1,"href":"https:\/\/restonsunis.com\/index.php\/wp-json\/wp\/v2\/posts\/7669\/revisions"}],"predecessor-version":[{"id":7671,"href":"https:\/\/restonsunis.com\/index.php\/wp-json\/wp\/v2\/posts\/7669\/revisions\/7671"}],"wp:attachment":[{"href":"https:\/\/restonsunis.com\/index.php\/wp-json\/wp\/v2\/media?parent=7669"}],"wp:term":[{"taxonomy":"category","embeddable":true,"href":"https:\/\/restonsunis.com\/index.php\/wp-json\/wp\/v2\/categories?post=7669"},{"taxonomy":"post_tag","embeddable":true,"href":"https:\/\/restonsunis.com\/index.php\/wp-json\/wp\/v2\/tags?post=7669"}],"curies":[{"name":"wp","href":"https:\/\/api.w.org\/{rel}","templated":true}]}}