{"id":7804,"date":"2022-05-14T08:00:00","date_gmt":"2022-05-14T04:00:00","guid":{"rendered":"https:\/\/restonsunis.com\/?p=7804"},"modified":"2022-05-14T12:38:43","modified_gmt":"2022-05-14T08:38:43","slug":"programme-du-sabbat-14-mai-2022","status":"publish","type":"post","link":"https:\/\/restonsunis.com\/index.php\/2022\/05\/14\/programme-du-sabbat-14-mai-2022\/","title":{"rendered":"Programme du sabbat 14 mai 2022"},"content":{"rendered":"\n<h2 class=\"has-text-align-center wp-block-heading\">Emission &#8220;Paroles d&#8217;Esp\u00e9rance&#8221;<\/h2>\n\n\n\n<figure class=\"wp-block-embed is-type-rich is-provider-soundcloud wp-block-embed-soundcloud\"><div class=\"wp-block-embed__wrapper\">\n<iframe loading=\"lazy\" title=\"R\u00e9flexion biblique sur la f\u00eate de Pentec\u00f4te (1) by ARC Radio\" width=\"770\" height=\"400\" scrolling=\"no\" frameborder=\"no\" src=\"https:\/\/w.soundcloud.com\/player\/?visual=true&#038;url=https%3A%2F%2Fapi.soundcloud.com%2Ftracks%2F1268022364&#038;show_artwork=true&#038;maxheight=1000&#038;maxwidth=770\"><\/iframe>\n<\/div><\/figure>\n\n\n\n<h2 class=\"has-text-align-center wp-block-heading\">Louange<\/h2>\n\n\n\n<figure class=\"wp-block-embed is-type-video is-provider-youtube wp-block-embed-youtube wp-embed-aspect-16-9 wp-has-aspect-ratio\"><div class=\"wp-block-embed__wrapper\">\n<iframe loading=\"lazy\" title=\"393 - Vers le ciel (voix) | Hymnes et louanges | Audr\u00e9anne Cloutier\" width=\"770\" height=\"433\" src=\"https:\/\/www.youtube.com\/embed\/Uw9y0K3ipXs?feature=oembed\" frameborder=\"0\" allow=\"accelerometer; autoplay; clipboard-write; encrypted-media; gyroscope; picture-in-picture\" allowfullscreen><\/iframe>\n<\/div><\/figure>\n\n\n\n<h2 class=\"has-text-align-center wp-block-heading\">Le\u00e7on EDS<\/h2>\n\n\n\n<h2 class=\"has-text-align-center wp-block-heading\">Emission &#8220;Autrement dit&#8221;<\/h2>\n\n\n\n<figure class=\"wp-block-embed is-type-video is-provider-youtube wp-block-embed-youtube wp-embed-aspect-16-9 wp-has-aspect-ratio\"><div class=\"wp-block-embed__wrapper\">\n<iframe loading=\"lazy\" title=\"AUTREMENT DIT E\u0301tude 7 L\u2019alliance avec Abraham 14 05 2022\" width=\"770\" height=\"433\" src=\"https:\/\/www.youtube.com\/embed\/FoC_wDobDn8?feature=oembed\" frameborder=\"0\" allow=\"accelerometer; autoplay; clipboard-write; encrypted-media; gyroscope; picture-in-picture\" allowfullscreen><\/iframe>\n<\/div><\/figure>\n\n\n\n<h2 class=\"has-text-align-center wp-block-heading\">Rapport missionnaire mondial<\/h2>\n\n\n\n<figure class=\"wp-block-embed is-type-video is-provider-youtube wp-block-embed-youtube wp-embed-aspect-16-9 wp-has-aspect-ratio\"><div class=\"wp-block-embed__wrapper\">\n<iframe loading=\"lazy\" title=\"Mai 14 - Honorer une vie bien v\u00e9cue\" width=\"770\" height=\"433\" src=\"https:\/\/www.youtube.com\/embed\/Ij7M3ByF8cc?feature=oembed\" frameborder=\"0\" allow=\"accelerometer; autoplay; clipboard-write; encrypted-media; gyroscope; picture-in-picture\" allowfullscreen><\/iframe>\n<\/div><\/figure>\n\n\n\n<h2 class=\"has-text-align-center wp-block-heading\">Les cultes d&#8217;adoration<\/h2>\n\n\n\n<h3 class=\"has-text-align-center wp-block-heading\">Le culte d&#8217;adoration pour les enfants (6-12 ans)<\/h3>\n\n\n\n<figure class=\"wp-block-embed is-type-video is-provider-youtube wp-block-embed-youtube wp-embed-aspect-16-9 wp-has-aspect-ratio\"><div class=\"wp-block-embed__wrapper\">\n<iframe loading=\"lazy\" title=\"#19#JAMENCO - Les missionnaires\" width=\"770\" height=\"433\" src=\"https:\/\/www.youtube.com\/embed\/YVBrVF0tmS4?feature=oembed\" frameborder=\"0\" allow=\"accelerometer; autoplay; clipboard-write; encrypted-media; gyroscope; picture-in-picture\" allowfullscreen><\/iframe>\n<\/div><\/figure>\n\n\n\n<div class=\"wp-block-buttons is-horizontal is-content-justification-center is-layout-flex wp-container-core-buttons-is-layout-499968f5 wp-block-buttons-is-layout-flex\">\n<div class=\"wp-block-button\"><a class=\"wp-block-button__link has-luminous-vivid-amber-background-color has-background\" href=\"https:\/\/www.youtube.com\/c\/RestonsUnis\">Revoir les programmes pour les enfants sur notre chaine YouTube<\/a><\/div>\n<\/div>\n\n\n\n<h2 class=\"has-text-align-center wp-block-heading\">Partage biblique<\/h2>\n\n\n\n<h3 class=\"has-text-align-center wp-block-heading\">Culte de l&#8217;\u00e9glise Saint-Georges<\/h3>\n\n\n\n<figure class=\"wp-block-embed is-type-video is-provider-youtube wp-block-embed-youtube wp-embed-aspect-16-9 wp-has-aspect-ratio\"><div class=\"wp-block-embed__wrapper\">\n<iframe loading=\"lazy\" title=\"2022-05-07 (Pr.Paul Scalliet) C&#039;est fait\" width=\"770\" height=\"433\" src=\"https:\/\/www.youtube.com\/embed\/JoCgB3HonMM?feature=oembed\" frameborder=\"0\" allow=\"accelerometer; autoplay; clipboard-write; encrypted-media; gyroscope; picture-in-picture\" allowfullscreen><\/iframe>\n<\/div><\/figure>\n\n\n\n<h2 class=\"has-text-align-center wp-block-heading\">Culte Espoir \u00e0 16h<\/h2>\n\n\n\n<figure class=\"wp-block-embed is-type-video is-provider-youtube wp-block-embed-youtube wp-embed-aspect-16-9 wp-has-aspect-ratio\"><div class=\"wp-block-embed__wrapper\">\n<iframe loading=\"lazy\" title=\"Tu as le pouvoir | Culte Espoir | Sandra Gon\u00e7alves, Myldred, Stefan et Marylin | 14.05.22\" width=\"770\" height=\"433\" src=\"https:\/\/www.youtube.com\/embed\/29Cn8bg31bo?feature=oembed\" frameborder=\"0\" allow=\"accelerometer; autoplay; clipboard-write; encrypted-media; gyroscope; picture-in-picture\" allowfullscreen><\/iframe>\n<\/div><\/figure>\n\n\n\n<hr class=\"wp-block-separator\"\/>\n","protected":false},"excerpt":{"rendered":"<p>Car j&#8217;ai eu faim, et vous m&#8217;avez donn\u00e9 \u00e0 manger; j&#8217;ai eu soif, et vous m&#8217;avez donn\u00e9 \u00e0 boire; j&#8217;\u00e9tais \u00e9tranger, et vous m&#8217;avez recueilli; Matthieu 25:35 Bon sabbat !<\/p>\n","protected":false},"author":1,"featured_media":0,"comment_status":"closed","ping_status":"open","sticky":false,"template":"","format":"standard","meta":{"footnotes":""},"categories":[26],"tags":[],"class_list":["post-7804","post","type-post","status-publish","format-standard","hentry","category-journee-de-sabbat","no-margin"],"_links":{"self":[{"href":"https:\/\/restonsunis.com\/index.php\/wp-json\/wp\/v2\/posts\/7804","targetHints":{"allow":["GET"]}}],"collection":[{"href":"https:\/\/restonsunis.com\/index.php\/wp-json\/wp\/v2\/posts"}],"about":[{"href":"https:\/\/restonsunis.com\/index.php\/wp-json\/wp\/v2\/types\/post"}],"author":[{"embeddable":true,"href":"https:\/\/restonsunis.com\/index.php\/wp-json\/wp\/v2\/users\/1"}],"replies":[{"embeddable":true,"href":"https:\/\/restonsunis.com\/index.php\/wp-json\/wp\/v2\/comments?post=7804"}],"version-history":[{"count":3,"href":"https:\/\/restonsunis.com\/index.php\/wp-json\/wp\/v2\/posts\/7804\/revisions"}],"predecessor-version":[{"id":7811,"href":"https:\/\/restonsunis.com\/index.php\/wp-json\/wp\/v2\/posts\/7804\/revisions\/7811"}],"wp:attachment":[{"href":"https:\/\/restonsunis.com\/index.php\/wp-json\/wp\/v2\/media?parent=7804"}],"wp:term":[{"taxonomy":"category","embeddable":true,"href":"https:\/\/restonsunis.com\/index.php\/wp-json\/wp\/v2\/categories?post=7804"},{"taxonomy":"post_tag","embeddable":true,"href":"https:\/\/restonsunis.com\/index.php\/wp-json\/wp\/v2\/tags?post=7804"}],"curies":[{"name":"wp","href":"https:\/\/api.w.org\/{rel}","templated":true}]}}