{"id":8162,"date":"2022-08-31T12:18:03","date_gmt":"2022-08-31T08:18:03","guid":{"rendered":"https:\/\/restonsunis.com\/?p=8162"},"modified":"2022-09-02T17:29:33","modified_gmt":"2022-09-02T13:29:33","slug":"ouverture-de-lago-de-liouc","status":"publish","type":"post","link":"https:\/\/restonsunis.com\/index.php\/2022\/08\/31\/ouverture-de-lago-de-liouc\/","title":{"rendered":"Ouverture de l&#8217;AGO de l&#8217;IOUC"},"content":{"rendered":"\n<p><em>REUNION <\/em><em><br>MICKAEL BONNEFOND<\/em><em> <\/em><em><br><\/em><em>D\u00c9PARTEMENT DES COMMUNICATIONS DE LA FEAR<\/em><\/p>\n\n\n\n<p><em>31 AOUT 2022<\/em><\/p>\n\n\n\n<p>La session de la conf\u00e9rence g\u00e9n\u00e9rale de juin nous a rappel\u00e9 que nous faisons partie d\u2019une grande famille spirituelle. Quelques semaines apr\u00e8s ce rassemblement mondial, c\u2019est \u00e0 l\u2019\u00e9chelle de la r\u00e9gion de l\u2019Oc\u00e9an Indien que les \u00e9glises adventistes vivent l\u2019assembl\u00e9e g\u00e9n\u00e9rale ordinaire de l\u2019IOUC (Union de F\u00e9d\u00e9rations de l\u2019Oc\u00e9an Indien) du 31 ao\u00fbt au 2 septembre.<\/p>\n\n\n\n<p>Parmi les repr\u00e9sentants des 10 champs de notre union, les d\u00e9l\u00e9gu\u00e9s de La R\u00e9union\u00a0participeront \u00e0 ces moments de r\u00e9flexion et de travail. Mais il sera surtout question de maintenir un esprit de pri\u00e8re et de cons\u00e9cration. C\u2019est d\u2019ailleurs ce que le pasteur Harrington AKOMBWA (pr\u00e9sident de la SID) a pris soin de souligner lors de son message d\u2019ouverture, pour exhorter chaque participant \u00e0 laisser le d\u00e9roulement de l\u2019assembl\u00e9e sous le contr\u00f4le total de notre Seigneur.<\/p>\n\n\n\n<p>Que l\u2019Esprit-Saint remplisse de sa pr\u00e9sence les lieux, les c\u0153urs et les pens\u00e9es. Restons unis dans la pri\u00e8re et demandons au Seigneur de conduire les travaux de cette assembl\u00e9e.<\/p>\n\n\n\n<p>D\u00e9l\u00e9gu\u00e9s de La R\u00e9union<\/p>\n\n\n\n<ul class=\"wp-block-list\"><li>Le pasteur Daniel JENNAH, pr\u00e9sident de la F\u00e9d\u00e9ration R\u00e9union<\/li><li>Le pasteur Teddy AH-KIUNE, secr\u00e9taire ex\u00e9cutif de la F\u00e9d\u00e9ration R\u00e9union<\/li><li>Le fr\u00e8re Fr\u00e9d\u00e9ric CAZAL, tr\u00e9sorier de la F\u00e9d\u00e9ration R\u00e9union<\/li><li>La s\u0153ur Anne-C\u00e9cile BAO, membre de la F\u00e9d\u00e9ration R\u00e9union<\/li><li>Le pasteur Jean-Paul VIMBOULY, pasteur de la F\u00e9d\u00e9ration R\u00e9union<\/li><\/ul>\n\n\n\n<figure class=\"wp-block-gallery has-nested-images columns-default is-cropped wp-block-gallery-1 is-layout-flex wp-block-gallery-is-layout-flex\">\n<figure class=\"wp-block-image size-large\"><img loading=\"lazy\" decoding=\"async\" width=\"1024\" height=\"768\" data-id=\"8165\" src=\"https:\/\/restonsunis.com\/wp-content\/uploads\/2022\/08\/IMG-20220831-WA0020.jpg\" alt=\"\" class=\"wp-image-8165\" srcset=\"https:\/\/restonsunis.com\/wp-content\/uploads\/2022\/08\/IMG-20220831-WA0020.jpg 1024w, https:\/\/restonsunis.com\/wp-content\/uploads\/2022\/08\/IMG-20220831-WA0020-300x225.jpg 300w, https:\/\/restonsunis.com\/wp-content\/uploads\/2022\/08\/IMG-20220831-WA0020-768x576.jpg 768w\" sizes=\"auto, (max-width: 1024px) 100vw, 1024px\" \/><\/figure>\n\n\n\n<figure class=\"wp-block-image size-large\"><img loading=\"lazy\" decoding=\"async\" width=\"1024\" height=\"768\" data-id=\"8168\" src=\"https:\/\/restonsunis.com\/wp-content\/uploads\/2022\/08\/IMG-20220831-WA0019-1.jpg\" alt=\"\" class=\"wp-image-8168\" srcset=\"https:\/\/restonsunis.com\/wp-content\/uploads\/2022\/08\/IMG-20220831-WA0019-1.jpg 1024w, https:\/\/restonsunis.com\/wp-content\/uploads\/2022\/08\/IMG-20220831-WA0019-1-300x225.jpg 300w, https:\/\/restonsunis.com\/wp-content\/uploads\/2022\/08\/IMG-20220831-WA0019-1-768x576.jpg 768w\" sizes=\"auto, (max-width: 1024px) 100vw, 1024px\" \/><\/figure>\n\n\n\n<figure class=\"wp-block-image size-large\"><img loading=\"lazy\" decoding=\"async\" width=\"1024\" height=\"768\" data-id=\"8171\" src=\"https:\/\/restonsunis.com\/wp-content\/uploads\/2022\/08\/7FB9976C-153D-48C3-861E-E201D8FDCA2B-1-1024x768.jpeg\" alt=\"\" class=\"wp-image-8171\" srcset=\"https:\/\/restonsunis.com\/wp-content\/uploads\/2022\/08\/7FB9976C-153D-48C3-861E-E201D8FDCA2B-1-1024x768.jpeg 1024w, https:\/\/restonsunis.com\/wp-content\/uploads\/2022\/08\/7FB9976C-153D-48C3-861E-E201D8FDCA2B-1-300x225.jpeg 300w, https:\/\/restonsunis.com\/wp-content\/uploads\/2022\/08\/7FB9976C-153D-48C3-861E-E201D8FDCA2B-1-768x576.jpeg 768w, https:\/\/restonsunis.com\/wp-content\/uploads\/2022\/08\/7FB9976C-153D-48C3-861E-E201D8FDCA2B-1-1536x1152.jpeg 1536w, https:\/\/restonsunis.com\/wp-content\/uploads\/2022\/08\/7FB9976C-153D-48C3-861E-E201D8FDCA2B-1-2048x1536.jpeg 2048w\" sizes=\"auto, (max-width: 1024px) 100vw, 1024px\" \/><\/figure>\n\n\n\n<figure class=\"wp-block-image size-large\"><img loading=\"lazy\" decoding=\"async\" width=\"1024\" height=\"768\" data-id=\"8172\" src=\"https:\/\/restonsunis.com\/wp-content\/uploads\/2022\/08\/CD7640D8-9E33-4A5B-AB4C-A39387A4E778-1-1024x768.jpeg\" alt=\"\" class=\"wp-image-8172\" srcset=\"https:\/\/restonsunis.com\/wp-content\/uploads\/2022\/08\/CD7640D8-9E33-4A5B-AB4C-A39387A4E778-1-1024x768.jpeg 1024w, https:\/\/restonsunis.com\/wp-content\/uploads\/2022\/08\/CD7640D8-9E33-4A5B-AB4C-A39387A4E778-1-300x225.jpeg 300w, https:\/\/restonsunis.com\/wp-content\/uploads\/2022\/08\/CD7640D8-9E33-4A5B-AB4C-A39387A4E778-1-768x576.jpeg 768w, https:\/\/restonsunis.com\/wp-content\/uploads\/2022\/08\/CD7640D8-9E33-4A5B-AB4C-A39387A4E778-1-1536x1152.jpeg 1536w, https:\/\/restonsunis.com\/wp-content\/uploads\/2022\/08\/CD7640D8-9E33-4A5B-AB4C-A39387A4E778-1-2048x1536.jpeg 2048w\" sizes=\"auto, (max-width: 1024px) 100vw, 1024px\" \/><\/figure>\n<\/figure>\n","protected":false},"excerpt":{"rendered":"<p>REUNION MICKAEL BONNEFOND D\u00c9PARTEMENT DES COMMUNICATIONS DE LA FEAR 31 AOUT 2022 La session de la conf\u00e9rence&hellip;<\/p>\n","protected":false},"author":1,"featured_media":8163,"comment_status":"closed","ping_status":"open","sticky":false,"template":"","format":"standard","meta":{"footnotes":""},"categories":[128],"tags":[],"class_list":["post-8162","post","type-post","status-publish","format-standard","has-post-thumbnail","hentry","category-news"],"_links":{"self":[{"href":"https:\/\/restonsunis.com\/index.php\/wp-json\/wp\/v2\/posts\/8162","targetHints":{"allow":["GET"]}}],"collection":[{"href":"https:\/\/restonsunis.com\/index.php\/wp-json\/wp\/v2\/posts"}],"about":[{"href":"https:\/\/restonsunis.com\/index.php\/wp-json\/wp\/v2\/types\/post"}],"author":[{"embeddable":true,"href":"https:\/\/restonsunis.com\/index.php\/wp-json\/wp\/v2\/users\/1"}],"replies":[{"embeddable":true,"href":"https:\/\/restonsunis.com\/index.php\/wp-json\/wp\/v2\/comments?post=8162"}],"version-history":[{"count":2,"href":"https:\/\/restonsunis.com\/index.php\/wp-json\/wp\/v2\/posts\/8162\/revisions"}],"predecessor-version":[{"id":8177,"href":"https:\/\/restonsunis.com\/index.php\/wp-json\/wp\/v2\/posts\/8162\/revisions\/8177"}],"wp:featuredmedia":[{"embeddable":true,"href":"https:\/\/restonsunis.com\/index.php\/wp-json\/wp\/v2\/media\/8163"}],"wp:attachment":[{"href":"https:\/\/restonsunis.com\/index.php\/wp-json\/wp\/v2\/media?parent=8162"}],"wp:term":[{"taxonomy":"category","embeddable":true,"href":"https:\/\/restonsunis.com\/index.php\/wp-json\/wp\/v2\/categories?post=8162"},{"taxonomy":"post_tag","embeddable":true,"href":"https:\/\/restonsunis.com\/index.php\/wp-json\/wp\/v2\/tags?post=8162"}],"curies":[{"name":"wp","href":"https:\/\/api.w.org\/{rel}","templated":true}]}}