{"id":8426,"date":"2022-10-30T06:40:02","date_gmt":"2022-10-30T02:40:02","guid":{"rendered":"https:\/\/restonsunis.com\/?p=8426"},"modified":"2022-11-12T12:03:46","modified_gmt":"2022-11-12T08:03:46","slug":"revue-de-la-semaine-de-priere-mondiale","status":"publish","type":"post","link":"https:\/\/restonsunis.com\/index.php\/2022\/10\/30\/revue-de-la-semaine-de-priere-mondiale\/","title":{"rendered":"Revue de la Semaine de pri\u00e8re mondiale"},"content":{"rendered":"\n<p class=\"has-medium-font-size\">Il y a environ 2 000 ans, sur les rives de la Galil\u00e9e, J\u00e9sus a lanc\u00e9 une invitation \u00e0 un petit groupe de p\u00eacheurs :<\/p>\n\n\n\n<p class=\"has-medium-font-size\">\u00ab Suivez-moi, et je vous ferai p\u00eacheurs d\u2019hommes. \u00bb (Mt 4.19) \u00ab Et aussit\u00f4t ils laiss\u00e8rent la barque [\u2026] et le suivirent. \u00bb (v.22) En passant du temps avec J\u00e9sus, leur vie a \u00e9t\u00e9 transform\u00e9e \u00e0 tout jamais.<\/p>\n\n\n\n<p class=\"has-medium-font-size\">Aujourd\u2019hui encore, J\u00e9sus appelle les gens \u00e0 \u00eatre ses disciples.<\/p>\n\n\n\n<h2 class=\"wp-block-heading\">La revue&#8230;<\/h2>\n\n\n\n<figure class=\"wp-block-embed is-type-rich is-provider-issuu wp-block-embed-issuu\"><div class=\"wp-block-embed__wrapper\">\n<div data-url=\"https:\/\/issuu.com\/adventistworldmagazine\/docs\/aw2022-11-wop_french_web\" style=\"width: 770px; height: 505px;\" class=\"issuuembed\"><\/div><script type=\"text\/javascript\" src=\"\/\/e.issuu.com\/embed.js\" async=\"true\"><\/script>\n<\/div><\/figure>\n","protected":false},"excerpt":{"rendered":"<p>Il y a environ 2 000 ans, sur les rives de la Galil\u00e9e, J\u00e9sus a lanc\u00e9 une&hellip;<\/p>\n","protected":false},"author":1,"featured_media":8427,"comment_status":"closed","ping_status":"open","sticky":false,"template":"","format":"standard","meta":{"footnotes":""},"categories":[2,131],"tags":[],"class_list":["post-8426","post","type-post","status-publish","format-standard","has-post-thumbnail","hentry","category-informations","category-semaine-de-priere-mondiale"],"_links":{"self":[{"href":"https:\/\/restonsunis.com\/index.php\/wp-json\/wp\/v2\/posts\/8426","targetHints":{"allow":["GET"]}}],"collection":[{"href":"https:\/\/restonsunis.com\/index.php\/wp-json\/wp\/v2\/posts"}],"about":[{"href":"https:\/\/restonsunis.com\/index.php\/wp-json\/wp\/v2\/types\/post"}],"author":[{"embeddable":true,"href":"https:\/\/restonsunis.com\/index.php\/wp-json\/wp\/v2\/users\/1"}],"replies":[{"embeddable":true,"href":"https:\/\/restonsunis.com\/index.php\/wp-json\/wp\/v2\/comments?post=8426"}],"version-history":[{"count":2,"href":"https:\/\/restonsunis.com\/index.php\/wp-json\/wp\/v2\/posts\/8426\/revisions"}],"predecessor-version":[{"id":8464,"href":"https:\/\/restonsunis.com\/index.php\/wp-json\/wp\/v2\/posts\/8426\/revisions\/8464"}],"wp:featuredmedia":[{"embeddable":true,"href":"https:\/\/restonsunis.com\/index.php\/wp-json\/wp\/v2\/media\/8427"}],"wp:attachment":[{"href":"https:\/\/restonsunis.com\/index.php\/wp-json\/wp\/v2\/media?parent=8426"}],"wp:term":[{"taxonomy":"category","embeddable":true,"href":"https:\/\/restonsunis.com\/index.php\/wp-json\/wp\/v2\/categories?post=8426"},{"taxonomy":"post_tag","embeddable":true,"href":"https:\/\/restonsunis.com\/index.php\/wp-json\/wp\/v2\/tags?post=8426"}],"curies":[{"name":"wp","href":"https:\/\/api.w.org\/{rel}","templated":true}]}}