{"id":8467,"date":"2022-11-05T08:00:00","date_gmt":"2022-11-05T04:00:00","guid":{"rendered":"https:\/\/restonsunis.com\/?p=8467"},"modified":"2022-11-05T05:36:45","modified_gmt":"2022-11-05T01:36:45","slug":"programme-du-sabbat-5-novembre-2022","status":"publish","type":"post","link":"https:\/\/restonsunis.com\/index.php\/2022\/11\/05\/programme-du-sabbat-5-novembre-2022\/","title":{"rendered":"Programme du sabbat 5 novembre 2022"},"content":{"rendered":"\n<h2 class=\"has-text-align-center wp-block-heading\">Rapport missionnaire mondial<\/h2>\n\n\n\n<figure class=\"wp-block-embed is-type-video is-provider-youtube wp-block-embed-youtube wp-embed-aspect-16-9 wp-has-aspect-ratio\"><div class=\"wp-block-embed__wrapper\">\n<iframe loading=\"lazy\" title=\"Nourrir le corps et l\u2019\u00e2me\" width=\"770\" height=\"433\" src=\"https:\/\/www.youtube.com\/embed\/cUir0C_R1L0?feature=oembed\" frameborder=\"0\" allow=\"accelerometer; autoplay; clipboard-write; encrypted-media; gyroscope; picture-in-picture\" allowfullscreen><\/iframe>\n<\/div><\/figure>\n\n\n\n<h2 class=\"has-text-align-center wp-block-heading\">Pens\u00e9e du jour<\/h2>\n\n\n\n<figure class=\"wp-block-embed is-type-video is-provider-youtube wp-block-embed-youtube wp-embed-aspect-16-9 wp-has-aspect-ratio\"><div class=\"wp-block-embed__wrapper\">\n<iframe loading=\"lazy\" title=\"Pens\u00e9e du Jour | Garder confiance | #adventistffn\" width=\"770\" height=\"433\" src=\"https:\/\/www.youtube.com\/embed\/sxdl0bMYi7s?feature=oembed\" frameborder=\"0\" allow=\"accelerometer; autoplay; clipboard-write; encrypted-media; gyroscope; picture-in-picture\" allowfullscreen><\/iframe>\n<\/div><\/figure>\n\n\n\n<h2 class=\"has-text-align-center wp-block-heading\">Le\u00e7on EDS<\/h2>\n\n\n\n<h2 class=\"has-text-align-center wp-block-heading\">Emission &#8220;Autrement dit&#8221;<\/h2>\n\n\n\n<figure class=\"wp-block-embed is-type-video is-provider-youtube wp-block-embed-youtube wp-embed-aspect-16-9 wp-has-aspect-ratio\"><div class=\"wp-block-embed__wrapper\">\n<iframe loading=\"lazy\" title=\"AUTREMENT DIT   Il est mort pour nous 04 11 2022\" width=\"770\" height=\"433\" src=\"https:\/\/www.youtube.com\/embed\/1ZXQQ4ngQ-g?feature=oembed\" frameborder=\"0\" allow=\"accelerometer; autoplay; clipboard-write; encrypted-media; gyroscope; picture-in-picture\" allowfullscreen><\/iframe>\n<\/div><\/figure>\n\n\n\n<h2 class=\"has-text-align-center wp-block-heading\">Les cultes d&#8217;adoration<\/h2>\n\n\n\n<h3 class=\"has-text-align-center wp-block-heading\">Semaine de pri\u00e8re, Jour 1 : J&#8217;irai faire des disciples<\/h3>\n\n\n\n<figure class=\"wp-block-embed is-type-video is-provider-youtube wp-block-embed-youtube wp-embed-aspect-16-9 wp-has-aspect-ratio\"><div class=\"wp-block-embed__wrapper\">\n<iframe loading=\"lazy\" title=\"#1 J&#039;irai faire des disciples. [Semaine de pri\u00e8re mondiale 2022]\" width=\"770\" height=\"433\" src=\"https:\/\/www.youtube.com\/embed\/6EYsJotmqN8?feature=oembed\" frameborder=\"0\" allow=\"accelerometer; autoplay; clipboard-write; encrypted-media; gyroscope; picture-in-picture\" allowfullscreen><\/iframe>\n<\/div><\/figure>\n\n\n\n<h3 class=\"has-text-align-center wp-block-heading\">Le culte d&#8217;adoration pour les enfants (6-12 ans)<\/h3>\n\n\n\n<figure class=\"wp-block-embed is-type-video is-provider-youtube wp-block-embed-youtube wp-embed-aspect-16-9 wp-has-aspect-ratio\"><div class=\"wp-block-embed__wrapper\">\n<iframe loading=\"lazy\" title=\"#55 MA PETITE M\u00c8RE - [Culte enfants] Sabbat 29 mai 2021\" width=\"770\" height=\"433\" src=\"https:\/\/www.youtube.com\/embed\/UEu5urQK6RA?feature=oembed\" frameborder=\"0\" allow=\"accelerometer; autoplay; clipboard-write; encrypted-media; gyroscope; picture-in-picture\" allowfullscreen><\/iframe>\n<\/div><\/figure>\n\n\n\n<div class=\"wp-block-buttons is-horizontal is-content-justification-center is-layout-flex wp-container-core-buttons-is-layout-499968f5 wp-block-buttons-is-layout-flex\">\n<div class=\"wp-block-button\"><a class=\"wp-block-button__link has-luminous-vivid-amber-background-color has-background wp-element-button\" href=\"https:\/\/www.youtube.com\/c\/RestonsUnis\">Revoir les programmes pour les enfants sur notre chaine YouTube<\/a><\/div>\n<\/div>\n","protected":false},"excerpt":{"rendered":"<p>J\u00e9sus, s&#8217;\u00e9tant approch\u00e9, leur parla ainsi: Tout pouvoir m&#8217;a \u00e9t\u00e9 donn\u00e9 dans le ciel et sur la terre. 19Allez, faites de toutes les nations des disciples, les baptisant au nom du P\u00e8re, du Fils et du Saint-Esprit, 20et enseignez-leur \u00e0 observer tout ce que je vous ai prescrit. Et voici, je suis avec vous tous les jours, jusqu&#8217;\u00e0 la fin du monde. -Mt 28.18-20<\/p>\n","protected":false},"author":1,"featured_media":8007,"comment_status":"closed","ping_status":"open","sticky":false,"template":"","format":"standard","meta":{"footnotes":""},"categories":[26],"tags":[],"class_list":["post-8467","post","type-post","status-publish","format-standard","has-post-thumbnail","hentry","category-journee-de-sabbat"],"_links":{"self":[{"href":"https:\/\/restonsunis.com\/index.php\/wp-json\/wp\/v2\/posts\/8467","targetHints":{"allow":["GET"]}}],"collection":[{"href":"https:\/\/restonsunis.com\/index.php\/wp-json\/wp\/v2\/posts"}],"about":[{"href":"https:\/\/restonsunis.com\/index.php\/wp-json\/wp\/v2\/types\/post"}],"author":[{"embeddable":true,"href":"https:\/\/restonsunis.com\/index.php\/wp-json\/wp\/v2\/users\/1"}],"replies":[{"embeddable":true,"href":"https:\/\/restonsunis.com\/index.php\/wp-json\/wp\/v2\/comments?post=8467"}],"version-history":[{"count":1,"href":"https:\/\/restonsunis.com\/index.php\/wp-json\/wp\/v2\/posts\/8467\/revisions"}],"predecessor-version":[{"id":8468,"href":"https:\/\/restonsunis.com\/index.php\/wp-json\/wp\/v2\/posts\/8467\/revisions\/8468"}],"wp:featuredmedia":[{"embeddable":true,"href":"https:\/\/restonsunis.com\/index.php\/wp-json\/wp\/v2\/media\/8007"}],"wp:attachment":[{"href":"https:\/\/restonsunis.com\/index.php\/wp-json\/wp\/v2\/media?parent=8467"}],"wp:term":[{"taxonomy":"category","embeddable":true,"href":"https:\/\/restonsunis.com\/index.php\/wp-json\/wp\/v2\/categories?post=8467"},{"taxonomy":"post_tag","embeddable":true,"href":"https:\/\/restonsunis.com\/index.php\/wp-json\/wp\/v2\/tags?post=8467"}],"curies":[{"name":"wp","href":"https:\/\/api.w.org\/{rel}","templated":true}]}}